{"id":104806,"date":"2025-12-05T09:38:12","date_gmt":"2025-12-05T09:38:12","guid":{"rendered":"https:\/\/www.europesays.com\/no\/104806\/"},"modified":"2025-12-05T09:38:12","modified_gmt":"2025-12-05T09:38:12","slug":"internettrobbel-for-en-rekke-nettsider-og-it-tjenester","status":"publish","type":"post","link":"https:\/\/www.europesays.com\/no\/104806\/","title":{"rendered":"Internettr\u00f8bbel for en rekke nettsider og IT-tjenester"},"content":{"rendered":"\n<p class=\"_paragraph_o9xde_4 _paragraph_xtcu6_10 layout-component text-serif-m layout-normal text-serif-m layout-padded\">Skatteetaten, Altinn og Regjeringen.no var blant nettstedene som var nede for telling fredag formiddag.<\/p>\n<p class=\"_paragraph_o9xde_4 _paragraph_xtcu6_10 layout-component text-serif-m layout-normal text-serif-m layout-padded\">Klokken 10.15 er er de fleste nettsidene p\u00e5 vei opp igjen etter minutter med panikk.<\/p>\n<p class=\"_paragraph_o9xde_4 _paragraph_xtcu6_10 layout-component text-serif-m layout-normal text-serif-m layout-padded\">Dagbladet, som selv var nede, sender ut denne pushmeldingen klokken 10.13:<\/p>\n<p><img alt=\"\" class=\"_image_qp4xg_65 layout-component layout-normal\" data-fullscreen- data-track-element-type=\"Article image fullscreen\" data-track-name=\"ImageFullscreen\" decoding=\"async\" loading=\"lazy\" height=\"378\" itemprop=\"image\"  src=\"https:\/\/www.europesays.com\/no\/wp-content\/uploads\/2025\/12\/f7bd9193-b65e-4333-8e92-c73609e0d840\"  style=\"object-position:0% 0%\" width=\"1179\"\/><\/p>\n<p class=\"_paragraph_o9xde_4 _paragraph_xtcu6_10 layout-component text-serif-m layout-normal text-serif-m layout-padded\">Det er Digitaliseringsdirektoratet som har ansvaret for Altinn \u2013 den offentlige plattformen for en rekke digitale tjenester til innbyggere, n\u00e6ringsliv og offentlige virksomheter i Norge.<\/p>\n<p class=\"_paragraph_o9xde_4 _paragraph_xtcu6_10 layout-component text-serif-m layout-normal text-serif-m layout-padded\">\u2013 Vi er nede, men vi vet ikke \u00e5rsaken, og jobber med \u00e5 finne det ut, sier pressevakt P\u00e5l Unanue-Zahl til VG rundt klokken 10.<\/p>\n<p class=\"_paragraph_o9xde_4 _paragraph_xtcu6_10 layout-component text-serif-m layout-normal text-serif-m layout-padded\"><strong class=\"_strong_o9xde_25\">Problemene skal stamme fra oppdatering hos CloudflareCloudflareCloudflare er et internasjonalt selskap som brukes av nettsider over hele verden for \u00e5 kunne takle h\u00f8y trafikk og for beskyttelse mot angrep. .<\/strong><\/p>\n<p class=\"_paragraph_o9xde_4 _paragraph_xtcu6_10 layout-component text-serif-m layout-normal text-serif-m layout-padded\">IT-gigantens egne nettsider ser ut til \u00e5 fungere normalt igjen klokken 10.19.<\/p>\n<p class=\"_paragraph_o9xde_4 _paragraph_xtcu6_10 layout-component text-serif-m layout-normal text-serif-m layout-padded\">\u2013 Vi var nede i 25 minutter. Da var hele regjeringen.no og Norgesportalen som var utilgjengelig for publikum, sier Trond Herstad-Larsen, kommunikasjonssjef i Departementenes digitaliseringsorganisasjon (DIO) til VGVG&#8230;som for \u00f8vrig ikke var nede i l\u00f8pet av disse minuttene..<\/p>\n<p class=\"_paragraph_o9xde_4 _paragraph_xtcu6_10 layout-component text-serif-m layout-normal text-serif-m layout-padded\">\u2013 Vi har enn\u00e5 ikke funnet ut hva som skjedde, men det jobbes med \u00e5 finne feilen. Vi er i kontakt med v\u00e5r driftsleverand\u00f8r om saken, sier han.<\/p>\n<p class=\"_paragraph_o9xde_4 _paragraph_xtcu6_10 layout-component text-serif-m layout-normal text-serif-m layout-padded\">Selv skriver Cloudflare i en oppdatering at de har implementert en \u00abfix\u00bb og at de n\u00e5 overv\u00e5ker resultatene.<\/p>\n<p><img alt=\"En feilmelding dukker opp n\u00e5r man fors\u00f8ker \u00e5 g\u00e5 inn p\u00e5 flere store nettsider og nettaviser fredag formiddag.  Foto: Skjermdump\" class=\"_image_qp4xg_65 layout-component layout-normal\" data-fullscreen- data-track-element-type=\"Article image fullscreen\" data-track-name=\"ImageFullscreen\" decoding=\"async\" loading=\"lazy\" height=\"129\" itemprop=\"image\"  src=\"https:\/\/www.europesays.com\/no\/wp-content\/uploads\/2025\/12\/c669af41-cd77-45fb-8a4e-74489fa34507\"  style=\"object-position:0% 0%\" width=\"409\"\/>En feilmelding dukker opp n\u00e5r man fors\u00f8ker \u00e5 g\u00e5 inn p\u00e5 flere store nettsider og nettaviser fredag formiddag.  Foto: Skjermdump<\/p>\n<p class=\"_paragraph_o9xde_4 _paragraph_xtcu6_10 layout-component text-serif-m layout-normal text-serif-m layout-padded\">\u2013 Vi er kjent med at nettsidene er nede, og f\u00f8lger situasjonen n\u00f8ye, sier pressevakt Mari Ler Dal ved Nasjonal sikkerhetsmyndighet (NSM)Nasjonal sikkerhetsmyndighet (NSM)En norsk statlig etat som har ansvar for \u00e5 beskytte nasjonal sikkerhet, inkludert cybersikkerhet..<\/p>\n<p class=\"_paragraph_o9xde_4 _paragraph_xtcu6_10 layout-component text-serif-m layout-normal text-serif-m layout-padded\">Cloudflare er et internasjonalt selskap som brukes av nettsider over hele verden for \u00e5 kunne takle h\u00f8y trafikk og for beskyttelse mot angrep. <\/p>\n<p class=\"_paragraph_o9xde_4 _paragraph_xtcu6_10 layout-component text-serif-m layout-normal text-serif-m layout-padded\"><strong class=\"_strong_o9xde_25\">De lager alts\u00e5 infrastrukturen som millioner av nettsider bruker. <\/strong><\/p>\n<p class=\"_paragraph_o9xde_4 _paragraph_xtcu6_10 layout-component text-serif-m layout-normal text-serif-m layout-padded\">P\u00e5 verdensbasis bruker rundt 25,2 prosent av alle nettsteder Cloudfare sin webserver.<\/p>\n<p class=\"_paragraph_o9xde_4 _paragraph_xtcu6_10 layout-component text-serif-m layout-normal text-serif-m layout-padded\">Til og med Downdetector, som overv\u00e5ker nettsider som er nede, var nede.<\/p>\n<p class=\"_paragraph_o9xde_4 _paragraph_xtcu6_10 layout-component text-serif-m layout-normal text-serif-m layout-padded\">Ogs\u00e5 USAs president Donald Trumps egne sosiale medium, Truth Social, var rammet av feilen.<\/p>\n<p class=\"_paragraph_o9xde_4 _paragraph_xtcu6_10 layout-component text-serif-m layout-normal text-serif-m layout-padded\"><strong class=\"_strong_o9xde_25\">Dette er andre gang i l\u00f8pet av f\u00e5 uker at Cloudfare har problemer med tjenestene sine. <\/strong><\/p>\n<p class=\"_paragraph_o9xde_4 _paragraph_xtcu6_10 layout-component text-serif-m layout-normal text-serif-m layout-padded\">Den gang f\u00f8rte det til datatr\u00f8bbel verden over, hvor blant annet X, Ikea og Spotify ble hardt rammet.<\/p>\n<p><img alt=\"Hovedkontoret til Cloudflare i San Francisco.  Foto: Eric Risberg \/ AP \/ NTB\" class=\"_image_qp4xg_65 layout-component layout-normal\" data-fullscreen- data-track-element-type=\"Article image fullscreen\" data-track-name=\"ImageFullscreen\" decoding=\"async\" loading=\"lazy\" height=\"3767\" itemprop=\"image\"  src=\"https:\/\/www.europesays.com\/no\/wp-content\/uploads\/2025\/12\/7933ed90-0a9b-4b59-9571-2b8491dbff78\"  style=\"object-position:0% 0%\" width=\"5649\"\/>Hovedkontoret til Cloudflare i San Francisco.  Foto: Eric Risberg \/ AP \/ NTB    <img decoding=\"async\" alt=\"Tips oss illustrasjon\" src=\"https:\/\/www.europesays.com\/no\/wp-content\/uploads\/2025\/10\/pssst-small.webp.webp\"\/>    <\/p>\n<p class=\"title-serif-s\">Har du tips?<\/p>\n<p class=\"text-sans-m\">Send oss informasjon, bilder eller video.<\/p>\n<p>  <a href=\"https:\/\/www.vg.no\/tips-oss\" rel=\"nofollow noopener\" target=\"_blank\"> Tips oss <\/a>      <\/p>\n","protected":false},"excerpt":{"rendered":"Skatteetaten, Altinn og Regjeringen.no var blant nettstedene som var nede for telling fredag formiddag. Klokken 10.15 er er&hellip;\n","protected":false},"author":2,"featured_media":104807,"comment_status":"","ping_status":"","sticky":false,"template":"","format":"standard","meta":{"footnotes":""},"categories":[5],"tags":[31,20,21,24,25,15,19,22,23,17,18,13,30,28,29,14,16,26,27],"class_list":{"0":"post-104806","1":"post","2":"type-post","3":"status-publish","4":"format-standard","5":"has-post-thumbnail","7":"category-overskrifter","8":"tag-breaking","9":"tag-breaking-news","10":"tag-breakingnews","11":"tag-featured-news","12":"tag-featurednews","13":"tag-headlines","14":"tag-hovedoppslag","15":"tag-latest-news","16":"tag-latestnews","17":"tag-main-news","18":"tag-mainnews","19":"tag-news","20":"tag-no","21":"tag-norge","22":"tag-norway","23":"tag-nyheter","24":"tag-overskrifter","25":"tag-top-stories","26":"tag-topstories"},"share_on_mastodon":{"url":"https:\/\/pubeurope.com\/@no\/115666295653572908","error":""},"_links":{"self":[{"href":"https:\/\/www.europesays.com\/no\/wp-json\/wp\/v2\/posts\/104806","targetHints":{"allow":["GET"]}}],"collection":[{"href":"https:\/\/www.europesays.com\/no\/wp-json\/wp\/v2\/posts"}],"about":[{"href":"https:\/\/www.europesays.com\/no\/wp-json\/wp\/v2\/types\/post"}],"author":[{"embeddable":true,"href":"https:\/\/www.europesays.com\/no\/wp-json\/wp\/v2\/users\/2"}],"replies":[{"embeddable":true,"href":"https:\/\/www.europesays.com\/no\/wp-json\/wp\/v2\/comments?post=104806"}],"version-history":[{"count":0,"href":"https:\/\/www.europesays.com\/no\/wp-json\/wp\/v2\/posts\/104806\/revisions"}],"wp:featuredmedia":[{"embeddable":true,"href":"https:\/\/www.europesays.com\/no\/wp-json\/wp\/v2\/media\/104807"}],"wp:attachment":[{"href":"https:\/\/www.europesays.com\/no\/wp-json\/wp\/v2\/media?parent=104806"}],"wp:term":[{"taxonomy":"category","embeddable":true,"href":"https:\/\/www.europesays.com\/no\/wp-json\/wp\/v2\/categories?post=104806"},{"taxonomy":"post_tag","embeddable":true,"href":"https:\/\/www.europesays.com\/no\/wp-json\/wp\/v2\/tags?post=104806"}],"curies":[{"name":"wp","href":"https:\/\/api.w.org\/{rel}","templated":true}]}}