{"id":104808,"date":"2025-12-05T09:40:19","date_gmt":"2025-12-05T09:40:19","guid":{"rendered":"https:\/\/www.europesays.com\/no\/104808\/"},"modified":"2025-12-05T09:40:19","modified_gmt":"2025-12-05T09:40:19","slug":"roper-ny-jobb-tenkte-at-det-var-snalt","status":"publish","type":"post","link":"https:\/\/www.europesays.com\/no\/104808\/","title":{"rendered":"R\u00f8per ny jobb: &#8211; Tenkte at det var sn\u00e5lt"},"content":{"rendered":"<p>Tidligere i h\u00f8st kom nyheten om at den ikoniske musikalen \u00abChicago\u00bb <a href=\"https:\/\/www.tv2.no\/underholdning\/disse-spiller-hovedrollene-i-chicago-musikalen\/18304381\/\" rel=\"nofollow noopener\" target=\"_blank\">kommer tilbake til Oslo neste \u00e5r.\u00a0<\/a><\/p>\n<p> <a href=\"https:\/\/www.tv2.no\/underholdning\/disse-spiller-hovedrollene-i-chicago-musikalen\/18304381\/\" rel=\"nofollow noopener\" target=\"_blank\">Silya Nymoen (47) og Heidi Ruud Ellingsen (40) <\/a>er blant dem som skal bringe 1920-tallets Chicago, med jazz, glamour og mord, til livet p\u00e5 den norske musikalscenen.<\/p>\n<p>I den mannlige hovedrollen som den suksessfulle forsvarsadvokaten Billy Flynn, gj\u00f8r Jarle Bernhoft sin musikal-debut.<\/p>\n<p>Derfor takket han ja<\/p>\n<p>Du er kanskje vant til \u00e5 se Bernhoft p\u00e5 konsertscenen, hvor han fremf\u00f8rer hits som \u00abLookalike\u00bb eller \u00abFalter\u00bb. Kanskje kjenner du ham best igjen som mentor p\u00e5 \u00abThe Voice\u00bb eller fra sin deltakelse i \u00abHver gang vi m\u00f8tes\u00bb.<\/p>\n<p>        <img class=\"image__img lazyload\" itemprop=\"image\" title=\"Foto: Marie Grensbraten Lorvik \/ TV 2\" alt=\"MENTOR: Jarle Bernhoft var lenge blant mentorene i \u00abThe Voice\u00bb. Foto: Marie Grensbraten Lorvik \/ TV 2\" width=\"675\" height=\"432\" bad-src=\"https:\/\/www.europesays.com\/no\/wp-content\/uploads\/2025\/12\/18340879.webp\" fetchpriority=\"auto\" \/><\/p>\n<p>      MENTOR: Jarle Bernhoft var lenge blant mentorene i \u00abThe Voice\u00bb.<br \/>\n         Foto: Marie Grensbraten Lorvik \/ TV 2<\/p>\n<p>Neste \u00e5r blir han ogs\u00e5 \u00e5 se som musikalstjerne.<\/p>\n<p>Bernhoft har akkurat skiftet ut av Billy Flynn-kostymet etter en runde med fotografering, f\u00f8r han m\u00f8ter TV 2 p\u00e5 Chateau Neufs scene.<\/p>\n<p>I en avslappet gr\u00e5 genser og de karakteristiske store brillene, hilser artisten f\u00f8r han tar inn rommet han skal bruke mye tid i fremover.<\/p>\n<p>        <img class=\"image__img lazyload\" itemprop=\"image\" title=\"Foto: Ingvill Sunnby \/ TV 2\" alt=\"BILLY FLYNN: Jarle Bernhoft studerer scenen, hvor han skal spille Billy Flynn i neste \u00e5rs \u00abChicago\u00bb. Foto: Ingvill Sunnby \/ TV 2\" width=\"675\" height=\"453\" bad-src=\"https:\/\/www.europesays.com\/no\/wp-content\/uploads\/2025\/12\/18333598.webp\" fetchpriority=\"auto\" \/><\/p>\n<p>      BILLY FLYNN: Jarle Bernhoft studerer scenen, hvor han skal spille Billy Flynn i neste \u00e5rs \u00abChicago\u00bb.<br \/>\n         Foto: Ingvill Sunnby \/ TV 2<\/p>\n<p>\u2013\u00a0Det er et ganske kult rom!, sier artisten, og speider utover salen og de tomme setene.<\/p>\n<p>\u00c5 synge p\u00e5 en scene kan nok en suksessartist som Bernhoft gj\u00f8re i blinde. N\u00e5 blir han derimot den nye gutten i klassen n\u00e5r koreografi skal l\u00e6res, manus skal pugges og artisten forvandles til en selvsikker forsvarsadvokat.<\/p>\n<p>        <img class=\"image__img lazyload\" itemprop=\"image\" title=\"Foto: Ingvill Sunnby \/ TV 2\" alt=\"TOM SAL: Neste \u00e5r fylles salen med et spent \u00abChicago\u00bb-publikum. Foto: Ingvill Sunnby \/ TV 2\" width=\"675\" height=\"453\" bad-src=\"https:\/\/www.europesays.com\/no\/wp-content\/uploads\/2025\/12\/18333604.webp\" fetchpriority=\"auto\" \/><\/p>\n<p>      TOM SAL: Neste \u00e5r fylles salen med et spent \u00abChicago\u00bb-publikum.<br \/>\n         Foto: Ingvill Sunnby \/ TV 2<\/p>\n<p>\u2013\u00a0Jeg har litt erfaring med \u00e5 gj\u00f8re ting jeg ikke kan. Jeg tror jeg skal klare det. Men det er klart det blir ekstra nerver n\u00e5r jeg ikke er vant til det, innr\u00f8mmer den kommende Billy Flynn.<\/p>\n<p>Til tross for b\u00e5de nerver og et under gjennomsnittet engasjement for musikaler, trengte ikke Bernhoft betenkningstid da telefonen ringte med tilbudet om hans f\u00f8rste musikalrolle.<\/p>\n<p> \u2013 Jeg gikk litt inn i det, s\u00e5 filmen, h\u00f8rte p\u00e5 musikken og tenkte at \u00abdette er s\u00e5 sn\u00e5lt\u00bb. Det har ingen tangeringspunkter med hva jeg driver med. Ergo, selvf\u00f8lgelig skal man gj\u00f8re det!<\/p>\n<p>\u2013 Musikal er en sjanger jeg egentlig har et ganske negativt forhold til. Jeg har konsekvent takket nei til de tilbudene jeg har f\u00e5tt, for jeg liker ikke sjangeren, innr\u00f8mmer han.<\/p>\n<p>        <img class=\"image__img lazyload\" itemprop=\"image\" title=\"Foto: Ingvill Sunnby \/ TV 2\" alt=\"EN ANNEN SCENE: Musikalscenen er ny for Jarle Bernhoft, som har mer erfaring fra konsertscenen. Foto: Ingvill Sunnby \/ TV 2\" width=\"675\" height=\"453\" bad-src=\"https:\/\/www.europesays.com\/no\/wp-content\/uploads\/2025\/12\/18340818.webp\" fetchpriority=\"auto\" \/><\/p>\n<p>      EN ANNEN SCENE: Musikalscenen er ny for Jarle Bernhoft, som har mer erfaring fra konsertscenen.<br \/>\n         Foto: Ingvill Sunnby \/ TV 2<\/p>\n<p>\u2013 Det skal synges p\u00e5 norsk ogs\u00e5, noe som jeg har skydd som pesten. Men det er noen ting som det skal takkes ja til og som man skal v\u00e6re glad for muligheten til. S\u00e5nn var det n\u00e5.\u00a0<\/p>\n<p class=\"italic m-italic\" data-lab-italic=\"italic\">\u2013 Hvorfor n\u00e5?<\/p>\n<p>\u2013 Det handler om tidspunkt og en modenhet i meg selv. S\u00e5 handler det nok f\u00f8rst og fremst om folka som er med. At de som er involvert er folk jeg har enorm respekt for og liker veldig godt. Det er kanskje noe av det viktigste, \u00e5 trives p\u00e5 jobb. Det er viktigere enn noe annet, understreker Chateau Neufs Billy.<\/p>\n<p>Musikalens handling utspiller seg p\u00e5 1920-tallets USA, og ble fremf\u00f8rt for f\u00f8rste gang i 1975. Siden har musikalen blitt filmatisert med blant annet Ren\u00e9e Zellweger (56) og Richard Gere (76). I 2025 str\u00f8mmer publikum fremdeles til billettlukene.\u00a0<\/p>\n<p class=\"italic m-italic\" data-lab-italic=\"italic\">\u2013 Hvorfor det, tror du? Kan man dra noen paralleller til tiden vi er i n\u00e5?<\/p>\n<p>\u2013\u00a0Det tror jeg nok. Det handler ogs\u00e5 om hvordan penger og makt p\u00e5virker et rettssystem. Det er ganske mange paralleller til om ikke Norge, men verdenssituasjonen som man kommer veldig tett p\u00e5.\u00a0<\/p>\n<p>        <img class=\"image__img lazyload\" itemprop=\"image\" title=\"Foto: Ingvill Sunnby \/ TV 2\" alt=\"HOPPER ETTER GERE: Jarle Bernhoft skal gi liv til karakteren Billy Flynn, som tidligere har blitt spilt av blant andre Richard Gere. Foto: Ingvill Sunnby \/ TV 2\" width=\"978\" height=\"551\" bad-src=\"https:\/\/www.europesays.com\/no\/wp-content\/uploads\/2025\/12\/18340820.webp\" fetchpriority=\"auto\" \/><\/p>\n<p>      HOPPER ETTER GERE: Jarle Bernhoft skal gi liv til karakteren Billy Flynn, som tidligere har blitt spilt av blant andre Richard Gere.<br \/>\n         Foto: Ingvill Sunnby \/ TV 2<\/p>\n<p>\u2013 \u00abHan er ikke noe danser\u00bb<\/p>\n<p>For tiden er manuset fremdeles under arbeid, men Bernhoft vet at det er flere utfordringer i m\u00f8te b\u00e5de profesjonelt og p\u00e5 hjemmebane. En musikaloppsetning vil spise mye av stjernas fritid som skal romme tid med kona Lisa og deres to s\u00f8nner.<\/p>\n<p>\u2013\u00a0Jeg bruker tiden mens barna mine er p\u00e5 skolen. Den bruker jeg intensivt, og rydder det unna p\u00e5 kvelden. Men jobb og fritid bl\u00f8r inn i hverandre, og det er vanskelig \u00e5 skille. Men jeg liker jobben min s\u00e5pass godt at jeg ikke har noe imot at det har blitt s\u00e5nn. Det er utfordrende. Men et fint liv. <\/p>\n<p class=\"bold m-bold\" data-lab-font_weight=\"bold\">Kanskje er det s\u00e6rlig \u00e9n ting som vil kreve mye tid f\u00f8r premiere.<\/p>\n<p> \u2013\u00a0Det jeg har minst selvtillit p\u00e5 er koreografert dans, men jeg har gjort det i en musikkvideo! Det er g\u00f8y, men jeg kan se p\u00e5 det i ettertid og tenke: \u00abHan er ikke noe danser, han der\u00bb. Alt som er nytt og upr\u00f8vd, det synes jeg er veldig tiltrekkende. <\/p>\n<p>        <img class=\"image__img lazyload\" itemprop=\"image\" title=\"Foto: Ingvill Sunnby \/ TV 2\" alt=\"DANS: Artisten tror dans blir det mest utfordrende. Foto: Ingvill Sunnby \/ TV 2\" width=\"675\" height=\"453\" bad-src=\"https:\/\/www.europesays.com\/no\/wp-content\/uploads\/2025\/12\/18340826.webp\" fetchpriority=\"auto\" \/><\/p>\n<p>      DANS: Artisten tror dans blir det mest utfordrende.<br \/>\n         Foto: Ingvill Sunnby \/ TV 2<\/p>\n<p class=\"italic m-italic\" data-lab-italic=\"italic\">\u2013 Hva ville du sagt til en yngre versjon av deg selv, som var usikker p\u00e5 det \u00e5 pr\u00f8ve noe nytt?<\/p>\n<p>\u2013 Det samme som jeg sier til den yngre meg hele tiden: \u00abSlapp av. Det kommer til \u00e5 ordne seg, ikke stress s\u00e5 f\u00e6lt\u00bb. Jeg har aldri v\u00e6rt veldig opptatt av \u00e5 si nei til ting for \u00e5 si nei til ting. Det m\u00e5 kjennes riktig, og hvis det kjennes feil, styr unna.\u00a0<\/p>\n<p>\u2013\u00a0Jeg har stort sett styrt mot det jeg elsker \u00e5 gj\u00f8re, og ikke styrt fra det jeg ikke liker. N\u00e5 kjente jeg at dette var noe jeg hadde veldig lyst til \u00e5 v\u00e6re med p\u00e5.<\/p>\n<p>\u2013 V\u00e6rt et par smeller<\/p>\n<p>Bernhoft virker usedvanlig rolig for noen som skal fremf\u00f8re en av tidenes mest popul\u00e6re musikaler, uten noe som helst erfaring.<\/p>\n<p data-lab-font_weight=\"\">\u00a0\u2013 Jeg tror det er det jeg mener med at tiden er inne og at n\u00e5 passer det bra. Jeg er trygg p\u00e5 at jeg ikke bryr meg om det hvis noen mener at det jeg gj\u00f8r i denne rollen tar noe av glansen fra det jeg holder p\u00e5 med som artist, forklarer han, og fortsetter:<\/p>\n<p>        <img class=\"image__img lazyload\" itemprop=\"image\" title=\"Foto: Ingvill Sunnby \/ TV 2\" alt=\"EN ANNEN FYR: Bernhoft beskriver seg som en helt annen fyr enn bare for noen f\u00e5 \u00e5r siden. Foto: Ingvill Sunnby \/ TV 2\" width=\"675\" height=\"453\" bad-src=\"https:\/\/www.europesays.com\/no\/wp-content\/uploads\/2025\/12\/18340833.webp\" fetchpriority=\"auto\" \/><\/p>\n<p>      EN ANNEN FYR: Bernhoft beskriver seg som en helt annen fyr enn bare for noen f\u00e5 \u00e5r siden.<br \/>\n         Foto: Ingvill Sunnby \/ TV 2<\/p>\n<p data-lab-font_weight=\"\">\u2013\u00a0Jeg kjenner at det er der roen ligger. Jeg st\u00e5r fritt til \u00e5 gj\u00f8re hva jeg vil, og jeg vet at det jeg vil ikke er straffbart! Det er den tankegangen jeg har, og da g\u00e5r det som regel fint.<\/p>\n<p data-lab-font_weight=\"\" class=\"italic m-italic\" data-lab-italic=\"italic\">\u2013 Har du alltid hatt den tankegangen?<\/p>\n<p data-lab-font_weight=\"\">\u2013\u00a0Jeg er nok en annen fyr enn det jeg var for bare noen \u00e5r siden. Det er en trygghet som jeg har funnet. Jeg har jobbet litt med meg selv. Det var ikke bare bare \u00e5 v\u00e6re artist under pandemien, det har v\u00e6rt et par smeller. Men det er jeg glad for, for det er ikke andre valg enn \u00e5 sentrere seg i selg selv og st\u00e5 trygt i det man gj\u00f8r, s\u00e5 f\u00e5r folk tenke det de tenker.<\/p>\n<p data-lab-font_weight=\"bold\" class=\"bold m-bold\">\u2013\u00a0Jeg elsker \u00e5 gj\u00f8re crazy ting. \u00abChicago\u00bb er s\u00e5 rart, jeg klarer ikke \u00e5 st\u00e5 imot det.\u00a0<\/p>\n","protected":false},"excerpt":{"rendered":"Tidligere i h\u00f8st kom nyheten om at den ikoniske musikalen \u00abChicago\u00bb kommer tilbake til Oslo neste \u00e5r.\u00a0 Silya&hellip;\n","protected":false},"author":2,"featured_media":104809,"comment_status":"","ping_status":"","sticky":false,"template":"","format":"standard","meta":{"footnotes":""},"categories":[58],"tags":[71,30,28,29,72],"class_list":{"0":"post-104808","1":"post","2":"type-post","3":"status-publish","4":"format-standard","5":"has-post-thumbnail","7":"category-underholdning","8":"tag-entertainment","9":"tag-no","10":"tag-norge","11":"tag-norway","12":"tag-underholdning"},"share_on_mastodon":{"url":"https:\/\/pubeurope.com\/@no\/115666303216183216","error":""},"_links":{"self":[{"href":"https:\/\/www.europesays.com\/no\/wp-json\/wp\/v2\/posts\/104808","targetHints":{"allow":["GET"]}}],"collection":[{"href":"https:\/\/www.europesays.com\/no\/wp-json\/wp\/v2\/posts"}],"about":[{"href":"https:\/\/www.europesays.com\/no\/wp-json\/wp\/v2\/types\/post"}],"author":[{"embeddable":true,"href":"https:\/\/www.europesays.com\/no\/wp-json\/wp\/v2\/users\/2"}],"replies":[{"embeddable":true,"href":"https:\/\/www.europesays.com\/no\/wp-json\/wp\/v2\/comments?post=104808"}],"version-history":[{"count":0,"href":"https:\/\/www.europesays.com\/no\/wp-json\/wp\/v2\/posts\/104808\/revisions"}],"wp:featuredmedia":[{"embeddable":true,"href":"https:\/\/www.europesays.com\/no\/wp-json\/wp\/v2\/media\/104809"}],"wp:attachment":[{"href":"https:\/\/www.europesays.com\/no\/wp-json\/wp\/v2\/media?parent=104808"}],"wp:term":[{"taxonomy":"category","embeddable":true,"href":"https:\/\/www.europesays.com\/no\/wp-json\/wp\/v2\/categories?post=104808"},{"taxonomy":"post_tag","embeddable":true,"href":"https:\/\/www.europesays.com\/no\/wp-json\/wp\/v2\/tags?post=104808"}],"curies":[{"name":"wp","href":"https:\/\/api.w.org\/{rel}","templated":true}]}}