{"id":104812,"date":"2025-12-05T09:47:13","date_gmt":"2025-12-05T09:47:13","guid":{"rendered":"https:\/\/www.europesays.com\/no\/104812\/"},"modified":"2025-12-05T09:47:13","modified_gmt":"2025-12-05T09:47:13","slug":"seksuell-trakassering-politiet-politikvinne-fikk-sparken-etter-tafsing-pa-kolleger","status":"publish","type":"post","link":"https:\/\/www.europesays.com\/no\/104812\/","title":{"rendered":"Seksuell trakassering, Politiet | Politikvinne fikk sparken etter tafsing p\u00e5 kolleger"},"content":{"rendered":"\n<p>Avskjedigelsen av politikvinnen Pamela Pritchard (29) inneholder alt du ikke skal gj\u00f8re p\u00e5 julebordet.<\/p>\n<p>F\u00f8rst bef\u00f8lte hun en mannlig kollega mellom bena to ganger. Deretter satte hun seg p\u00e5 fangen hans og kysset ham.<\/p>\n<p>Under en livlig runde p\u00e5 dansegulvet, der Pritchard skal ha underholdt med en runde rumperisting, kl\u00e5dde hun en kvinnelig kollega p\u00e5 brystene.<\/p>\n<p>Senere p\u00e5 kvelden fors\u00f8kte hun ogs\u00e5 \u00e5 kysse en overordnet.<\/p>\n<p><b>Les ogs\u00e5: <a rel=\"Follow nofollow noopener\" href=\"https:\/\/www.nettavisen.no\/norsk-debatt\/unnga-disse-julebordtabbene-burde-gjores-i-hemmelighet-pa-toalettet\/o\/5-95-2170033\" target=\"_blank\">Unng\u00e5 disse julebordtabbene<\/a><\/b><\/p>\n<p>Sjokkert av seg selv<\/p>\n<p>Hendelsen skjedde i mars 2024 p\u00e5 det som blir omtalt som en fyllefest for politiet i Nord-Wales, skriver <a rel=\"Follow nofollow noopener\" href=\"https:\/\/www.bbc.com\/news\/articles\/cyvgmlm75gyo\" target=\"_blank\">BBC<\/a>. 29-\u00e5ringen var nyutdannet og startet i politiet i 2023.<\/p>\n<p>Nylig ble det holdt en h\u00f8ring der sp\u00f8rsm\u00e5let var om Pritchard hadde oppf\u00f8rt seg d\u00e5rlig og hvilke konsekvenser dette eventuelt skulle f\u00e5.<\/p>\n<p><b>Kommentar: <a rel=\"Follow nofollow noopener\" href=\"https:\/\/www.nettavisen.no\/norsk-debatt\/18-000-ansatte-i-kommunen-far-ikke-ha-julebord-med-alkohol\/o\/5-95-2760889\" target=\"_blank\">Osloskolen har innf\u00f8rt alkoholforbud for 18.000 ansatte<\/a><\/b><\/p>\n<p>\u2013 Oppf\u00f8rselen min den kvelden var upassende. Jeg har aldri oppf\u00f8rt meg slik f\u00f8r. Jeg er fullstendig forferdet over det som har skjedd. Jeg kjenner ikke igjen personen jeg ser p\u00e5 overv\u00e5kingskameraet. Alt jeg kan gj\u00f8re er \u00e5 beklage, sa Pritchard under h\u00f8ringen.<\/p>\n<p>En gr\u00e5tende Pritchard sa at hun hadde sviktet politiet og sin familie. Hun mente likevel ikke at overtrampene var s\u00e5 grove at hun skulle miste jobben.<\/p>\n<p>\u2013 Ydmyket<\/p>\n<p>Under h\u00f8ringen fortalte den ene kollegaen at han og en annen kollega hadde sittet ved baren, da Pritchard kom bort og helt uten foranledning bef\u00f8lte hans kj\u00f8nnsorgan utenp\u00e5 buksen. Mannen sa at han f\u00f8lte seg ydmyket og at Pritchards oppf\u00f8rsel p\u00e5 ingen m\u00e5te var passende. Han fortalte at andre gang hun gjorde det, s\u00e5 hadde hun ogs\u00e5 klemt til.<\/p>\n<p>   <img decoding=\"async\" width=\"1536\" height=\"864\" fetchpriority=\"low\"  loading=\"lazy\"  src=\"https:\/\/www.europesays.com\/no\/wp-content\/uploads\/2025\/12\/bdb1a620-d115-11f0-ab13-adb9c125df74.jpg\" alt=\"\" class=\"brick-c-cFOWSL\" style=\"--brick-image-ratio: 1536 \/ 864;\"\/><\/p>\n<p>      \u2013 SJOKKERT: Pritchard sier hun er sjokkert over egen oppf\u00f8rsel.<br \/>\n      Foto: Facebook\n    <\/p>\n<p>Politimannen som senere ble fors\u00f8kt kysset, fortalte at Pritchard hadde tatt armene sine rundt halsen hans da hun fors\u00f8kte \u00e5 kysse ham. Kvinnen fortalte hvordan Pritchard hadde kommet p\u00e5 henne bakfra, tatt armene rundt henne og klemt hennes bryster.<\/p>\n<p>\u2013 Hun har med rette blitt avskjediget, noe som setter punktum for hennes sv\u00e6rt korte karriere hos oss og hindrer henne i \u00e5 tjenestegj\u00f8re i noe annet britisk politidistrikt, sa visepolitimester Nigel Harrison i Nord-Wales i en kommentar til saken.<\/p>\n<p>    Vil du se neste video?<\/p>\n<p>    <a href=\"https:\/\/www.nettavisen.no\/fredrik-solvang\/jonas-gahr-store\/debatten\/fredrik-solvang-himler-av-jonas-gahr-store-men-i-alle\/v\/5-95-2751917\" class=\"recommend-poster\" data-adp-clicklabel=\"video-recommend\" data-adp-clickvalue=\"poster\" rel=\"nofollow noopener\" target=\"_blank\"><br \/>\n      <img decoding=\"async\" width=\"200\" height=\"200\" loading=\"lazy\" src=\"https:\/\/www.europesays.com\/no\/wp-content\/uploads\/2025\/11\/Solvang+bredde.jpg\" alt=\"\" class=\"brick-c-cFOWSL\" style=\"--brick-image-ratio: 200 \/ 200;\"\/><\/p>\n<p>Himler av St\u00f8re: \u2013 Men i alle\u20261:06<\/p>\n<p>    <\/a><\/p>\n<p>        (Romerikes Blad): Prisforskjellen vekker oppsikt: \u2013 Det er ganske utrolig.<\/p>\n","protected":false},"excerpt":{"rendered":"Avskjedigelsen av politikvinnen Pamela Pritchard (29) inneholder alt du ikke skal gj\u00f8re p\u00e5 julebordet. F\u00f8rst bef\u00f8lte hun en&hellip;\n","protected":false},"author":2,"featured_media":104813,"comment_status":"","ping_status":"","sticky":false,"template":"","format":"standard","meta":{"footnotes":""},"categories":[12],"tags":[20,21,24,25,15,22,23,13,30,28,29,14,16,26,27,42,43,44,45],"class_list":{"0":"post-104812","1":"post","2":"type-post","3":"status-publish","4":"format-standard","5":"has-post-thumbnail","7":"category-verden","8":"tag-breaking-news","9":"tag-breakingnews","10":"tag-featured-news","11":"tag-featurednews","12":"tag-headlines","13":"tag-latest-news","14":"tag-latestnews","15":"tag-news","16":"tag-no","17":"tag-norge","18":"tag-norway","19":"tag-nyheter","20":"tag-overskrifter","21":"tag-top-stories","22":"tag-topstories","23":"tag-verden","24":"tag-world","25":"tag-world-news","26":"tag-worldnews"},"share_on_mastodon":{"url":"https:\/\/pubeurope.com\/@no\/115666331030915570","error":""},"_links":{"self":[{"href":"https:\/\/www.europesays.com\/no\/wp-json\/wp\/v2\/posts\/104812","targetHints":{"allow":["GET"]}}],"collection":[{"href":"https:\/\/www.europesays.com\/no\/wp-json\/wp\/v2\/posts"}],"about":[{"href":"https:\/\/www.europesays.com\/no\/wp-json\/wp\/v2\/types\/post"}],"author":[{"embeddable":true,"href":"https:\/\/www.europesays.com\/no\/wp-json\/wp\/v2\/users\/2"}],"replies":[{"embeddable":true,"href":"https:\/\/www.europesays.com\/no\/wp-json\/wp\/v2\/comments?post=104812"}],"version-history":[{"count":0,"href":"https:\/\/www.europesays.com\/no\/wp-json\/wp\/v2\/posts\/104812\/revisions"}],"wp:featuredmedia":[{"embeddable":true,"href":"https:\/\/www.europesays.com\/no\/wp-json\/wp\/v2\/media\/104813"}],"wp:attachment":[{"href":"https:\/\/www.europesays.com\/no\/wp-json\/wp\/v2\/media?parent=104812"}],"wp:term":[{"taxonomy":"category","embeddable":true,"href":"https:\/\/www.europesays.com\/no\/wp-json\/wp\/v2\/categories?post=104812"},{"taxonomy":"post_tag","embeddable":true,"href":"https:\/\/www.europesays.com\/no\/wp-json\/wp\/v2\/tags?post=104812"}],"curies":[{"name":"wp","href":"https:\/\/api.w.org\/{rel}","templated":true}]}}