{"id":104816,"date":"2025-12-05T09:49:09","date_gmt":"2025-12-05T09:49:09","guid":{"rendered":"https:\/\/www.europesays.com\/no\/104816\/"},"modified":"2025-12-05T09:49:09","modified_gmt":"2025-12-05T09:49:09","slug":"regjeringen-kjoper-ubater-og-langtrekkende-missiler","status":"publish","type":"post","link":"https:\/\/www.europesays.com\/no\/104816\/","title":{"rendered":"Regjeringen kj\u00f8per ub\u00e5ter og langtrekkende missiler"},"content":{"rendered":"\n<p class=\"_lead_o9xde_2 _lead_xtcu6_50 layout-component text-serif-m layout-normal text-serif-l layout-component layout-wide layout-padded _wide_17hqh_1 layout-padded\">Regjeringen vil kj\u00f8pe to tyskproduserte ub\u00e5ter, utover de fire som allerede er bestilt. <\/p>\n<p><img alt=\"UB\u00c5TKJ\u00d8P: Tidligere forsvarsminister Bj\u00f8rn Arild Gram (Sp) og hans tyske kollega Boris Pistorius markerte starten av ub\u00e5tproduksjonen i september 2023. Foto: DPA,Marcus Brandt \/ NTB\" class=\"_image_qp4xg_65 layout-component layout-wide\" data-fullscreen- data-track-element-type=\"Article image fullscreen\" data-track-name=\"ImageFullscreen\" fetchpriority=\"high\" decoding=\"sync\" loading=\"eager\" height=\"3192\" itemprop=\"image\"  src=\"https:\/\/www.europesays.com\/no\/wp-content\/uploads\/2025\/12\/5eefcf77-e417-4151-beb7-a7f035a709c3\"  style=\"object-position:0% 0%\" width=\"5157\"\/>UB\u00c5TKJ\u00d8P: Tidligere forsvarsminister Bj\u00f8rn Arild Gram (Sp) og hans tyske kollega Boris Pistorius markerte starten av ub\u00e5tproduksjonen i september 2023. Foto: DPA,Marcus Brandt \/ NTB<\/p>\n<ul aria-hidden=\"true\" class=\"_images_1uft6_111\">\n<li><a class=\"_link_1uft6_116\" href=\"https:\/\/www.vg.no\/forfatter\/alf-bjarne-johnsen\" style=\"z-index:2\" title=\"Alf Bjarne Johnsen\" rel=\"nofollow noopener\" target=\"_blank\"><img alt=\"Bilde av Alf Bjarne Johnsen\" class=\"_image_1uft6_93\" fetchpriority=\"low\" loading=\"lazy\" decoding=\"async\" itemprop=\"image\"  src=\"https:\/\/www.europesays.com\/no\/wp-content\/uploads\/2025\/12\/1764928148_340_a8952b63-f4d3-424e-ab5c-93e67076c9b0\"  width=\"480\"\/><\/a><\/li>\n<li><a class=\"_link_1uft6_116\" href=\"https:\/\/www.vg.no\/forfatter\/anne-sofie-roennfeldt\" style=\"z-index:1\" title=\"Anne Sofie R\u00f8nnfeldt\" rel=\"nofollow noopener\" target=\"_blank\"><img alt=\"Bilde av Anne Sofie R\u00f8nnfeldt\" class=\"_image_1uft6_93\" fetchpriority=\"low\" loading=\"lazy\" decoding=\"async\" itemprop=\"image\"  src=\"https:\/\/www.europesays.com\/no\/wp-content\/uploads\/2025\/12\/1764928149_120_4634311d-064a-4086-be75-18a6e8a88835\"  width=\"480\"\/><\/a><\/li>\n<\/ul>\n<p> Oppdatert fredag 5. desember kl. 10:16     <\/p>\n<p class=\"_paragraph_o9xde_4 _paragraph_xtcu6_10 layout-component text-serif-m layout-normal text-serif-m layout-padded\">Anskaffelsen av ytterligere to ub\u00e5ter vil \u00f8ke kostnaden for ub\u00e5tprogrammet med hele 46 milliarder kroner, f\u00e5r VG opplyst. <\/p>\n<p class=\"_paragraph_o9xde_4 _paragraph_xtcu6_10 layout-component text-serif-m layout-normal text-serif-m layout-padded\">Opprinnelig pris i 2021 for de fire f\u00f8rste ub\u00e5tene ble ansl\u00e5tt til \u00e5 v\u00e6re rundt 46 milliarder kroner.<\/p>\n<p class=\"_paragraph_o9xde_4 _paragraph_xtcu6_10 layout-component text-serif-m layout-normal text-serif-m layout-padded\">I dag kommer ogs\u00e5 nyheten om at Norge skal kj\u00f8pe langtrekkende missiler til 19 milliarder, if\u00f8lge VGs opplysninger. <\/p>\n<p class=\"_paragraph_o9xde_4 _paragraph_xtcu6_10 layout-component text-serif-m layout-normal text-serif-m layout-padded\">De to store anskaffelsene til Forsvaret skal vedtas i statsr\u00e5d fredag formiddag og m\u00e5 senere godkjennes av Stortinget.<\/p>\n<p class=\"_paragraph_o9xde_4 _paragraph_xtcu6_10 layout-component text-serif-m layout-normal text-serif-m layout-padded\">B\u00e5de ub\u00e5tkj\u00f8pet og anskaffelse av missiler som kan n\u00e5 m\u00e5l p\u00e5 inntil 500 kilometers avstand er en del langtidsplanen for Forsvaret som Stortinget enstemmig vedtok i fjor.<\/p>\n<p class=\"_paragraph_o9xde_4 _paragraph_xtcu6_10 layout-component text-serif-m layout-normal text-serif-m layout-padded\">TV 2 omtalte saken f\u00f8rst.<\/p>\n","protected":false},"excerpt":{"rendered":"Regjeringen vil kj\u00f8pe to tyskproduserte ub\u00e5ter, utover de fire som allerede er bestilt. UB\u00c5TKJ\u00d8P: Tidligere forsvarsminister Bj\u00f8rn Arild&hellip;\n","protected":false},"author":2,"featured_media":104817,"comment_status":"","ping_status":"","sticky":false,"template":"","format":"standard","meta":{"footnotes":""},"categories":[5],"tags":[20,21,24,25,15,19,22,23,17,18,13,30,28,29,14,16,26,27],"class_list":{"0":"post-104816","1":"post","2":"type-post","3":"status-publish","4":"format-standard","5":"has-post-thumbnail","7":"category-overskrifter","8":"tag-breaking-news","9":"tag-breakingnews","10":"tag-featured-news","11":"tag-featurednews","12":"tag-headlines","13":"tag-hovedoppslag","14":"tag-latest-news","15":"tag-latestnews","16":"tag-main-news","17":"tag-mainnews","18":"tag-news","19":"tag-no","20":"tag-norge","21":"tag-norway","22":"tag-nyheter","23":"tag-overskrifter","24":"tag-top-stories","25":"tag-topstories"},"share_on_mastodon":{"url":"https:\/\/pubeurope.com\/@no\/115666338937128285","error":""},"_links":{"self":[{"href":"https:\/\/www.europesays.com\/no\/wp-json\/wp\/v2\/posts\/104816","targetHints":{"allow":["GET"]}}],"collection":[{"href":"https:\/\/www.europesays.com\/no\/wp-json\/wp\/v2\/posts"}],"about":[{"href":"https:\/\/www.europesays.com\/no\/wp-json\/wp\/v2\/types\/post"}],"author":[{"embeddable":true,"href":"https:\/\/www.europesays.com\/no\/wp-json\/wp\/v2\/users\/2"}],"replies":[{"embeddable":true,"href":"https:\/\/www.europesays.com\/no\/wp-json\/wp\/v2\/comments?post=104816"}],"version-history":[{"count":0,"href":"https:\/\/www.europesays.com\/no\/wp-json\/wp\/v2\/posts\/104816\/revisions"}],"wp:featuredmedia":[{"embeddable":true,"href":"https:\/\/www.europesays.com\/no\/wp-json\/wp\/v2\/media\/104817"}],"wp:attachment":[{"href":"https:\/\/www.europesays.com\/no\/wp-json\/wp\/v2\/media?parent=104816"}],"wp:term":[{"taxonomy":"category","embeddable":true,"href":"https:\/\/www.europesays.com\/no\/wp-json\/wp\/v2\/categories?post=104816"},{"taxonomy":"post_tag","embeddable":true,"href":"https:\/\/www.europesays.com\/no\/wp-json\/wp\/v2\/tags?post=104816"}],"curies":[{"name":"wp","href":"https:\/\/api.w.org\/{rel}","templated":true}]}}