{"id":104820,"date":"2025-12-05T09:51:12","date_gmt":"2025-12-05T09:51:12","guid":{"rendered":"https:\/\/www.europesays.com\/no\/104820\/"},"modified":"2025-12-05T09:51:12","modified_gmt":"2025-12-05T09:51:12","slug":"tingvoll-kultur-nils-arne-23-solgte-leiligheten-vendte-hjem-kjopte-hus-og-fikk-ny-jobb-na-eller-aldri-tenkte-jeg","status":"publish","type":"post","link":"https:\/\/www.europesays.com\/no\/104820\/","title":{"rendered":"Tingvoll, Kultur | Nils Arne (23) solgte leiligheten, vendte hjem, kj\u00f8pte hus og fikk ny jobb: \u2013 \u00abN\u00e5 eller aldri\u00bb, tenkte jeg"},"content":{"rendered":"<p>   <img decoding=\"async\" width=\"6000\" height=\"4000\" fetchpriority=\"high\"  loading=\"eager\"  src=\"https:\/\/www.europesays.com\/no\/wp-content\/uploads\/2025\/12\/ka5OEw.jpeg\" alt=\"Nils Arne Halle Erstad (23) blir en ny kulturskolel\u00e6rer i Tingvoll kulturskole. Dette er vikariater som g\u00e5r fra 1. februar 2026 til 18. juni 2027.\" class=\"brick-c-cFOWSL\" style=\"--brick-image-ratio: 6000 \/ 4000;\"\/><\/p>\n<p>      Nils Arne Halle Erstad (23) starter som kulturskolel\u00e6rer i Tingvoll kulturskole i februar.<br \/>\n      Foto: Elina Liubytska\n    <\/p>\n<p data-content=\"lead-text\" class=\"lead-text story brick-c-eOZvhA\">\n<p>          Nils Arne Halle Erstad er ingen ukjent figur i nordm\u00f8rsk kulturliv. Etter \u00e5 ha bodd fem \u00e5r p\u00e5 S\u00f8rlandet, har 23-\u00e5ringen flyttet tilbake til Nordm\u00f8re og er klar for \u00e5 dele av sin kompetanse.\n      <\/p>\n<p>    Plussmerking. Denne artikkelen kan bare leses av abonenter<\/p>\n<p>  For abonnenter<\/p>\n<p>    ]]]]>]]><\/p>\n<p>          Til toppen<\/p>\n<p>]]]]>]]><\/p>\n","protected":false},"excerpt":{"rendered":"Nils Arne Halle Erstad (23) starter som kulturskolel\u00e6rer i Tingvoll kulturskole i februar. Foto: Elina Liubytska Nils Arne&hellip;\n","protected":false},"author":2,"featured_media":104821,"comment_status":"","ping_status":"","sticky":false,"template":"","format":"standard","meta":{"footnotes":""},"categories":[58],"tags":[71,30,28,29,72],"class_list":{"0":"post-104820","1":"post","2":"type-post","3":"status-publish","4":"format-standard","5":"has-post-thumbnail","7":"category-underholdning","8":"tag-entertainment","9":"tag-no","10":"tag-norge","11":"tag-norway","12":"tag-underholdning"},"share_on_mastodon":{"url":"https:\/\/pubeurope.com\/@no\/115666346716189029","error":""},"_links":{"self":[{"href":"https:\/\/www.europesays.com\/no\/wp-json\/wp\/v2\/posts\/104820","targetHints":{"allow":["GET"]}}],"collection":[{"href":"https:\/\/www.europesays.com\/no\/wp-json\/wp\/v2\/posts"}],"about":[{"href":"https:\/\/www.europesays.com\/no\/wp-json\/wp\/v2\/types\/post"}],"author":[{"embeddable":true,"href":"https:\/\/www.europesays.com\/no\/wp-json\/wp\/v2\/users\/2"}],"replies":[{"embeddable":true,"href":"https:\/\/www.europesays.com\/no\/wp-json\/wp\/v2\/comments?post=104820"}],"version-history":[{"count":0,"href":"https:\/\/www.europesays.com\/no\/wp-json\/wp\/v2\/posts\/104820\/revisions"}],"wp:featuredmedia":[{"embeddable":true,"href":"https:\/\/www.europesays.com\/no\/wp-json\/wp\/v2\/media\/104821"}],"wp:attachment":[{"href":"https:\/\/www.europesays.com\/no\/wp-json\/wp\/v2\/media?parent=104820"}],"wp:term":[{"taxonomy":"category","embeddable":true,"href":"https:\/\/www.europesays.com\/no\/wp-json\/wp\/v2\/categories?post=104820"},{"taxonomy":"post_tag","embeddable":true,"href":"https:\/\/www.europesays.com\/no\/wp-json\/wp\/v2\/tags?post=104820"}],"curies":[{"name":"wp","href":"https:\/\/api.w.org\/{rel}","templated":true}]}}