{"id":104824,"date":"2025-12-05T09:58:08","date_gmt":"2025-12-05T09:58:08","guid":{"rendered":"https:\/\/www.europesays.com\/no\/104824\/"},"modified":"2025-12-05T09:58:08","modified_gmt":"2025-12-05T09:58:08","slug":"asheim-og-svenneby-ser-ut-til-a-bli-hoyre-nestledere-nrk-norge-oversikt-over-nyheter-fra-ulike-deler-av-landet","status":"publish","type":"post","link":"https:\/\/www.europesays.com\/no\/104824\/","title":{"rendered":"Asheim og Svenneby ser ut til \u00e5 bli H\u00f8yre-nestledere \u2013 NRK Norge \u2013 Oversikt over nyheter fra ulike deler av landet"},"content":{"rendered":"<p>Kildene tar forbehold om at beslutningen formelt skal tas p\u00e5 et m\u00f8te i valgkomiteen i ettermiddag og deretter kommuniseres ut. Det skjer trolig ikke i dag, men neste uke, etter det NRK forst\u00e5r.<\/p>\n<p>42 \u00e5r gamle Henrik Asheim fra B\u00e6rum er nestleder i partiet i dag. Han har lang fartstid som stortingspolitiker og statsr\u00e5d.<\/p>\n<p>Ola Svenneby (28) er avtroppende leder i Unge H\u00f8yre og opprinnelig fra V\u00e5ler i Hedmark. Han stilte imidlertid til h\u00f8stens stortingsvalg fra Oslo.<\/p>\n<p>En annen hyppig nevnt nestlederkandidat, Peter Fr\u00f8lich fra Bergen, er tiltenkt posisjonen som leder av Stortingets utenriks- og forsvarskomit\u00e9, if\u00f8lge NRKs kilder. Han fortsetter ogs\u00e5 i det mektige arbeidsutvalget i partiet.<\/p>\n<p>Samtidig er Sortland-ordf\u00f8rer Grethe Ellingsen (49) aktuell for \u00e5 ta den siste posisjonen i arbeidsutvalget, if\u00f8lge NRKs kilder.<\/p>\n<p>Ine Eriksen S\u00f8reide (49) fra Oslo avklarte nylig at hun \u00f8nsker \u00e5 bli ny partileder i H\u00f8yre. Hun st\u00e5r uten utfordrere, og det tas for gitt i partiet at hun f\u00e5r tilslutning p\u00e5 landsm\u00f8tet i midten av februar. Eriksen S\u00f8reide er i dag leder av Stortingets utenriks- og forsvarskomit\u00e9.<\/p>\n<p>Spenningen har etter Eriksen S\u00f8reides avklaring v\u00e6rt knyttet til hvem som skal bekle de \u00f8vrige posisjonene i partiledelsen.<\/p>\n<p>I tillegg til Asheim, Svenneby og Fr\u00f8lich har ogs\u00e5 tidligere stortingspolitiker Sandra Bruflot og stortingsrepresentantene Erlend Svardal B\u00f8e og Mahmoud Farahmand v\u00e6rt framme i diskusjonene.<\/p>\n<p>Men i g\u00e5r skrev ogs\u00e5 Aftenpostens politiske redakt\u00f8r Kjetil Alstadheim at Svenneby og <a href=\"https:\/\/www.aftenposten.no\/meninger\/kommentar\/i\/k0WlAj\/disse-to-ligger-best-an-til-aa-bli-hoeyres-nestledere\" ec-id=\"https:\/\/www.aftenposten.no\/meninger\/kommentar\/i\/k0WlAj\/disse-to-ligger-best-an-til-aa-bli-hoeyres-nestledere\" ec-name=\"Asheim l\u00e5 best an til \u00e5 bli nestledere\" rel=\"nofollow noopener\" target=\"_blank\">Asheim l\u00e5 best an til \u00e5 bli nestledere<\/a>.<\/p>\n<p>Hvis valgkomiteens innstilling f\u00e5r flertall p\u00e5 landsm\u00f8tet, vil alle de tre partitoppene representere Oslo og B\u00e6rum.<\/p>\n<p>Erna Solberg varslet tidligere i h\u00f8st at hun kommer til \u00e5 g\u00e5 av som H\u00f8yres leder p\u00e5 landsm\u00f8tet i februar etter \u00e5 ha ledet partiet siden 2004.<\/p>\n<p>Det skjedde etter at H\u00f8yre gjorde et elendig valg og fikk 14,6 prosent av stemmene.<\/p>\n<p>          Oppslutning  Partioppslutning<\/p>\n<tr role=\"row\" class=\"svelte-7u7rnc\">PartiOppslutningEndring<\/tr>\n<tr role=\"row\" data-parti=\"R\u00d8DT\" tabindex=\"-1\" class=\"svelte-7u7rnc\">\n<td role=\"cell\" class=\"oppslutning svelte-7u7rnc\"\/>\n<td role=\"cell\" class=\"endring svelte-7u7rnc\"><\/td>\n<\/tr>\n<tr role=\"row\" data-parti=\"SV\" tabindex=\"-1\" class=\"svelte-7u7rnc\">\n<td role=\"cell\" class=\"oppslutning svelte-7u7rnc\"\/>\n<td role=\"cell\" class=\"endring svelte-7u7rnc\"><\/td>\n<\/tr>\n<tr role=\"row\" data-parti=\"SP\" tabindex=\"-1\" class=\"svelte-7u7rnc\">\n<td role=\"cell\" class=\"oppslutning svelte-7u7rnc\"\/>\n<td role=\"cell\" class=\"endring svelte-7u7rnc\"><\/td>\n<\/tr>\n<tr role=\"row\" data-parti=\"A\" tabindex=\"-1\" class=\"svelte-7u7rnc\">\n<td role=\"cell\" class=\"oppslutning svelte-7u7rnc\"\/>\n<td role=\"cell\" class=\"endring svelte-7u7rnc\"><\/td>\n<\/tr>\n<tr role=\"row\" data-parti=\"MDG\" tabindex=\"-1\" class=\"svelte-7u7rnc\">\n<td role=\"cell\" class=\"oppslutning svelte-7u7rnc\"\/>\n<td role=\"cell\" class=\"endring svelte-7u7rnc\"><\/td>\n<\/tr>\n<tr role=\"row\" data-parti=\"KRF\" tabindex=\"-1\" class=\"svelte-7u7rnc\">\n<td role=\"cell\" class=\"oppslutning svelte-7u7rnc\"\/>\n<td role=\"cell\" class=\"endring svelte-7u7rnc\"><\/td>\n<\/tr>\n<tr role=\"row\" data-parti=\"V\" tabindex=\"-1\" class=\"svelte-7u7rnc\">\n<td role=\"cell\" class=\"oppslutning svelte-7u7rnc\"\/>\n<td role=\"cell\" class=\"endring svelte-7u7rnc\"><\/td>\n<\/tr>\n<tr role=\"row\" data-parti=\"H\" tabindex=\"-1\" class=\"svelte-7u7rnc\">\n<td role=\"cell\" class=\"oppslutning svelte-7u7rnc\"\/>\n<td role=\"cell\" class=\"endring svelte-7u7rnc\"><\/td>\n<\/tr>\n<tr role=\"row\" data-parti=\"FRP\" tabindex=\"-1\" class=\"svelte-7u7rnc\">\n<td role=\"cell\" class=\"oppslutning svelte-7u7rnc\"\/>\n<td role=\"cell\" class=\"endring svelte-7u7rnc\"><\/td>\n<\/tr>\n<p class=\"figurtekst svelte-1e4e6r1 laster\" data-typo=\"figurtekst\"> Viser endring fra forrige stortingsvalg. <\/p>\n<p>Publisert<\/p>\n<p>05.12.2025, kl. 10.37<\/p>\n<p>Oppdatert<\/p>\n<p>05.12.2025, kl. 10.57<\/p>\n","protected":false},"excerpt":{"rendered":"Kildene tar forbehold om at beslutningen formelt skal tas p\u00e5 et m\u00f8te i valgkomiteen i ettermiddag og deretter&hellip;\n","protected":false},"author":2,"featured_media":104825,"comment_status":"","ping_status":"","sticky":false,"template":"","format":"standard","meta":{"footnotes":""},"categories":[12],"tags":[20,21,24,25,15,22,23,13,30,28,29,14,16,26,27,42,43,44,45],"class_list":{"0":"post-104824","1":"post","2":"type-post","3":"status-publish","4":"format-standard","5":"has-post-thumbnail","7":"category-verden","8":"tag-breaking-news","9":"tag-breakingnews","10":"tag-featured-news","11":"tag-featurednews","12":"tag-headlines","13":"tag-latest-news","14":"tag-latestnews","15":"tag-news","16":"tag-no","17":"tag-norge","18":"tag-norway","19":"tag-nyheter","20":"tag-overskrifter","21":"tag-top-stories","22":"tag-topstories","23":"tag-verden","24":"tag-world","25":"tag-world-news","26":"tag-worldnews"},"share_on_mastodon":{"url":"https:\/\/pubeurope.com\/@no\/115666374341884140","error":""},"_links":{"self":[{"href":"https:\/\/www.europesays.com\/no\/wp-json\/wp\/v2\/posts\/104824","targetHints":{"allow":["GET"]}}],"collection":[{"href":"https:\/\/www.europesays.com\/no\/wp-json\/wp\/v2\/posts"}],"about":[{"href":"https:\/\/www.europesays.com\/no\/wp-json\/wp\/v2\/types\/post"}],"author":[{"embeddable":true,"href":"https:\/\/www.europesays.com\/no\/wp-json\/wp\/v2\/users\/2"}],"replies":[{"embeddable":true,"href":"https:\/\/www.europesays.com\/no\/wp-json\/wp\/v2\/comments?post=104824"}],"version-history":[{"count":0,"href":"https:\/\/www.europesays.com\/no\/wp-json\/wp\/v2\/posts\/104824\/revisions"}],"wp:featuredmedia":[{"embeddable":true,"href":"https:\/\/www.europesays.com\/no\/wp-json\/wp\/v2\/media\/104825"}],"wp:attachment":[{"href":"https:\/\/www.europesays.com\/no\/wp-json\/wp\/v2\/media?parent=104824"}],"wp:term":[{"taxonomy":"category","embeddable":true,"href":"https:\/\/www.europesays.com\/no\/wp-json\/wp\/v2\/categories?post=104824"},{"taxonomy":"post_tag","embeddable":true,"href":"https:\/\/www.europesays.com\/no\/wp-json\/wp\/v2\/tags?post=104824"}],"curies":[{"name":"wp","href":"https:\/\/api.w.org\/{rel}","templated":true}]}}