{"id":104827,"date":"2025-12-05T10:01:10","date_gmt":"2025-12-05T10:01:10","guid":{"rendered":"https:\/\/www.europesays.com\/no\/104827\/"},"modified":"2025-12-05T10:01:10","modified_gmt":"2025-12-05T10:01:10","slug":"seieren-glapp-kommer-til-a-vaere-rasende","status":"publish","type":"post","link":"https:\/\/www.europesays.com\/no\/104827\/","title":{"rendered":"Seieren glapp: &#8211; Kommer til \u00e5 v\u00e6re rasende"},"content":{"rendered":"<p class=\"no_italic m-no_italic\" data-lab-italic=\"\">Det s\u00e5 ut til at de r\u00f8dkledde skulle ta sin andre seier p\u00e5 rad i Premier League, men bunnlaget West Ham hadde ikke tenkt \u00e5 gi seg s\u00e5 lett.<\/p>\n<p> Soungoutou Magassa plasserte inn utligningen p\u00e5 en retur, etter en heroisk redning p\u00e5 strek av\u00a0Noussair Mazraoui f\u00f8rst.<\/p>\n<p>\u2013 F\u00f8lelsen er fantastisk, vi spilte en god kamp som lag. Glad for \u00e5 score mitt f\u00f8rste m\u00e5l i Premier League, sier Magassa etter kampslutt.<\/p>\n<p>\u2013 Ruben Amorim kommer til \u00e5 v\u00e6re rasende. Han ville ha intensitet og hastverk, meldte Gary Neville hos Sky Sports.<\/p>\n<p>        <img class=\"image__img lazyload\" itemprop=\"image\" title=\"Foto: Ian Hodgson \/ AP \/ NTB\" alt=\"VILLE JUBELSCENER: Soungoutou Magassa sikret et viktig poeng for londonerne. Foto: Ian Hodgson \/ AP \/ NTB\" width=\"978\" height=\"551\" bad-src=\"https:\/\/www.europesays.com\/no\/wp-content\/uploads\/2025\/12\/18353860.webp\" fetchpriority=\"auto\" \/><\/p>\n<p>      VILLE JUBELSCENER: Soungoutou Magassa sikret et viktig poeng for londonerne.<br \/>\n         Foto: Ian Hodgson \/ AP \/ NTB<\/p>\n<p>\u2013 Vi burde ha drept kampen da vi scoret det f\u00f8rste m\u00e5let. Karakterene til spillerne inne i boksen var til tider ikke bra nok, er vurderingen fra Amorim i prat med Sky Sports.<\/p>\n<p>\u2013 Dette var en spolert sjanse for United. Med s\u00e5 mange lag som sliter med \u00e5 holde seg stabile, er sjansen for \u00e5 sikre Champions League-fotball der, men ikke hvis de fortsetter \u00e5 tape poeng hjemme slik, sier Sky Sports Adam Bate etter kampslutt.<\/p>\n<p>Roy Keane er fremme med den velkjente slakter\u00f8ksa n\u00e5r han skal beskrive hjemmelagets prestasjon.<\/p>\n<p>        <img class=\"image__img lazyload\" itemprop=\"image\" title=\"Foto: Mike Egerton \/ Pa Photos \/ NTB\" alt=\"N\u00c5DEL\u00d8S: Roy Keane. Foto: Mike Egerton \/ Pa Photos \/ NTB\" width=\"978\" height=\"551\" bad-src=\"https:\/\/www.europesays.com\/no\/wp-content\/uploads\/2025\/12\/18353896.webp\" fetchpriority=\"auto\" \/><\/p>\n<p>      N\u00c5DEL\u00d8S: Roy Keane.<br \/>\n         Foto: Mike Egerton \/ Pa Photos \/ NTB<\/p>\n<p>\u2013 Hver gang jeg ser dette United-laget, s\u00e5 skuffer de.\u00a0Folk vil kl\u00f8 seg i hodet. Det ene \u00f8yeblikket gj\u00f8r de fremskritt, leder og ligger an til femteplass. Det vil bli mye frustrasjon, sier Keane i Sky Sports&#8217; studio. <\/p>\n<p> \u2013 Etter at United scoret, s\u00e5 de ut som et av de tre d\u00e5rligste lagene i ligaen. De tok foten av gasspedalen.<\/p>\n<p>\u2013 Dersom de er engstelige, s\u00e5 begynner man \u00e5 bekymre seg for hvorfor de spiller for United og hva de frykter. Redde for West Ham, hvorfor? fortsetter iren.<\/p>\n<p>Tidligere i andreomgang hadde Diogo Dalot sendt Old Trafford til himmels med sin 1-0-scoring \u2013 hans f\u00f8rste p\u00e5 halvannet \u00e5r.<\/p>\n<p>        <img class=\"image__img lazyload\" itemprop=\"image\" title=\"Foto: Scott Heppell \/ Reuters \/ NTB\" alt=\"SCORET: Diogo Dalot. Foto: Scott Heppell \/ Reuters \/ NTB\" width=\"675\" height=\"379\" bad-src=\"https:\/\/www.europesays.com\/no\/wp-content\/uploads\/2025\/12\/18353884.webp\" fetchpriority=\"auto\" \/><\/p>\n<p>      SCORET: Diogo Dalot.<br \/>\n         Foto: Scott Heppell \/ Reuters \/ NTB<\/p>\n<p>\u2013 Det vil gj\u00f8re ham sv\u00e6rt godt, ettersom Amorim nylig sa at<br \/>\nhan slet med formen og selvtilliten, meldte Sky Sports Dan Khan.<\/p>\n<p>\u2013 Det var en god f\u00f8lelse. Det er alltid spesielt \u00e5 score for klubben. Glad for \u00e5 hjelpe laget, men jeg ville helst byttet det mot tre poeng og seier. Jeg synes vi burde kontrollert kampen mer, sier Dalot til Viaplay.<\/p>\n","protected":false},"excerpt":{"rendered":"Det s\u00e5 ut til at de r\u00f8dkledde skulle ta sin andre seier p\u00e5 rad i Premier League, men&hellip;\n","protected":false},"author":2,"featured_media":104828,"comment_status":"","ping_status":"","sticky":false,"template":"","format":"standard","meta":{"footnotes":""},"categories":[5],"tags":[20,21,24,25,15,19,22,23,17,18,13,30,28,29,14,16,26,27],"class_list":{"0":"post-104827","1":"post","2":"type-post","3":"status-publish","4":"format-standard","5":"has-post-thumbnail","7":"category-overskrifter","8":"tag-breaking-news","9":"tag-breakingnews","10":"tag-featured-news","11":"tag-featurednews","12":"tag-headlines","13":"tag-hovedoppslag","14":"tag-latest-news","15":"tag-latestnews","16":"tag-main-news","17":"tag-mainnews","18":"tag-news","19":"tag-no","20":"tag-norge","21":"tag-norway","22":"tag-nyheter","23":"tag-overskrifter","24":"tag-top-stories","25":"tag-topstories"},"share_on_mastodon":{"url":"https:\/\/pubeurope.com\/@no\/115666385977162911","error":""},"_links":{"self":[{"href":"https:\/\/www.europesays.com\/no\/wp-json\/wp\/v2\/posts\/104827","targetHints":{"allow":["GET"]}}],"collection":[{"href":"https:\/\/www.europesays.com\/no\/wp-json\/wp\/v2\/posts"}],"about":[{"href":"https:\/\/www.europesays.com\/no\/wp-json\/wp\/v2\/types\/post"}],"author":[{"embeddable":true,"href":"https:\/\/www.europesays.com\/no\/wp-json\/wp\/v2\/users\/2"}],"replies":[{"embeddable":true,"href":"https:\/\/www.europesays.com\/no\/wp-json\/wp\/v2\/comments?post=104827"}],"version-history":[{"count":0,"href":"https:\/\/www.europesays.com\/no\/wp-json\/wp\/v2\/posts\/104827\/revisions"}],"wp:featuredmedia":[{"embeddable":true,"href":"https:\/\/www.europesays.com\/no\/wp-json\/wp\/v2\/media\/104828"}],"wp:attachment":[{"href":"https:\/\/www.europesays.com\/no\/wp-json\/wp\/v2\/media?parent=104827"}],"wp:term":[{"taxonomy":"category","embeddable":true,"href":"https:\/\/www.europesays.com\/no\/wp-json\/wp\/v2\/categories?post=104827"},{"taxonomy":"post_tag","embeddable":true,"href":"https:\/\/www.europesays.com\/no\/wp-json\/wp\/v2\/tags?post=104827"}],"curies":[{"name":"wp","href":"https:\/\/api.w.org\/{rel}","templated":true}]}}