{"id":104831,"date":"2025-12-05T10:03:15","date_gmt":"2025-12-05T10:03:15","guid":{"rendered":"https:\/\/www.europesays.com\/no\/104831\/"},"modified":"2025-12-05T10:03:15","modified_gmt":"2025-12-05T10:03:15","slug":"molly-mae-hague-i-dramatisk-uke-hasteinnleggelse-og-sjokkbrudd","status":"publish","type":"post","link":"https:\/\/www.europesays.com\/no\/104831\/","title":{"rendered":"Molly-Mae Hague i dramatisk uke: Hasteinnleggelse og sjokkbrudd"},"content":{"rendered":"<p class=\"kicker \" style=\"\">Molly Mae Hague og Tommy Fury:\u00a0<\/p>\n<p>  Uken startet dramatisk for influenserenda hun m\u00e5tte haste mann og barn til akutten.\u00a0<\/p>\n<p>\n    TIL AKUTTEN: Lille Bambi m\u00e5tte reise til akutten sammen med pappa Tommy Fury denne uken. Foto: Skjermbilde: @mollymae \/ Instagram\n  <\/p>\n<p> Molly-Mae Hague (26) har hatt en dramatisk uke hjemme i Manchester.\u00a0<\/p>\n<p class=\"font-weight-bold m-font-weight-bold\" data-lab-font_weight=\"font-weight-bold\">B\u00e5de datteren Bambi (2) og kj\u00e6resten Tommy Fury (26) ble akutt syke, og influenseren endte med \u00e5 m\u00e5tte haste til akutten med dem begge.\u00a0<\/p>\n<p>    <a itemprop=\"url\" href=\"https:\/\/www.seher.no\/kjendis\/nye-detaljer-snakker-stadig-sammen\/82109439\" rel=\"nofollow noopener\" target=\"_blank\"><\/p>\n<p>      <img loading=\"lazy\" decoding=\"async\" src=\"https:\/\/www.europesays.com\/no\/wp-content\/uploads\/2025\/12\/82109140.webp\" width=\"980\" height=\"441\" title=\"Nye detaljer: - Snakker stadig sammen\" alt=\"\" class=\"lazyload\" style=\"--aspect-ratio-image: 2.22; \"\/><\/p>\n<p>        Nye detaljer: &#8211; Snakker stadig sammen<\/p>\n<p>    <\/a><\/p>\n<p> I en video delt p\u00e5 <a href=\"https:\/\/www.youtube.com\/watch?v=XPsG9Sz9n_Y\" rel=\"nofollow noopener\" target=\"_blank\">YouTube<\/a> forteller \u00abLove Island\u00bb-stjernen at hun v\u00e5knet til at datteren\u00a0 gr\u00e5t, skalv og hadde h\u00f8y feber.\u00a0 Hun r\u00f8per samtidig at Tommy har slitt med helsen den siste tiden.\u00a0<\/p>\n<p>        \u00abSKAL VI DANSE\u00bb: Tale Torjussen har tatt med dansepartner Antonio Careri hjem til familien. Video: Tiktok\/@antonio_careri<\/p>\n<p>Gr\u00e5t og sov samtidig\t<\/p>\n<p>If\u00f8lge Molly ble hun skremt da hun l\u00f8ftet Bambi ut av sengen om morgenen. Hun forklarer at datteren sov og gr\u00e5t samtidig, skalv i kroppen og hadde 40 i feber.\u00a0<\/p>\n<p>&#8211; Hjertet hennes slo s\u00e5 hardt at jeg kunne kjenne slagene gjennom brystet, forteller hun.\u00a0<\/p>\n<p>    <a itemprop=\"url\" href=\"https:\/\/www.seher.no\/kjendis\/star-frem-jeg-er-jenta\/81842956\" rel=\"nofollow noopener\" target=\"_blank\"><\/p>\n<p>      <img loading=\"lazy\" decoding=\"async\" src=\"https:\/\/www.europesays.com\/no\/wp-content\/uploads\/2025\/12\/81838263.webp\" width=\"980\" height=\"441\" title=\"St\u00e5r frem: - Jeg er jenta\" alt=\"\" class=\"lazyload\" style=\"--aspect-ratio-image: 2.22; \"\/><\/p>\n<p>        St\u00e5r frem: &#8211; Jeg er jenta<\/p>\n<p>    <\/a><\/p>\n<p class=\"font-weight-bold m-font-weight-bold\" data-lab-font_weight=\"font-weight-bold\">Derfor tok hun med seg datteren til akuttmottaket, der de fikk beskjed om at det trolig dreier seg om influensa. Samtidig, forteller influenseren, har Tommy g\u00e5tt markant ned i vekt etter \u00e5 ha v\u00e6rt syk i en lengre periode.\u00a0<\/p>\n<p>          <img loading=\"lazy\" decoding=\"async\" src=\"https:\/\/www.europesays.com\/no\/wp-content\/uploads\/2025\/12\/83935662.webp\" width=\"686\" height=\"728\" title=\"RAMMET: B\u00e5de Tommy Fury og datteren Bambi ble rammet av sykdom forrige uke. Foto: Skjermbilde: @tommyfury \/ Instagram\" alt=\"\" class=\"\" style=\"--aspect-ratio-image: 0.94; \"\/><\/p>\n<p>\n          RAMMET: B\u00e5de Tommy Fury og datteren Bambi ble rammet av sykdom forrige uke. Foto: Skjermbilde: @tommyfury \/ Instagram\n      <\/p>\n<p>Hun forteller at de f\u00f8rst trodde det var matforgiftning eller et magevirus, men at symptomene aldri ga seg.\u00a0<\/p>\n<p>Molly beskriver en dramatisk natt hvor Tommy var s\u00e5 d\u00e5rlig at han \u00abs\u00e5 ut som sjelen forlot kroppen\u00bb p\u00e5 badet.\u00a0<\/p>\n<p class=\"font-weight-bold m-font-weight-bold\" data-lab-font_weight=\"font-weight-bold\">&#8211; Ansiktet hans har nesten forsvunnet, kinnene er hule og han har m\u00f8rke ringer under \u00f8ynene, sier hun om kj\u00e6resten.\u00a0<\/p>\n<p>        SKATTELISTENE: Hvem tjener egentlig mest i GUTTA \u2013 og hvem sjokkerer p\u00e5 skattelistene fra Skal vi danse? Her f\u00e5r du svaret. Reporter: Thea Hope \/ Silja Furset<\/p>\n<p>Reagerte p\u00e5 utroskapsryktene\t<\/p>\n<p>Molly og Tommy m\u00f8ttes og ble kj\u00e6rester i det popul\u00e6re datingprogrammet \u00abLove Island UK\u00bb i 2019.\u00a0<\/p>\n<p class=\"font-weight-bold m-font-weight-bold\" data-lab-font_weight=\"font-weight-bold\">Fire \u00e5r senere fikk de datteren Bambi, og f\u00e5 m\u00e5neder etter det annonserte de at de var forlovet. Lykken skulle derimot ikke vare.\u00a0<\/p>\n<p>          <img loading=\"lazy\" decoding=\"async\" src=\"https:\/\/www.europesays.com\/no\/wp-content\/uploads\/2025\/12\/83935691.webp\" width=\"686\" height=\"666\" title=\"LOVE ISLAND: Paret m\u00f8ttes for f\u00f8rste gang under innspillingen av realityserien \u00abLove Island\u00bb i 2019, og var et par frem til finalen, der de havnet p\u00e5 en andreplass. Foto: Skjermbilde: @tommyfury \/ Instagram\" alt=\"\" class=\"\" style=\"--aspect-ratio-image: 1.03; \"\/><\/p>\n<p>\n          LOVE ISLAND: Paret m\u00f8ttes for f\u00f8rste gang under innspillingen av realityserien \u00abLove Island\u00bb i 2019, og var et par frem til finalen, der de havnet p\u00e5 en andreplass. Foto: Skjermbilde: @tommyfury \/ Instagram\n      <\/p>\n<p>I august 2024 bekreftet \u00abLove Island\u00bb-stjernene at <a href=\"https:\/\/www.seher.no\/kjendis\/bekrefter-sjokkbrudd\/81801982\" rel=\"nofollow noopener\" target=\"_blank\">de hadde gjort det slutt<\/a>. Sjokkbruddet annonserte de selv p\u00e5 Instagram, og nyheten vekket sterke reaksjoner.\u00a0<\/p>\n<p>    <a itemprop=\"url\" href=\"https:\/\/www.seher.no\/kjendis\/full-krangel-pa-flyplassen\/83127289\" rel=\"nofollow noopener\" target=\"_blank\"><\/p>\n<p>      <img loading=\"lazy\" decoding=\"async\" src=\"https:\/\/www.europesays.com\/no\/wp-content\/uploads\/2025\/12\/83128047.webp\" width=\"980\" height=\"441\" title=\"Full krangel p\u00e5 flyplassen\" alt=\"\" class=\"lazyload\" style=\"--aspect-ratio-image: 2.22; \"\/><\/p>\n<p>        Full krangel p\u00e5 flyplassen <\/p>\n<p>    <\/a><\/p>\n<p> Ikke lang tid etter bruddet begynte det \u00e5 florere rykter om at Tommy skal ha v\u00e6rt utro, og at d\u00e9t skal ha v\u00e6rt den utl\u00f8sende faktoren for bruddet.\u00a0<\/p>\n<p>Det nektet Tommy for i et intervju med <a href=\"https:\/\/www.menshealth.com\/uk\/mental-strength\/a63423178\/tommy-fury\/?utm_source=sdrn%3Avg%3Aarticle%3A0V0b8g\" rel=\"nofollow noopener\" target=\"_blank\">Men&#8217;s Health<\/a>. <\/p>\n<p>          <img loading=\"lazy\" decoding=\"async\" src=\"https:\/\/www.europesays.com\/no\/wp-content\/uploads\/2025\/12\/83065115.webp\" width=\"686\" height=\"515\" title=\"IKKE UTRO: Etter bruddet avkreftet Tommy bruddryktene som hadde svirret rundt ham og Molly. Foto: Skjermbilde: @mollymae \/ Instagram\" alt=\"\" class=\"\" style=\"--aspect-ratio-image: 1.33; \"\/><\/p>\n<p>\n          IKKE UTRO: Etter bruddet avkreftet Tommy bruddryktene som hadde svirret rundt ham og Molly. Foto: Skjermbilde: @mollymae \/ Instagram\n      <\/p>\n<p>&#8211;\u00a0\u00a0Vi slo opp fordi jeg hadde et problem med alkohol og jeg klarte ikke \u00e5 v\u00e6re den partneren jeg \u00f8nsket \u00e5 v\u00e6re. Det dreper meg \u00e5 si det, men jeg klarte det ikke. Jeg elsket \u00f8l og elsket \u00e5 drikke, sa han, og fortsatte:\u00a0<\/p>\n<p class=\"font-weight-bold m-font-weight-bold\" data-lab-font_weight=\"font-weight-bold\">&#8211;\u00a0\u00a0Utroskap var aldri en greie. Du kan sp\u00f8rre Molly om dette selv. Det var drikkingen og det er ikke en god ting. Du m\u00e5 ta tak i det. Hvis du er p\u00e5 samme sted som meg, der du bare tror at det kommer til \u00e5 kurere alle problemene dine, det gj\u00f8r ikke det.<\/p>\n<p> I traileren til Molly-Maes serie \u00abBehind It All\u00bb, kunne influenseren r\u00f8pe at de <a href=\"https:\/\/www.seher.no\/kjendis\/bekrefter-ryktene-det-odela-meg\/83025916\" rel=\"nofollow noopener\" target=\"_blank\">hadde funnet tilbake til hverandre<\/a>, bare m\u00e5neder etter bruddet.\u00a0<\/p>\n","protected":false},"excerpt":{"rendered":"Molly Mae Hague og Tommy Fury:\u00a0 Uken startet dramatisk for influenserenda hun m\u00e5tte haste mann og barn til&hellip;\n","protected":false},"author":2,"featured_media":104832,"comment_status":"","ping_status":"","sticky":false,"template":"","format":"standard","meta":{"footnotes":""},"categories":[58],"tags":[71,479,2543,4466,13155,30,28,29,7514,72],"class_list":{"0":"post-104831","1":"post","2":"type-post","3":"status-publish","4":"format-standard","5":"has-post-thumbnail","7":"category-underholdning","8":"tag-entertainment","9":"tag-kjendis","10":"tag-kjendisdesken","11":"tag-love-island","12":"tag-molly-mae-hague","13":"tag-no","14":"tag-norge","15":"tag-norway","16":"tag-tommy-fury","17":"tag-underholdning"},"share_on_mastodon":{"url":"https:\/\/pubeurope.com\/@no\/115666394190572442","error":""},"_links":{"self":[{"href":"https:\/\/www.europesays.com\/no\/wp-json\/wp\/v2\/posts\/104831","targetHints":{"allow":["GET"]}}],"collection":[{"href":"https:\/\/www.europesays.com\/no\/wp-json\/wp\/v2\/posts"}],"about":[{"href":"https:\/\/www.europesays.com\/no\/wp-json\/wp\/v2\/types\/post"}],"author":[{"embeddable":true,"href":"https:\/\/www.europesays.com\/no\/wp-json\/wp\/v2\/users\/2"}],"replies":[{"embeddable":true,"href":"https:\/\/www.europesays.com\/no\/wp-json\/wp\/v2\/comments?post=104831"}],"version-history":[{"count":0,"href":"https:\/\/www.europesays.com\/no\/wp-json\/wp\/v2\/posts\/104831\/revisions"}],"wp:featuredmedia":[{"embeddable":true,"href":"https:\/\/www.europesays.com\/no\/wp-json\/wp\/v2\/media\/104832"}],"wp:attachment":[{"href":"https:\/\/www.europesays.com\/no\/wp-json\/wp\/v2\/media?parent=104831"}],"wp:term":[{"taxonomy":"category","embeddable":true,"href":"https:\/\/www.europesays.com\/no\/wp-json\/wp\/v2\/categories?post=104831"},{"taxonomy":"post_tag","embeddable":true,"href":"https:\/\/www.europesays.com\/no\/wp-json\/wp\/v2\/tags?post=104831"}],"curies":[{"name":"wp","href":"https:\/\/api.w.org\/{rel}","templated":true}]}}