{"id":104849,"date":"2025-12-05T10:21:14","date_gmt":"2025-12-05T10:21:14","guid":{"rendered":"https:\/\/www.europesays.com\/no\/104849\/"},"modified":"2025-12-05T10:21:14","modified_gmt":"2025-12-05T10:21:14","slug":"eurovision-israel-israel-far-lov-a-delta-i-eurovision-2","status":"publish","type":"post","link":"https:\/\/www.europesays.com\/no\/104849\/","title":{"rendered":"Eurovision, Israel | Israel f\u00e5r lov \u00e5 delta i Eurovision"},"content":{"rendered":"\n<p>Den europeiske kringkastingsunion (EBU) har besluttet at Israel f\u00e5r lov \u00e5 delta i Eurovision Song Contest (ESC) neste \u00e5r, melder Reuters.<\/p>\n<p>Det ble klart p\u00e5 et m\u00f8te i EBU i kveld, opplyser kilder til nyhetsbyr\u00e5et.<\/p>\n<p>Flere boikotter<\/p>\n<p>Samtidig melder den nederlandske kringkasteren <a rel=\"Follow nofollow noopener\" href=\"https:\/\/www.avrotros.nl\/article\/avrotros-neemt-in-2026-niet-deel-aan-het-eurovisie-songfestival~1314\/\" target=\"_blank\">Avrotros<\/a> at Nederland ikke deltar i Eurovision 2026 som f\u00f8lge av at Israel f\u00e5r delta.<\/p>\n<p>Ogs\u00e5 Spania boikotter neste \u00e5rs Eurovision. Det melder den spanske kringkasteren <a href=\"https:\/\/www.rtve.es\/noticias\/20251204\/eurovision-2026-anuncio-uer-participacion-israel\/16845370.shtml\" rel=\"Follow nofollow noopener\" target=\"_blank\">RTVE.<\/a> De melder samtidig at de ikke vil kringkaste sangkonkurransen i 2026.<\/p>\n<p>Irland kommer heller ikke til \u00e5 delta i sangkonkurransen. Det skriver den irske kringkasteren RT\u00c9 p\u00e5 sine <a href=\"https:\/\/www.rte.ie\/entertainment\/2025\/1204\/1547300-rte-to-boycott-eurovision-song-contest-over-israel\/\" rel=\"Follow nofollow noopener\" target=\"_blank\">nettsider.<\/a><\/p>\n<p>Slovenia har ogs\u00e5 valgt \u00e5 trekke seg fra sangkonkurransen. If\u00f8lge kringkasteren <a href=\"https:\/\/www.rtvslo.si\/zabava-in-slog\/glasba\/ema\/izrael-bo-lahko-nastopil-na-evroviziji-sestih-drzav-med-njimi-slovenije-na-tekmovanju-ne-bo\/766145\" rel=\"Follow nofollow noopener\" target=\"_blank\">RTV<\/a> vil heller ikke Island og Belgia delta.<\/p>\n<p><b>Les ogs\u00e5: <a href=\"https:\/\/www.nettavisen.no\/5-95-2762277\" rel=\"nofollow noopener\" target=\"_blank\">Putins klare melding \u2013 gir Ukraina to alternativer<\/a><\/b><\/p>\n<p>\u2013 Uforenlig med verdiene<\/p>\n<p>Avrotros melder at avgj\u00f8relsen er tatt etter at de har hentet informasjon fra en rekke interessenter, deriblant den israelske ambassad\u00f8ren til Nederland og Amnesty International.<\/p>\n<p>\u2013 Alt tatt i betraktning konkluderer Avrotros med at deltakelse under de n\u00e5v\u00e6rende omstendighetene er uforenlig med de offentlige verdiene som er viktige for oss, skriver Avrotros p\u00e5 sine egne nettsider.<\/p>\n<p>Sjefen for slovenske RTV, Natalija Gorscak, minner om at Eurovision boikottet Russland etter at fullskalainvasjonen av Ukraina begynte.<\/p>\n<p>\u2013 V\u00e5rt budskap er: Vi vil ikke delta i ESC hvis Israel er der. P\u00e5 vegne av de 20 000 barna som d\u00f8de i Gaza, sier Gorscak via kringkasteren.<\/p>\n<p>Neste \u00e5rs Eurovision arrangeres i Wien i mai etter at artisten JJ gikk til topps med l\u00e5ten \u00abWasted Love\u00bb tidligere i \u00e5r.<\/p>\n<p>    Vil du se neste video?<\/p>\n<p>    <a href=\"https:\/\/www.nettavisen.no\/kjendis\/sigurd-storm-de-skulle-drepe-meg\/v\/5-95-2761059\" class=\"recommend-poster\" data-adp-clicklabel=\"video-recommend\" data-adp-clickvalue=\"poster\" rel=\"nofollow noopener\" target=\"_blank\"><br \/>\n      <img decoding=\"async\" width=\"200\" height=\"200\" loading=\"lazy\" src=\"https:\/\/www.europesays.com\/no\/wp-content\/uploads\/2025\/12\/sigurd+storm+audiens+podkast+cue.jpg\" alt=\"\" class=\"brick-c-cFOWSL\" style=\"--brick-image-ratio: 200 \/ 200;\"\/><\/p>\n<p>\u2013 De skulle drepe meg1:32<\/p>\n<p>    <\/a><\/p>\n<p>NRK: \u2013 Norge skal delta<\/p>\n<p>EBU bekrefter i en <a rel=\"noopener nofollow\" href=\"https:\/\/www.ebu.ch\/news\/2025\/12\/ebu-members-show-clear-support-for-eurovision-reforms\" target=\"_blank\">pressemelding <\/a>at det er vedtatt nye regler for \u00e5 \u00abbeskytte Eurovisions n\u00f8ytralitet og upartiskhet\u00bb. Dersom dette forslaget hadde blitt nedstemt, ville det medf\u00f8rt en direkte avstemning om Israels deltakelse.<\/p>\n<p>Kringkastingssjef Vibeke F\u00fcrst Haugen sier hun st\u00f8tter endringene som er gjort i EBU. En konsekvens av endringene er at Israel ikke utestenges fra Eurovision.<\/p>\n<p>\u2013 NRK har ikke tatt stilling enkeltmedlemmers deltakelse i Eurovision. Derimot har vi stemt over tiltakene EBU har iverksatt for \u00e5 sikre konkurransens omd\u00f8mme og tillit. Tiltakene svarer p\u00e5 bekymringene vi har tatt opp med EBU, sier kringkastingssjef Vibeke F\u00fcrst Haugen til Nettavisen.<\/p>\n<p>\u2013 Kommer NRK til \u00e5 gj\u00f8re som Nederland og Spania \u00e5 boikotte, eller skal Norge delta i Eurovision?<\/p>\n<p>\u2013 Vi har v\u00e6rt opptatt \u00e5 verne om v\u00e5r uavhengighet og derfor har v\u00e5r tiln\u00e6rming v\u00e6rt prinsipiell. N\u00e5r v\u00e5re innspill er blitt tatt til f\u00f8lge, legger vi opp til \u00e5 delta, sier Haugen.<\/p>\n<p>   <img decoding=\"async\" width=\"5002\" height=\"3335\" fetchpriority=\"low\"  loading=\"lazy\"  src=\"https:\/\/www.europesays.com\/no\/wp-content\/uploads\/2025\/12\/cueres_scp-mangler_navn_Xg8jASMzPig.jpg\" alt=\"T\u00f8nsberg 20240413. &#10;Kringkastingssjef Vibeke F\u00fcrst Haugen presenterer hovedfunnene fra evalueringen av serien \u00abIngen elsker Bamsegutt\u00bb p\u00e5 SKUP-konferansen i T\u00f8nsberg.&#10;Foto: Fredrik Varfjell \/ NTB\" class=\"brick-c-cFOWSL\" style=\"--brick-image-ratio: 5002 \/ 3335;\"\/><\/p>\n<p>      ENIG I ENDRINGER: Kringkastingssjef Vibeke F\u00fcrst Haugen sier at NRK og de nordiske kringkasterne st\u00f8tter EBU-endringene som \u00e5pner for at Israel kan delta i Eurovision.<br \/>\n      Foto: Fredrik Varfjell (NTB)\n    <\/p>\n<p>  Oppfordrer til boikott<\/p>\n<p>I Norge har Israels deltakelse v\u00e6rt et hett tema. Over 600 kulturpersoner har <a rel=\"Follow nofollow noopener\" href=\"https:\/\/www.nettavisen.no\/israel\/eurovision\/boikott\/over-500-kulturpersoner-oppfordrer-til-boikott-av-eurovision-dersom-israel-far-vare-med\/s\/5-95-2761349\" target=\"_blank\">oppfordret til en boikott<\/a> av Eurovision, dersom Israel f\u00e5r delta.<\/p>\n<p><b>Les ogs\u00e5: <a href=\"https:\/\/www.nettavisen.no\/5-95-2763011\" rel=\"nofollow noopener\" target=\"_blank\">Elon Musk: Han blir USAs neste president<\/a><\/b><\/p>\n<p>Torsdag ber ogs\u00e5 Palestinakomiteen NRK om \u00e5 boikotte.<\/p>\n<p>\u2013 Bare i dag har israelske okkupasjonssoldater angrepet og drept sivile i Gaza, p\u00e5 Vestbredden og i Libanon. Til tross for dette skal de delta i Eurovision som om alt er normalt, fordi reglene for stemmegivning er endret. Det er dypt skuffende, sier leder Lina Khateeb i Palestinakomiteen.<\/p>\n<p>I september meldte NRK at de ikke kommer til \u00e5 boikotte Eurovision Song Contest dersom Israel f\u00e5r delta.<\/p>\n<p>\u2013 Vi er uavhengige som allmennkringkaster. Vi er ikke politiske, vi driver ikke med boikott. Det med upartiskhet er v\u00e5rt fundament, og det er ogs\u00e5 en forutsetning for \u00e5 levere p\u00e5 oppdraget, det sier redakt\u00f8r for NRKs innholdsdivisjon, Camilla Bj\u00f8rn, til NRK.<\/p>\n<p>Nettavisen har spurt NRK om hvordan kringkasteren stiller seg til Israels deltakelse. Henvendelsen er forel\u00f8pig ikke besvart.<\/p>\n","protected":false},"excerpt":{"rendered":"Den europeiske kringkastingsunion (EBU) har besluttet at Israel f\u00e5r lov \u00e5 delta i Eurovision Song Contest (ESC) neste&hellip;\n","protected":false},"author":2,"featured_media":104369,"comment_status":"","ping_status":"","sticky":false,"template":"","format":"standard","meta":{"footnotes":""},"categories":[5],"tags":[20,21,24,25,15,19,22,23,17,18,13,30,28,29,14,16,26,27],"class_list":{"0":"post-104849","1":"post","2":"type-post","3":"status-publish","4":"format-standard","5":"has-post-thumbnail","7":"category-overskrifter","8":"tag-breaking-news","9":"tag-breakingnews","10":"tag-featured-news","11":"tag-featurednews","12":"tag-headlines","13":"tag-hovedoppslag","14":"tag-latest-news","15":"tag-latestnews","16":"tag-main-news","17":"tag-mainnews","18":"tag-news","19":"tag-no","20":"tag-norge","21":"tag-norway","22":"tag-nyheter","23":"tag-overskrifter","24":"tag-top-stories","25":"tag-topstories"},"share_on_mastodon":{"url":"https:\/\/pubeurope.com\/@no\/115666464715725794","error":""},"_links":{"self":[{"href":"https:\/\/www.europesays.com\/no\/wp-json\/wp\/v2\/posts\/104849","targetHints":{"allow":["GET"]}}],"collection":[{"href":"https:\/\/www.europesays.com\/no\/wp-json\/wp\/v2\/posts"}],"about":[{"href":"https:\/\/www.europesays.com\/no\/wp-json\/wp\/v2\/types\/post"}],"author":[{"embeddable":true,"href":"https:\/\/www.europesays.com\/no\/wp-json\/wp\/v2\/users\/2"}],"replies":[{"embeddable":true,"href":"https:\/\/www.europesays.com\/no\/wp-json\/wp\/v2\/comments?post=104849"}],"version-history":[{"count":0,"href":"https:\/\/www.europesays.com\/no\/wp-json\/wp\/v2\/posts\/104849\/revisions"}],"wp:featuredmedia":[{"embeddable":true,"href":"https:\/\/www.europesays.com\/no\/wp-json\/wp\/v2\/media\/104369"}],"wp:attachment":[{"href":"https:\/\/www.europesays.com\/no\/wp-json\/wp\/v2\/media?parent=104849"}],"wp:term":[{"taxonomy":"category","embeddable":true,"href":"https:\/\/www.europesays.com\/no\/wp-json\/wp\/v2\/categories?post=104849"},{"taxonomy":"post_tag","embeddable":true,"href":"https:\/\/www.europesays.com\/no\/wp-json\/wp\/v2\/tags?post=104849"}],"curies":[{"name":"wp","href":"https:\/\/api.w.org\/{rel}","templated":true}]}}