{"id":104860,"date":"2025-12-05T10:27:07","date_gmt":"2025-12-05T10:27:07","guid":{"rendered":"https:\/\/www.europesays.com\/no\/104860\/"},"modified":"2025-12-05T10:27:07","modified_gmt":"2025-12-05T10:27:07","slug":"hoyre-ola-svenneby-nettavisen-erfarer-asheim-og-svenneby-blir-nestledere","status":"publish","type":"post","link":"https:\/\/www.europesays.com\/no\/104860\/","title":{"rendered":"H\u00f8yre, Ola Svenneby | Nettavisen erfarer: Asheim og Svenneby blir nestledere"},"content":{"rendered":"\n<p>Nettavisen f\u00e5r bekreftet fra sentrale kilder i partiet at Henrik Asheim og Ola Svenneby innstilles som nye nestledere i H\u00f8yre.<\/p>\n<p>Asheim fortsetter dermed i sin posisjon, mens 28-\u00e5ringen Ola Svenneby kommer utenfra.<\/p>\n<p>Stjerneskuddet fra V\u00e5ler i Innlandet gj\u00f8r dermed rakettkarriere i H\u00f8yre og blir en av partiets mektigste. Svenneby er i dag leder i Unge H\u00f8yre, og regnes som partiets tydeligste stemme under 40 \u00e5r.<\/p>\n<p>Han har tatt til orde for en kurs hvor \u00abH\u00f8yre m\u00e5 f\u00e5 lov til \u00e5 v\u00e6re H\u00f8yre\u00bb, gjerne omtalt som en mer konservativ retning.<\/p>\n<p>Den nye ledertrioen \u2013 best\u00e5ende av ny partileder Ine Eriksen S\u00f8reide, Asheim og Svenneby \u2013 skal landes p\u00e5 et m\u00f8te i valgkomiteen fredag ettermiddag, skriver NRK, som erfarte den nye ledertrioen f\u00f8rst.<\/p>\n<p>Det betyr at Asheim og Svenneby offisielt ikke er innstilt enda, og ting dermed i teorien kan endre seg. Det beskrives likevel som sv\u00e6rt lite sannsynlig av Nettavisens kilder.<\/p>\n<p><b>Gr\u00e5t i MDG, dr\u00f8ye Ap-teknikker og dette var Listhaug-regjeringen Norge ikke fikk: Du<\/b><b> kan abonnere p\u00e5 podkasten p\u00e5 b\u00e5de <\/b><b><a href=\"https:\/\/open.spotify.com\/show\/07dARiGPuzxxUniKtD7SJW?si=-KOtwAnQT_ubEyw3e1hWqw\" rel=\"nofollow noopener\" target=\"_blank\">Spotify<\/a> og <a href=\"https:\/\/podcasts.apple.com\/no\/podcast\/gilbrant-suvatne\/id1835874398?l=nb\" rel=\"nofollow noopener\" target=\"_blank\">Apple<\/a>.<\/b><\/p>\n","protected":false},"excerpt":{"rendered":"Nettavisen f\u00e5r bekreftet fra sentrale kilder i partiet at Henrik Asheim og Ola Svenneby innstilles som nye nestledere&hellip;\n","protected":false},"author":2,"featured_media":104861,"comment_status":"","ping_status":"","sticky":false,"template":"","format":"standard","meta":{"footnotes":""},"categories":[10],"tags":[20,21,24,25,15,22,23,13,30,28,29,14,16,26,27],"class_list":{"0":"post-104860","1":"post","2":"type-post","3":"status-publish","4":"format-standard","5":"has-post-thumbnail","7":"category-norge","8":"tag-breaking-news","9":"tag-breakingnews","10":"tag-featured-news","11":"tag-featurednews","12":"tag-headlines","13":"tag-latest-news","14":"tag-latestnews","15":"tag-news","16":"tag-no","17":"tag-norge","18":"tag-norway","19":"tag-nyheter","20":"tag-overskrifter","21":"tag-top-stories","22":"tag-topstories"},"share_on_mastodon":{"url":"https:\/\/pubeurope.com\/@no\/115666488084250514","error":""},"_links":{"self":[{"href":"https:\/\/www.europesays.com\/no\/wp-json\/wp\/v2\/posts\/104860","targetHints":{"allow":["GET"]}}],"collection":[{"href":"https:\/\/www.europesays.com\/no\/wp-json\/wp\/v2\/posts"}],"about":[{"href":"https:\/\/www.europesays.com\/no\/wp-json\/wp\/v2\/types\/post"}],"author":[{"embeddable":true,"href":"https:\/\/www.europesays.com\/no\/wp-json\/wp\/v2\/users\/2"}],"replies":[{"embeddable":true,"href":"https:\/\/www.europesays.com\/no\/wp-json\/wp\/v2\/comments?post=104860"}],"version-history":[{"count":0,"href":"https:\/\/www.europesays.com\/no\/wp-json\/wp\/v2\/posts\/104860\/revisions"}],"wp:featuredmedia":[{"embeddable":true,"href":"https:\/\/www.europesays.com\/no\/wp-json\/wp\/v2\/media\/104861"}],"wp:attachment":[{"href":"https:\/\/www.europesays.com\/no\/wp-json\/wp\/v2\/media?parent=104860"}],"wp:term":[{"taxonomy":"category","embeddable":true,"href":"https:\/\/www.europesays.com\/no\/wp-json\/wp\/v2\/categories?post=104860"},{"taxonomy":"post_tag","embeddable":true,"href":"https:\/\/www.europesays.com\/no\/wp-json\/wp\/v2\/tags?post=104860"}],"curies":[{"name":"wp","href":"https:\/\/api.w.org\/{rel}","templated":true}]}}