{"id":104862,"date":"2025-12-05T10:30:33","date_gmt":"2025-12-05T10:30:33","guid":{"rendered":"https:\/\/www.europesays.com\/no\/104862\/"},"modified":"2025-12-05T10:30:33","modified_gmt":"2025-12-05T10:30:33","slug":"cupfinalen-2025-mening-na-er-det-pa-tide-for-fotballbyen-sarpsborg-a-besta-eksamen","status":"publish","type":"post","link":"https:\/\/www.europesays.com\/no\/104862\/","title":{"rendered":"Cupfinalen 2025, Mening | N\u00e5 er det p\u00e5 tide for fotballbyen Sarpsborg \u00e5 best\u00e5 eksamen"},"content":{"rendered":"\n<p>   <img decoding=\"async\" width=\"3200\" height=\"2401\" fetchpriority=\"low\"  loading=\"lazy\"  src=\"https:\/\/www.europesays.com\/no\/wp-content\/uploads\/2025\/12\/04temtn_cupfinale_publikum_020_2.jpg\" alt=\"\" class=\"brick-c-cFOWSL\" style=\"--brick-image-ratio: 3200 \/ 2401;\"\/><\/p>\n<p>      Slik s\u00e5 det ut forrige gang Sarpsborg 08 var p\u00e5 Ullevaal.  Fossefallet trakk historiske linjer tilbake til 1917 da de \u00f8nsket Sarpsborg 08-spillerne lykke til i finalen Lillestr\u00f8m til slutt vant 3-2.<br \/>\n      Foto: Tobias Nordli\n    <\/p>\n<p>De tapte cupfinalene i 2015 og 2017? Pubertale pr\u00f8velser.<\/p>\n<p>Bronsemedaljen i 2015? En solid tentamen.<\/p>\n<p>Europa League-eventyret i 2018? En russetid vi aldri glemmer!<\/p>\n<p>Deretter: Mer trauste student\u00e5r p\u00e5 norsk fotballs h\u00f8yskole \u2013 eliteserien.<\/p>\n<p>Sarpsborg 08 sitter fortsatt p\u00e5 skolebenken.<\/p>\n<p>Trenger en pokal!<\/p>\n<p>\u00abStudenten\u00bb Sarpsborg 08 har levert p\u00e5 et jevnt og godt niv\u00e5. Parallelt med det har fotballkulturen i byen utviklet seg til \u00e5 bli sterkere og bedre. Men fortsatt mangler det som gj\u00f8r at vi kan henge et felles \u00abvitnem\u00e5l\u00bb p\u00e5 veggen.<\/p>\n<ul>\n<li><b>Les flere kommentarer <a href=\"https:\/\/www.sa.no\/tag\/petter-kalnes\" rel=\"Follow nofollow noopener\" target=\"_blank\">HER<\/a><\/b><\/li>\n<\/ul>\n<p>Og det, mine kj\u00e6re bysbarn, handler om en tittel. En pokal. Et synlig bevis p\u00e5 at Sarpsborg 08 er mer enn bare en middelhavsfarer med <a href=\"https:\/\/www.sa.no\/prognose-sarpsborg-08-venter-stort-overskudd\/s\/5-46-1921374\" rel=\"Follow nofollow noopener\" target=\"_blank\">bunnsolid \u00f8konomi og fornuftig klubbdrift<\/a>, selv etter 13 strake sesonger i eliteserien.<\/p>\n<p>Vi vil kalle oss vinnere!<\/p>\n<p>   <img decoding=\"async\" width=\"3200\" height=\"2134\" fetchpriority=\"low\"  loading=\"lazy\"  src=\"https:\/\/www.europesays.com\/no\/wp-content\/uploads\/2025\/12\/23temtn_cupfinalefolk_062.jpg\" alt=\"\" class=\"brick-c-cFOWSL\" style=\"--brick-image-ratio: 3200 \/ 2134;\"\/><\/p>\n<p>      Kong Harald gir tr\u00f8stepokalen til Sarpsborg 08s Kjetil Berge etter cupfinalen i 2015. Den gang vant Rosenborg 2-0.<br \/>\n      Foto: Tobias Nordli\n    <\/p>\n<p>For \u00e5 avslutte skole-metaforen: N\u00e5 m\u00e5 man best\u00e5 eksamen. Ja, man m\u00e5 kanskje til og med levere en masteroppgave det lukter svidd av.<\/p>\n<p>90 minutter \u2013 det kan fort ogs\u00e5 bli 120 minutter og straffesparkkonkurranse \u2013 p\u00e5 Ullevaal l\u00f8rdag ettermiddag avgj\u00f8r hvilken tilstand byen v\u00e5r er i n\u00e5r vi v\u00e5kner opp s\u00f8ndag morgen.<\/p>\n<p>La Lillestr\u00f8m tro<\/p>\n<p>Sarpsborg 08 og Sarpsborg by trenger en triumf p\u00e5 Ullevaal. Det hadde v\u00e6rt en perfekt avslutning p\u00e5 en sesong som ikke ble helt som man h\u00e5pet i serien.<\/p>\n<p>En 9. plass var alts\u00e5 ikke \u00abhelt som man h\u00e5pet\u00bb. Dette forteller meg to ting: Sarpsborg 08 har store ambisjoner. Og fotballpublikummet i byen begynner \u00e5 bli kresne.<\/p>\n<p>Jeg synes b\u00e5de lag og publikum skal g\u00e5 inn i denne deilige helgen med hodet h\u00f8yt hevet og brystkassa fram. Kanskje vi til og med skal koste p\u00e5 oss \u00e5 v\u00e6re det trauste sarpinger sjelden er: Litt \u00abbreiale\u00bb.<\/p>\n<p>La Lillestr\u00f8m Sportsklubb tro at de kan g\u00e5 p\u00e5 vannet etter \u00e5 ha levert en sesong uten tap p\u00e5 nest beste niv\u00e5.<\/p>\n<p>La dem tro at Thomas Lehne Olsen, han som ble delt toppscorer p\u00e5 nest beste niv\u00e5, skal skyte Mamour Ndiaye ut av m\u00e5let.<\/p>\n<p>Og la Lillestr\u00f8m tro at deres litt r\u00e5ere og mer br\u00e5kete publikummere kan synge sarpingene til stillhet p\u00e5 Ullevaal.<\/p>\n<p>La dem tro det!<\/p>\n<p>Fram med kassa<\/p>\n<p>Tr\u00f8kk fram kassa. Og hev det bl\u00e5-hvite skjerfet over hodet.<\/p>\n<p>Og fokuser p\u00e5 at her i Sarp, i motsetning til p\u00e5 Lillestr\u00f8m, har vi i 13 \u00e5r p\u00e5 rad spilt p\u00e5 \u00f8verste niv\u00e5 i norsk fotball.<\/p>\n<p>Her i byen er vi skuffet over \u00e5 bli nummer ni i det som er Nordens beste liga.<\/p>\n<p>Vi har en spiss i Daniel Karlsbakk som er ensom p\u00e5 skytterligaens topp.<\/p>\n<p>Og vi har et syngende publikum som etter hvert har blitt godt organisert, utviklet seg i imponerende fart, som har et godt og fornuftig samarbeid med Sarpsborg 08s ledelse \u2013 og som kommer til \u00e5 gi \u00abKanarifansen\u00bb langt bedre kamp enn hva som var tilfelle i finalen i 2017. Den gang for \u00e5tte \u00e5r siden tapte Sarpsborg 08 for Lillestr\u00f8m p\u00e5 en d\u00e5rlig dag og etter en stor og avgj\u00f8rende dommerfeil.<\/p>\n<p>La alle p\u00e5 Lillestr\u00f8m tro p\u00e5 oddssetterne hos Norsk Tipping p\u00e5 Hamar som mener de er favoritter.<\/p>\n<p>Jeg er derimot ikke sikker p\u00e5 at spillerne til for eksempel seriemester Viking, fantastisk gode Bod\u00f8\/Glimt, stjernegalleriet Molde, oppskrytte Rosenborg, sjarmerende KFUM Oslo eller Brann setter hele  p\u00e5 gul\/sort triumf p\u00e5 Ullevaal l\u00f8rdag ettermiddag. Dette er bare noen eksmpler p\u00e5 lag som har slitt voldsomt med Sarpsborg 08 denne sesongen.<\/p>\n<p>Men la gjerne Lillestr\u00f8m dyrke favorittstempelet. Det gj\u00f8r oss ingenting.<\/p>\n<p>Bare de bl\u00e5-hvite p\u00e5 bane og tribune tror p\u00e5 det de selv reiser til Oslo med.<\/p>\n<p>For det er faktisk ikke s\u00e5 rent lite!<\/p>\n<p>\u00c5pen batalje<\/p>\n<p>Legger en f\u00f8lelser til side og fors\u00f8ker \u00e5 tenke p\u00e5 fotballkampen p\u00e5 Ullevaal l\u00f8rdag som, ja nettopp, en fotballkamp, kan en trygt sl\u00e5 fast at det p\u00e5 forh\u00e5nd er en helt \u00e5pen batalje.<\/p>\n<p>Det er en del klare sp\u00f8rsm\u00e5l \u00e5 stille p\u00e5 forh\u00e5nd. F\u00f8rst og fremst hvilken utgave Sarpsborg 08 kommer ut i. Stabilitet er ikke akkurat deres sterke side! Forskjellen p\u00e5 topp- og bunniv\u00e5 er \u00e6rlig talt ganske stor.<\/p>\n<p>Det blir ogs\u00e5 spennende \u00e5 se hvilken pressh\u00f8yde de to lags trenere velger. Sarpsborg 08 er klart best n\u00e5r de ligger lavt, kompakt og satser p\u00e5 overganger. Lillestr\u00f8m har styrt og stelt i stort sett alle kamper i 1. divisjon denne sesongen. Hvor mye ball \u00f8nsker deres dyktige trener Hans Erik \u00d8degaard at laget hans skal ha p\u00e5 Ullevaal? Og samtidig: Vil Martin Foyston sjokke Lillestr\u00f8m med h\u00f8yt press. Eller legge seg bakp\u00e5 i \u00abramma\u00bb?<\/p>\n<p>Og s\u00e5 kan det settes et sp\u00f8rsm\u00e5lstegn ved hvor godt Lillestr\u00f8m har t\u00e5lt det lange kampoppholdet de har hatt fra deres siste seriekamp 8. november og fram til cupfinalen. To treningskamper (HamKam og Breidablik) er det laget har i \u00abbanken\u00bb den siste m\u00e5neden. Til sammenligning har Sarpsborg 08 i samme periode spilte t\u00f8ffe seriekamper mot Bryne og Molde, samt en treningskamp mot svenske \u00d6rgryte.<\/p>\n<p>Kanskje har LSK hatt godt av denne rolige perioden? Kanskje f\u00e5r de temposjokk n\u00e5r Daniel Karlsbakk &amp; co. setter p\u00e5 turboen?<\/p>\n<p>Det blir ogs\u00e5 interessant \u00e5 se om Sarpsborg 08s brede tropp, der skadene er f\u00e5 og der kampen om en plass p\u00e5 laget er knallhard, kan bli utslagsgivende i en kamp som ogs\u00e5 blir en fysisk hard duell. Trener Martin Foyston har definitivt l\u00e6rde eliteseriespillere p\u00e5 benken fra start som kan komme inn og avgj\u00f8re denne finalen.<\/p>\n<p>I mitt hode er kampen helt \u00e5pen.<\/p>\n<p>Det laget som takler begivenheten best, vinner.<\/p>\n<p>La oss h\u00e5pe det laget har bl\u00e5-hvite drakter.<\/p>\n<p>Og at fotballbyen Sarpsborg endelig f\u00e5r best\u00e5tt eksamen.<\/p>\n<p><b>Lykke til!<\/b><\/p>\n<ul>\n<li><b>Sarpsborg 08s cup-reise til Ullevaal: <\/b><\/li>\n<\/ul>\n<p>  <a href=\"https:\/\/www.sa.no\/5-46-1921397\" class=\"related-teaser has-image default-story-teaser article--c-eRUmMG article--c-eRUmMG-jKCPdD-design-default\" rel=\"nofollow noopener\" target=\"_blank\"><\/p>\n<p>    <img decoding=\"async\" loading=\"lazy\"  src=\"https:\/\/www.europesays.com\/no\/wp-content\/uploads\/2025\/12\/image_53DC613C-9B45-466B-9757-293F4C7BCEFA_1764533949.jpeg\" alt=\"\" class=\"brick-c-cFOWSL\" style=\"\"\/><\/p>\n<p>\n            Les ogs\u00e5<\/p>\n<p>              Ekteparet Gr\u00f8nsholt skiller lag utenfor Ullevaal: \u2013 Vi blir rivaler en liten stund\n        <\/p>\n<p>  <\/a><\/p>\n<p>  <a href=\"https:\/\/www.sa.no\/5-46-1919683\" class=\"related-teaser has-image default-story-teaser article--c-eRUmMG article--c-eRUmMG-jKCPdD-design-default\" rel=\"nofollow noopener\" target=\"_blank\"><\/p>\n<p>    <img decoding=\"async\" loading=\"lazy\"  src=\"https:\/\/www.europesays.com\/no\/wp-content\/uploads\/2025\/12\/0018JMA_271125SarpsborgStadion_www.impulsmedia.no_lr.jpg\" alt=\"\" class=\"brick-c-cFOWSL\" style=\"\"\/><\/p>\n<p>\n            Les ogs\u00e5<\/p>\n<p>              Familielivet ga karrieren et l\u00f8ft: \u2013 Jeg har spilt mine tre beste sesonger etter at Julia kom til verden\n        <\/p>\n<p>  <\/a><\/p>\n<p>  <a href=\"https:\/\/www.sa.no\/5-46-1920241\" class=\"related-teaser has-image default-story-teaser article--c-eRUmMG article--c-eRUmMG-jKCPdD-design-default\" rel=\"nofollow noopener\" target=\"_blank\"><\/p>\n<p>    <img decoding=\"async\" loading=\"lazy\"  src=\"https:\/\/www.europesays.com\/no\/wp-content\/uploads\/2025\/12\/1764823588_651_cueres_scp-mangler_navn_NXmVHkHX-uo.jpg\" alt=\"\" class=\"brick-c-cFOWSL\" style=\"\"\/><\/p>\n<p>\n            Les ogs\u00e5<\/p>\n<p>              Eliteseriens m\u00e5lkonge: \u2013 Derfor blir jeg i Sarpsborg\n        <\/p>\n<p>  <\/a><\/p>\n","protected":false},"excerpt":{"rendered":"Slik s\u00e5 det ut forrige gang Sarpsborg 08 var p\u00e5 Ullevaal. Fossefallet trakk historiske linjer tilbake til 1917&hellip;\n","protected":false},"author":2,"featured_media":104863,"comment_status":"","ping_status":"","sticky":false,"template":"","format":"standard","meta":{"footnotes":""},"categories":[59],"tags":[36,11280,92,3218,30,28,29,1533,1178,133,83,82],"class_list":{"0":"post-104862","1":"post","2":"type-post","3":"status-publish","4":"format-standard","5":"has-post-thumbnail","7":"category-sport","8":"tag-art","9":"tag-cupfinalen-2025","10":"tag-fotball","11":"tag-mening","12":"tag-no","13":"tag-norge","14":"tag-norway","15":"tag-opinion","16":"tag-petter-kalnes","17":"tag-sarpsborg-08","18":"tag-sport","19":"tag-sports"},"share_on_mastodon":{"url":"https:\/\/pubeurope.com\/@no\/115666500366573710","error":""},"_links":{"self":[{"href":"https:\/\/www.europesays.com\/no\/wp-json\/wp\/v2\/posts\/104862","targetHints":{"allow":["GET"]}}],"collection":[{"href":"https:\/\/www.europesays.com\/no\/wp-json\/wp\/v2\/posts"}],"about":[{"href":"https:\/\/www.europesays.com\/no\/wp-json\/wp\/v2\/types\/post"}],"author":[{"embeddable":true,"href":"https:\/\/www.europesays.com\/no\/wp-json\/wp\/v2\/users\/2"}],"replies":[{"embeddable":true,"href":"https:\/\/www.europesays.com\/no\/wp-json\/wp\/v2\/comments?post=104862"}],"version-history":[{"count":0,"href":"https:\/\/www.europesays.com\/no\/wp-json\/wp\/v2\/posts\/104862\/revisions"}],"wp:featuredmedia":[{"embeddable":true,"href":"https:\/\/www.europesays.com\/no\/wp-json\/wp\/v2\/media\/104863"}],"wp:attachment":[{"href":"https:\/\/www.europesays.com\/no\/wp-json\/wp\/v2\/media?parent=104862"}],"wp:term":[{"taxonomy":"category","embeddable":true,"href":"https:\/\/www.europesays.com\/no\/wp-json\/wp\/v2\/categories?post=104862"},{"taxonomy":"post_tag","embeddable":true,"href":"https:\/\/www.europesays.com\/no\/wp-json\/wp\/v2\/tags?post=104862"}],"curies":[{"name":"wp","href":"https:\/\/api.w.org\/{rel}","templated":true}]}}