{"id":104866,"date":"2025-12-05T10:38:09","date_gmt":"2025-12-05T10:38:09","guid":{"rendered":"https:\/\/www.europesays.com\/no\/104866\/"},"modified":"2025-12-05T10:38:09","modified_gmt":"2025-12-05T10:38:09","slug":"sveriges-regjering-vil-ta-statsborgerskapet-fra-grove-kriminelle","status":"publish","type":"post","link":"https:\/\/www.europesays.com\/no\/104866\/","title":{"rendered":"Sveriges regjering vil ta statsborgerskapet fra grove kriminelle"},"content":{"rendered":"\n<p class=\"_lead_o9xde_2 _lead_xtcu6_50 layout-component text-serif-m layout-normal text-serif-l layout-component layout-wide layout-padded _wide_17hqh_1 layout-padded\">Den svenske regjeringen foresl\u00e5r drastiske tiltak mot gjengkriminalitet.<\/p>\n<p><img alt=\"Ulf Kristersson er statsminister i Sverige p\u00e5 vegne av partiet Moderaterna. N\u00e5 foresl\u00e5r regjeringen hans nye tiltak mot gjengkriminalitet. Foto: Jessica Gow\/TT \/ TT NYHETSBYR\u00c5N\" class=\"_image_qp4xg_65 layout-component layout-wide\" data-fullscreen- data-track-element-type=\"Article image fullscreen\" data-track-name=\"ImageFullscreen\" fetchpriority=\"high\" decoding=\"sync\" loading=\"eager\" height=\"3687\" itemprop=\"image\"  src=\"https:\/\/www.europesays.com\/no\/wp-content\/uploads\/2025\/12\/b6feb01b-a0df-4e53-9c29-1fd1a5a00ce5\"  style=\"object-position:0% 0%\" width=\"4608\"\/>Ulf Kristersson er statsminister i Sverige p\u00e5 vegne av partiet Moderaterna. N\u00e5 foresl\u00e5r regjeringen hans nye tiltak mot gjengkriminalitet. Foto: Jessica Gow\/TT \/ TT NYHETSBYR\u00c5N<\/p>\n<ul aria-hidden=\"true\" class=\"_images_ntbth_112\">\n<li><a class=\"_link_ntbth_117\" href=\"https:\/\/www.vg.no\/forfatter\/ntb\" style=\"z-index:1\" title=\"NTB\" rel=\"nofollow noopener\" target=\"_blank\"><img alt=\"Bilde av NTB\" class=\"_image_ntbth_93\" fetchpriority=\"low\" loading=\"lazy\" decoding=\"async\" itemprop=\"image\"  src=\"https:\/\/www.europesays.com\/no\/wp-content\/uploads\/2025\/12\/1764931089_164_c33980b0-5d07-4027-84a1-813f90a7c8d6\"  width=\"480\"\/><\/a><\/li>\n<\/ul>\n<p> Oppdatert fredag 5. desember kl. 11:29     <\/p>\n<p class=\"_paragraph_o9xde_4 _paragraph_xtcu6_10 layout-component text-serif-m layout-normal text-serif-m layout-padded\">N\u00e5 foresl\u00e5r de nemlig at svensk statsborgerskap skal kunne fratas svensker som beg\u00e5r grove lovbrudd. Det handler om kriminalitet som p\u00e5f\u00f8rer \u00abalvorlig skade p\u00e5 sentrale svenske interesser\u00bb.<\/p>\n<p class=\"_paragraph_o9xde_4 _paragraph_xtcu6_10 layout-component text-serif-m layout-normal text-serif-m layout-padded\"><strong class=\"_strong_o9xde_25\">Forslaget gjelder kun de som har dobbelt statsborgerskap.dobbelt statsborgerskap.N\u00e5r en person er statsborger i to forskjellige land samtidig.<\/strong><\/p>\n<p class=\"_paragraph_o9xde_4 _paragraph_xtcu6_10 layout-component text-serif-m layout-normal text-serif-m layout-padded\">\u00abSystemtruendeSystemtruendeNoe som utgj\u00f8r en alvorlig trussel mot samfunnets grunnleggende strukturer og funksjoner.\u00bb gjengkriminalitet nevnes som eksempel p\u00e5 en type lovbrudd som skal kunne straffes med fratakelse av statsborgerskap. Dette kan v\u00e6re detonering av eksplosiver og skyting.<\/p>\n<p class=\"_paragraph_o9xde_4 _paragraph_xtcu6_10 layout-component text-serif-m layout-normal text-serif-m layout-padded\">If\u00f8lge nyhetsbyr\u00e5et TT er det snakk om et grunnlovsforslag som skal behandles av den svenske riksdagenriksdagenSveriges nasjonalforsamling, som er ansvarlig for \u00e5 vedta lover og bestemme over landets politikk..<\/p>\n","protected":false},"excerpt":{"rendered":"Den svenske regjeringen foresl\u00e5r drastiske tiltak mot gjengkriminalitet. Ulf Kristersson er statsminister i Sverige p\u00e5 vegne av partiet&hellip;\n","protected":false},"author":2,"featured_media":104867,"comment_status":"","ping_status":"","sticky":false,"template":"","format":"standard","meta":{"footnotes":""},"categories":[12],"tags":[20,21,24,25,15,148,22,23,13,30,28,29,14,16,1359,26,27,42,43,44,45],"class_list":{"0":"post-104866","1":"post","2":"type-post","3":"status-publish","4":"format-standard","5":"has-post-thumbnail","7":"category-verden","8":"tag-breaking-news","9":"tag-breakingnews","10":"tag-featured-news","11":"tag-featurednews","12":"tag-headlines","13":"tag-kriminalitet","14":"tag-latest-news","15":"tag-latestnews","16":"tag-news","17":"tag-no","18":"tag-norge","19":"tag-norway","20":"tag-nyheter","21":"tag-overskrifter","22":"tag-sverige","23":"tag-top-stories","24":"tag-topstories","25":"tag-verden","26":"tag-world","27":"tag-world-news","28":"tag-worldnews"},"share_on_mastodon":{"url":"https:\/\/pubeurope.com\/@no\/115666531705171375","error":""},"_links":{"self":[{"href":"https:\/\/www.europesays.com\/no\/wp-json\/wp\/v2\/posts\/104866","targetHints":{"allow":["GET"]}}],"collection":[{"href":"https:\/\/www.europesays.com\/no\/wp-json\/wp\/v2\/posts"}],"about":[{"href":"https:\/\/www.europesays.com\/no\/wp-json\/wp\/v2\/types\/post"}],"author":[{"embeddable":true,"href":"https:\/\/www.europesays.com\/no\/wp-json\/wp\/v2\/users\/2"}],"replies":[{"embeddable":true,"href":"https:\/\/www.europesays.com\/no\/wp-json\/wp\/v2\/comments?post=104866"}],"version-history":[{"count":0,"href":"https:\/\/www.europesays.com\/no\/wp-json\/wp\/v2\/posts\/104866\/revisions"}],"wp:featuredmedia":[{"embeddable":true,"href":"https:\/\/www.europesays.com\/no\/wp-json\/wp\/v2\/media\/104867"}],"wp:attachment":[{"href":"https:\/\/www.europesays.com\/no\/wp-json\/wp\/v2\/media?parent=104866"}],"wp:term":[{"taxonomy":"category","embeddable":true,"href":"https:\/\/www.europesays.com\/no\/wp-json\/wp\/v2\/categories?post=104866"},{"taxonomy":"post_tag","embeddable":true,"href":"https:\/\/www.europesays.com\/no\/wp-json\/wp\/v2\/tags?post=104866"}],"curies":[{"name":"wp","href":"https:\/\/api.w.org\/{rel}","templated":true}]}}