{"id":104868,"date":"2025-12-05T10:39:13","date_gmt":"2025-12-05T10:39:13","guid":{"rendered":"https:\/\/www.europesays.com\/no\/104868\/"},"modified":"2025-12-05T10:39:13","modified_gmt":"2025-12-05T10:39:13","slug":"asheim-og-svenneby-ligger-an-til-a-bli-hoyre-nestledere","status":"publish","type":"post","link":"https:\/\/www.europesays.com\/no\/104868\/","title":{"rendered":"Asheim og Svenneby ligger an til \u00e5 bli H\u00f8yre-nestledere"},"content":{"rendered":"\n<p class=\"_lead_o9xde_2 _lead_xtcu6_50 layout-component text-serif-m layout-normal text-serif-l layout-component layout-wide layout-padded _wide_17hqh_1 layout-padded\">Det er fire H\u00f8yre-profiler som er aktuelle for de tre topp-posisjonene i partiet. Peter Fr\u00f8lich er jokeren.<\/p>\n<p><img alt=\"H\u00d8YRE-TOPPER: Peter Fr\u00f8lich kan ta over for Ine Eriksen S\u00f8reide som leder av Stortingets utenriks- og forsvarskomite. Foto: Hallgeir V\u00e5genes \/ VG\" class=\"_image_qp4xg_65 layout-component layout-wide\" data-fullscreen- data-track-element-type=\"Article image fullscreen\" data-track-name=\"ImageFullscreen\" fetchpriority=\"high\" decoding=\"sync\" loading=\"eager\" height=\"4000\" itemprop=\"image\"  src=\"https:\/\/www.europesays.com\/no\/wp-content\/uploads\/2025\/12\/32126b09-79fe-4e62-95c8-6ba364529459\"  style=\"object-position:0% 0%\" width=\"6000\"\/>H\u00d8YRE-TOPPER: Peter Fr\u00f8lich kan ta over for Ine Eriksen S\u00f8reide som leder av Stortingets utenriks- og forsvarskomite. Foto: Hallgeir V\u00e5genes \/ VG Oppdatert fredag 5. desember kl. 11:33     <\/p>\n<p class=\"_paragraph_o9xde_4 _paragraph_xtcu6_10 layout-component text-serif-m layout-normal text-serif-m layout-padded\">Valgkomiteen i H\u00f8yre m\u00f8tes klokken 1430 i dag.<\/p>\n<p class=\"_paragraph_o9xde_4 _paragraph_xtcu6_10 layout-component text-serif-m layout-normal text-serif-m layout-padded\">De aktuelle kandidatene til ledelsen m\u00e5 si ifra om de er kandidater.<\/p>\n<p class=\"_paragraph_o9xde_4 _paragraph_xtcu6_10 layout-component text-serif-m layout-normal text-serif-m layout-padded\">Status er n\u00e5 slik, if\u00f8lge VGs kilder:<\/p>\n<ul class=\"_list_o9xde_3 _list_xtcu6_9 _unordered_o9xde_106 layout-component text-serif-m layout-normal text-serif-m layout-padded\">\n<li class=\"_item_o9xde_30\">Ine Eriksen S\u00f8reide blir H\u00f8yre-leder.<\/li>\n<li class=\"_item_o9xde_30\">Henrik Asheim er favoritt til \u00e5 fortsette som nestleder.<\/li>\n<li class=\"_item_o9xde_30\">Unge H\u00f8yre-leder Ola Svenneby blir trolig nestleder.<\/li>\n<li class=\"_item_o9xde_30\">Peter Fr\u00f8lich rykker opp som leder i Stortingets utenriks- og forsvarskomit\u00e9 n\u00e5r dagens leder, Ine Eriksen S\u00f8reide blir H\u00f8yre-leder.<\/li>\n<\/ul>\n<p class=\"_paragraph_o9xde_4 _paragraph_xtcu6_10 layout-component text-serif-m layout-normal text-serif-m layout-padded\">Valgkomite-leder Christian Ingebrigtsen opplyser til VG at det ikke ligger an til \u00e5 komme en innstilling fredag. <\/p>\n<p>Fr\u00f8lich er joker<\/p>\n<p class=\"_paragraph_o9xde_4 _paragraph_xtcu6_10 layout-component text-serif-m layout-normal text-serif-m layout-padded\">Men det er litt usikkerhet.<\/p>\n<p><img alt=\"Foto: Gisle Oddstad \/ VG\" class=\"_image_qp4xg_65 layout-component layout-normal\" data-fullscreen- data-track-element-type=\"Article image fullscreen\" data-track-name=\"ImageFullscreen\" decoding=\"async\" loading=\"lazy\" height=\"5464\" itemprop=\"image\"  src=\"https:\/\/www.europesays.com\/no\/wp-content\/uploads\/2025\/12\/c234695a-47fc-4f9a-9591-fd00ecacc64a\"  style=\"object-position:0% 0%\" width=\"8192\"\/>Foto: Gisle Oddstad \/ VG<\/p>\n<p class=\"_paragraph_o9xde_4 _paragraph_xtcu6_10 layout-component text-serif-m layout-normal text-serif-m layout-padded\">Fr\u00f8lich er \u00f8nsket som nestleder av sterke krefter i partiet, spesielt fra distriktene, anf\u00f8rt av B\u00f8-ordf\u00f8rer Sture Pedersen i B\u00f8. <\/p>\n<p class=\"_paragraph_o9xde_4 _paragraph_xtcu6_10 layout-component text-serif-m layout-normal text-serif-m layout-padded\">Det dreier seg om at resten av landet b\u00f8r v\u00e6re representert og ikke bare \u00d8stlandet. Hvis det blir S\u00f8reide, Asheim og Svenneby som inntar toppledelsen, er det Stor-Oslo som ruler i partiet.<\/p>\n<p><img decoding=\"async\" alt=\"Bilde av Ola Svenneby\" class=\"_image_ygndg_42\" height=\"28\" itemprop=\"image\" loading=\"lazy\"  src=\"https:\/\/www.europesays.com\/no\/wp-content\/uploads\/2025\/12\/6cffd500-9892-4ad2-a92c-6111152812d4\"  width=\"40\"\/><strong class=\"_name_ygndg_51 title-serif-xs\">Ola Svenneby<\/strong><\/p>\n<p class=\"_paragraph_o9xde_4 text-sans-m _description_ygndg_56\">Unge H\u00f8yre-leder og nestlederfavoritt i H\u00f8yre<\/p>\n<p><img decoding=\"async\" alt=\"Bilde av Henrik Asheim\" class=\"_image_ygndg_42\" height=\"27\" itemprop=\"image\" loading=\"lazy\"  src=\"https:\/\/www.europesays.com\/no\/wp-content\/uploads\/2025\/12\/c75c4177-92b5-4212-9b3f-8a37b09b5433\"  width=\"40\"\/><strong class=\"_name_ygndg_51 title-serif-xs\">Henrik Asheim<\/strong><\/p>\n<p class=\"_paragraph_o9xde_4 text-sans-m _description_ygndg_56\">Nestleder i H\u00f8yre<\/p>\n<p class=\"_paragraph_o9xde_4 _paragraph_xtcu6_10 layout-component text-serif-m layout-normal text-serif-m layout-padded\">Men Bergens-baserte Fr\u00f8lich har famili\u00e6re hensyn \u00e5 ta som gj\u00f8r at det er vanskelig b\u00e5de v\u00e6re nestleder og \u00e5 lede en s\u00e5 jobbkrevende komit\u00e9 som utenriks- og forsvarskomiteen.<\/p>\n<p class=\"_paragraph_o9xde_4 _paragraph_xtcu6_10 layout-component text-serif-m layout-normal text-serif-m layout-padded\">Trolig velger han \u00e5 bli komit\u00e9leder i den prestisjefylte komiteen, men \u00e5 v\u00e6re nestleder er ikke \u00e5 kimse av heller.<\/p>\n<p class=\"_paragraph_o9xde_4 _paragraph_xtcu6_10 layout-component text-serif-m layout-normal text-serif-m layout-padded\">Fr\u00f8lich forteller komiteen om sitt \u00f8nske i ettermiddag.<\/p>\n<p class=\"_paragraph_o9xde_4 _paragraph_xtcu6_10 layout-component text-serif-m layout-normal text-serif-m layout-padded\">Asheim \u00f8nsker ikke \u00e5 kommentere saken.<\/p>\n<p class=\"_paragraph_o9xde_4 _paragraph_xtcu6_10 layout-component text-serif-m layout-normal text-serif-m layout-padded\">\u2014 S\u00e5 vidt jeg vet skal valgkomiteen m\u00f8tes i dag. S\u00e5 jeg har ikke noe kommentar til det, sier Asheim til VG. <\/p>\n<p class=\"_paragraph_o9xde_4 _paragraph_xtcu6_10 layout-component text-serif-m layout-normal text-serif-m layout-padded\">\u2014 Hva blir viktig for deg dersom du f\u00e5r fortsette som nestleder?<\/p>\n<p class=\"_paragraph_o9xde_4 _paragraph_xtcu6_10 layout-component text-serif-m layout-normal text-serif-m layout-padded\">\u2014 Det kommer jeg til \u00e5 svare p\u00e5\u00a0dersom jeg f\u00e5r fortsette som nestleder.<\/p>\n<p>Ulik profil<\/p>\n<p class=\"_paragraph_o9xde_4 _paragraph_xtcu6_10 layout-component text-serif-m layout-normal text-serif-m layout-padded\">Nestlederne m\u00e5 b\u00e5de reise mye rundt i partiet, og ta debatter b\u00e5de p\u00e5 Stortinget og i pressen. <\/p>\n<p class=\"_paragraph_o9xde_4 _paragraph_xtcu6_10 layout-component text-serif-m layout-normal text-serif-m layout-padded\">Henrik Asheim har v\u00e6rt nestleder av partiet siden 2022 under Erna Solbergs ledelse. Han har v\u00e6rt tidligere Unge H\u00f8yre-leder, forsknings- og h\u00f8yere utdanningsminister og sitter n\u00e5 i Stortingets finanskomite.<\/p>\n<p class=\"_paragraph_o9xde_4 _paragraph_xtcu6_10 layout-component text-serif-m layout-normal text-serif-m layout-padded\">Peter Fr\u00f8lich har ledet kontrollkomiteen p\u00e5 Stortinget. Han sitter i dag utenriks- og forsvarskomiteen. Ola Svenneby er i dag Unge H\u00f8yre-leder. <\/p>\n<p class=\"_paragraph_o9xde_4 _paragraph_xtcu6_10 layout-component text-serif-m layout-normal text-serif-m layout-padded\">If\u00f8lge VGs kilder regnes Fr\u00f8lich og Svenenby internt for \u00e5 v\u00e6re lenger til h\u00f8yre i partiet enn Asheim. <\/p>\n<p class=\"_paragraph_o9xde_4 _paragraph_xtcu6_10 layout-component text-serif-m layout-normal text-serif-m layout-padded\">Svenneby ble ikke valgt inn p\u00e5 Stortinget og m\u00e5 f\u00e5 l\u00f8nn fra partiet som nestleder. Han har blant annet v\u00e6rt profilert i saker om innvandring. <\/p>\n<p class=\"_paragraph_o9xde_4 _paragraph_xtcu6_10 layout-component text-serif-m layout-normal text-serif-m layout-padded\"><strong class=\"_strong_o9xde_25\">Les VGs intervjuer med kandidatene:<\/strong><\/p>\n<p>Les ogs\u00e5<br \/>\nSkal velge seks<\/p>\n<p class=\"_paragraph_o9xde_4 _paragraph_xtcu6_10 layout-component text-serif-m layout-normal text-serif-m layout-padded\">Om vi f\u00e5r vite noe i dag om utfallet av kaballeggingen til valgkomiteleder Christian Ingebrigtsen og resten av valgkomiteen, er imidlertid usikkert.<\/p>\n<p class=\"_paragraph_o9xde_4 _paragraph_xtcu6_10 layout-component text-serif-m layout-normal text-serif-m layout-padded\">Flere andre kandidater har ogs\u00e5 v\u00e6rt nevnt som kandidater til \u00e5 bli nestleder i partiet: tidligere stortingsrepresentant Sandra Bruflot fra Buskerud, stortingsrepresentant Erlend Svardal B\u00f8e fra Troms og Mahmoud Farahmand fra Telemark.<\/p>\n<p class=\"_paragraph_o9xde_4 _paragraph_xtcu6_10 layout-component text-serif-m layout-normal text-serif-m layout-padded\">Komiteen vil trolig ha behov for siste runder, f\u00f8r de g\u00e5r ut med sin innstilling til landsm\u00f8tet i februar.<\/p>\n<p><img decoding=\"async\" alt=\"Bilde av Sandra Bruflot\" class=\"_image_ygndg_42\" height=\"27\" itemprop=\"image\" loading=\"lazy\"  src=\"https:\/\/www.europesays.com\/no\/wp-content\/uploads\/2025\/12\/511cea19-739c-4b03-8a95-f40088d945bf\"  width=\"40\"\/><strong class=\"_name_ygndg_51 title-serif-xs\">Sandra Bruflot<\/strong><\/p>\n<p class=\"_paragraph_o9xde_4 text-sans-m _description_ygndg_56\">Tidligere H\u00f8yre-stortingsrepresentant<\/p>\n<p><img decoding=\"async\" alt=\"Bilde av Erlend Svardal B\u00f8e\" class=\"_image_ygndg_42\" height=\"30\" itemprop=\"image\" loading=\"lazy\"  src=\"https:\/\/www.europesays.com\/no\/wp-content\/uploads\/2025\/12\/06ece74c-9b8f-4cfe-b947-002727109135\"  width=\"40\"\/><strong class=\"_name_ygndg_51 title-serif-xs\">Erlend Svardal B\u00f8e<\/strong><\/p>\n<p class=\"_paragraph_o9xde_4 text-sans-m _description_ygndg_56\">H\u00f8yre-representant fra Troms<\/p>\n<p><strong class=\"_name_ygndg_51 title-serif-xs\">Mahmoud Farahmand<\/strong><\/p>\n<p class=\"_paragraph_o9xde_4 text-sans-m _description_ygndg_56\">H\u00f8yre-representant fra Telemark<\/p>\n<p class=\"_paragraph_o9xde_4 _paragraph_xtcu6_10 layout-component text-serif-m layout-normal text-serif-m layout-padded\">Det skal velges seks representanter inn i arbeidsutvalget i H\u00f8yre, som er ledelsen i partiet.<\/p>\n<p class=\"_paragraph_o9xde_4 _paragraph_xtcu6_10 layout-component text-serif-m layout-normal text-serif-m layout-padded\">Der sitter leder, og de to nestlederne, samt lederen i Unge H\u00f8yre og Kvinnepolitisk utvalg.<\/p>\n<p class=\"_paragraph_o9xde_4 _paragraph_xtcu6_10 layout-component text-serif-m layout-normal text-serif-m layout-padded\">Det er plass til en til, og kravet fra distriktene er at det m\u00e5 v\u00e6re en utenfor Oslo-bobla.<\/p>\n<p class=\"_paragraph_o9xde_4 _paragraph_xtcu6_10 layout-component text-serif-m layout-normal text-serif-m layout-padded\">Slik kabalen ser ut n\u00e5, m\u00e5 det trolig bli en kvinne, helst fra nord.<\/p>\n<p class=\"_paragraph_o9xde_4 _paragraph_xtcu6_10 layout-component text-serif-m layout-normal text-serif-m layout-padded\">Landsm\u00f8tet avholdes p\u00e5 Gardermoen 13\u201315. februar.<\/p>\n<p class=\"_paragraph_o9xde_4 _paragraph_xtcu6_10 layout-component text-serif-m layout-normal text-serif-m layout-padded\"><strong class=\"_strong_o9xde_25\">Les flere av VGs intervjuer med H\u00f8yre-kandidatene:<\/strong><\/p>\n<p>Les ogs\u00e5<\/p>\n","protected":false},"excerpt":{"rendered":"Det er fire H\u00f8yre-profiler som er aktuelle for de tre topp-posisjonene i partiet. Peter Fr\u00f8lich er jokeren. H\u00d8YRE-TOPPER:&hellip;\n","protected":false},"author":2,"featured_media":104869,"comment_status":"","ping_status":"","sticky":false,"template":"","format":"standard","meta":{"footnotes":""},"categories":[10],"tags":[20,21,24,25,15,2835,1213,2218,22,23,13,30,28,29,14,1654,16,7858,26,27],"class_list":{"0":"post-104868","1":"post","2":"type-post","3":"status-publish","4":"format-standard","5":"has-post-thumbnail","7":"category-norge","8":"tag-breaking-news","9":"tag-breakingnews","10":"tag-featured-news","11":"tag-featurednews","12":"tag-headlines","13":"tag-henrik-asheim","14":"tag-hoyre-h","15":"tag-ine-eriksen-soreide","16":"tag-latest-news","17":"tag-latestnews","18":"tag-news","19":"tag-no","20":"tag-norge","21":"tag-norway","22":"tag-nyheter","23":"tag-ola-svenneby","24":"tag-overskrifter","25":"tag-peter-frolich","26":"tag-top-stories","27":"tag-topstories"},"share_on_mastodon":{"url":"https:\/\/pubeurope.com\/@no\/115666535904361725","error":""},"_links":{"self":[{"href":"https:\/\/www.europesays.com\/no\/wp-json\/wp\/v2\/posts\/104868","targetHints":{"allow":["GET"]}}],"collection":[{"href":"https:\/\/www.europesays.com\/no\/wp-json\/wp\/v2\/posts"}],"about":[{"href":"https:\/\/www.europesays.com\/no\/wp-json\/wp\/v2\/types\/post"}],"author":[{"embeddable":true,"href":"https:\/\/www.europesays.com\/no\/wp-json\/wp\/v2\/users\/2"}],"replies":[{"embeddable":true,"href":"https:\/\/www.europesays.com\/no\/wp-json\/wp\/v2\/comments?post=104868"}],"version-history":[{"count":0,"href":"https:\/\/www.europesays.com\/no\/wp-json\/wp\/v2\/posts\/104868\/revisions"}],"wp:featuredmedia":[{"embeddable":true,"href":"https:\/\/www.europesays.com\/no\/wp-json\/wp\/v2\/media\/104869"}],"wp:attachment":[{"href":"https:\/\/www.europesays.com\/no\/wp-json\/wp\/v2\/media?parent=104868"}],"wp:term":[{"taxonomy":"category","embeddable":true,"href":"https:\/\/www.europesays.com\/no\/wp-json\/wp\/v2\/categories?post=104868"},{"taxonomy":"post_tag","embeddable":true,"href":"https:\/\/www.europesays.com\/no\/wp-json\/wp\/v2\/tags?post=104868"}],"curies":[{"name":"wp","href":"https:\/\/api.w.org\/{rel}","templated":true}]}}