{"id":104878,"date":"2025-12-05T10:46:16","date_gmt":"2025-12-05T10:46:16","guid":{"rendered":"https:\/\/www.europesays.com\/no\/104878\/"},"modified":"2025-12-05T10:46:16","modified_gmt":"2025-12-05T10:46:16","slug":"forbruker-posten-pakketips-og-sendefrist-fra-nissens-bakkontor","status":"publish","type":"post","link":"https:\/\/www.europesays.com\/no\/104878\/","title":{"rendered":"Forbruker, Posten | Pakketips og sendefrist fra \u00abnissens bakkontor\u00bb"},"content":{"rendered":"\n<p>Det er viktig \u00e5 gj\u00f8re en innsats for at pakker skal komme fram hele og i god tid, mener pressesjef Kenneth Tj\u00f8nndal Pettersen i Posten \u2013 i disse tider gjerne kalt \u00abnissens bakkontor\u00bb.<\/p>\n<p>\u2013 Bruk ordentlig emballasje, og skriv tydelig hvem som er mottaker. Og ogs\u00e5 hvem som er avsender, sier han til NTB.<\/p>\n<p>God emballasje er for eksempel bobleplastkonvolutter og innpakking som er laget for \u00e5 sende pakker.<\/p>\n<p>\u2013 Og s\u00e5 er det enda et godt r\u00e5d n\u00e5r du skal sende en pakke \u00e5 legge en lapp p\u00e5 innsiden av emballasjen med hvem pakken skal til, og hvem avsenderen er. Det gj\u00f8r at vi finner eieren selv om innpakkingen blir \u00f8delagt, sier Pettersen.<\/p>\n<p>Siste frist for sending<\/p>\n<p>Et annet godt r\u00e5d er \u00e5 v\u00e6re tidlig ute med \u00e5 sende pakkene.<\/p>\n<p>\u2013 Det er lurt \u00e5 sende pakkene minst en uke f\u00f8r julaften. Da er du sikret at den kommer fram, sier Pettersen.<\/p>\n<p>Skal du sende pakke til utlandet og ikke til en annen plass i Norge, er det lengre frist. I tillegg er det annen frist for \u00e5 sende pakker til Svalbard. Derfor oppfordrer Pettersen alle til \u00e5 lese seg opp p\u00e5 n\u00e5r siste frist for sending er.<\/p>\n<p>Fristen for sending av liten pakke til Sverige og Danmark er 15. desember. Resten av Norden har 12. desember som frist. Om du skal sende pakke til et europeisk land utenfor Norden, er fristen 9. desember.<\/p>\n<p>Pettersen forklarer at pakkene kan komme fram om man sender dem en dag etter fristen, men at det da er mindre sikkert \u00e5 n\u00e5 mottakerens postkasse.<\/p>\n<p>\u2013 Det er mye fordi vi bor i et land med veldig mye t\u00f8ft v\u00e6r, s\u00e5 ting kan skje. For eksempel at veier blir stengt og flyavganger blir kansellert, sier Pettersen.<\/p>\n<p>   <img decoding=\"async\" width=\"6000\" height=\"4000\" fetchpriority=\"low\"  loading=\"lazy\"  src=\"https:\/\/www.europesays.com\/no\/wp-content\/uploads\/2025\/12\/NTB_jL83SPtY2rI.jpg\" alt=\"\" class=\"brick-c-cFOWSL\" style=\"--brick-image-ratio: 6000 \/ 4000;\"\/><\/p>\n<p>      Postens sorteringssentral p\u00e5 L\u00f8renskog under det \u00e5rlige julegaverushet.<br \/>\n      Foto: Jonas F\u00e6ste Laksekj\u00f8n\n    <\/p>\n<p>  \u2013 Masse rar innpakking<\/p>\n<p>Ofte driver folk med kreativ innpakking av posten, forklarer Pettersen. Noe av det som er vanlig til jul, er \u00e5 sende pakker pakket inn i gavepapir i posten.<\/p>\n<p>\u2013 Og privatpersoner sender jo masse rare plastposer og s\u00f8ppelsekker. Vi har jo funnet en Rema-pose her, sier konsernsjef Petter-B\u00f8rre Furberg i Posten til NTB.<\/p>\n<p>Det er flere grunnet til at det er uheldig \u00e5 sende pakker som ikke er pakket ordentlig inn. Det kan f\u00f8re til at pakkene blir \u00f8delagt, og adresselappen kan falle av.<\/p>\n<p>\u2013 Pakkene skal jo ut p\u00e5 en lang reise. De skal innom mange ulike ledd. Kanskje blir det en flytur og en biltur, i tillegg til at de skal h\u00e5ndteres av post og terminal. Derfor er det viktig \u00e5 pakke inn pakkene godt, understreker pressesjef Kenneth Tj\u00f8nndal Pettersen.<\/p>\n","protected":false},"excerpt":{"rendered":"Det er viktig \u00e5 gj\u00f8re en innsats for at pakker skal komme fram hele og i god tid,&hellip;\n","protected":false},"author":2,"featured_media":104879,"comment_status":"","ping_status":"","sticky":false,"template":"","format":"standard","meta":{"footnotes":""},"categories":[10],"tags":[36,20,21,24,25,823,15,22,23,13,30,28,29,14,16,2498,1510,26,27],"class_list":{"0":"post-104878","1":"post","2":"type-post","3":"status-publish","4":"format-standard","5":"has-post-thumbnail","7":"category-norge","8":"tag-art","9":"tag-breaking-news","10":"tag-breakingnews","11":"tag-featured-news","12":"tag-featurednews","13":"tag-forbruker","14":"tag-headlines","15":"tag-latest-news","16":"tag-latestnews","17":"tag-news","18":"tag-no","19":"tag-norge","20":"tag-norway","21":"tag-nyheter","22":"tag-overskrifter","23":"tag-posten","24":"tag-story","25":"tag-top-stories","26":"tag-topstories"},"share_on_mastodon":{"url":"https:\/\/pubeurope.com\/@no\/115666562873559072","error":""},"_links":{"self":[{"href":"https:\/\/www.europesays.com\/no\/wp-json\/wp\/v2\/posts\/104878","targetHints":{"allow":["GET"]}}],"collection":[{"href":"https:\/\/www.europesays.com\/no\/wp-json\/wp\/v2\/posts"}],"about":[{"href":"https:\/\/www.europesays.com\/no\/wp-json\/wp\/v2\/types\/post"}],"author":[{"embeddable":true,"href":"https:\/\/www.europesays.com\/no\/wp-json\/wp\/v2\/users\/2"}],"replies":[{"embeddable":true,"href":"https:\/\/www.europesays.com\/no\/wp-json\/wp\/v2\/comments?post=104878"}],"version-history":[{"count":0,"href":"https:\/\/www.europesays.com\/no\/wp-json\/wp\/v2\/posts\/104878\/revisions"}],"wp:featuredmedia":[{"embeddable":true,"href":"https:\/\/www.europesays.com\/no\/wp-json\/wp\/v2\/media\/104879"}],"wp:attachment":[{"href":"https:\/\/www.europesays.com\/no\/wp-json\/wp\/v2\/media?parent=104878"}],"wp:term":[{"taxonomy":"category","embeddable":true,"href":"https:\/\/www.europesays.com\/no\/wp-json\/wp\/v2\/categories?post=104878"},{"taxonomy":"post_tag","embeddable":true,"href":"https:\/\/www.europesays.com\/no\/wp-json\/wp\/v2\/tags?post=104878"}],"curies":[{"name":"wp","href":"https:\/\/api.w.org\/{rel}","templated":true}]}}