{"id":104881,"date":"2025-12-05T10:54:07","date_gmt":"2025-12-05T10:54:07","guid":{"rendered":"https:\/\/www.europesays.com\/no\/104881\/"},"modified":"2025-12-05T10:54:07","modified_gmt":"2025-12-05T10:54:07","slug":"nato-samler-nordiske-land-under-amerikansk-kommando","status":"publish","type":"post","link":"https:\/\/www.europesays.com\/no\/104881\/","title":{"rendered":"Nato samler nordiske land under amerikansk kommando"},"content":{"rendered":"<p>    Nato integrerer denne uka alle de nordiske landene i Joint Force Command Norfolk (JFCNF) i USA.<\/p>\n<p>\n        Alle de nordiske landene vil n\u00e5 bli integrert i Nato-hovedkvarteret i den amerikanske havnebyen Norfolk, opplyser general Alexus Grynkewich.<br \/>\n        AP \/ NTB\n    <\/p>\n<p class=\"kicker t30 tertiary color_mobile_tertiary\" style=\"\">Verden<\/p>\n<p>JFCNF er underlagt Allied Command Operations (Aco), en av to overkommandoer i Natos milit\u00e6re kommandostruktur.<\/p>\n<p>\u2013 Integreringen av de nordiske landene er et fors\u00f8k p\u00e5 \u00e5 styrke transatlantisk sikkerhet og alliansens posisjon i det h\u00f8ye nord, opplyser Acos \u00f8verstkommanderende, den amerikanske generalen Alexus Grynkewich.<\/p>\n<p>Under den nye kommandostrukturen vil alle de nordiske landene bli integrert i hovedkvarteret som holder til i den amerikanske havnebyen Norfolk i Virginia. Det er rettet mot forsvar av Nord-Atlanteren, mens hovedkvarteret i Brunssum i Nederland har ansvaret for Natos nord\u00f8stlige flanke.<\/p>\n<p>\u2013 N\u00e5r v\u00e5re motstandere rundt om i verden samordner seg, er det avgj\u00f8rende at vi styrker det euroatlantiske omr\u00e5det og styrker v\u00e5r posisjon i det h\u00f8ye nord, sier Grynkewich.<\/p>\n<p>\u2013 Norfolk er den strategiske broen mellom Nord-Amerika og Europa, sier han.<\/p>\n<p>Norfolk-kommandoen har ansvaret for Arktis, Danmark, Finland, Gr\u00f8nland, Island, Norge, Sverige og Storbritannia.<\/p>\n","protected":false},"excerpt":{"rendered":"Nato integrerer denne uka alle de nordiske landene i Joint Force Command Norfolk (JFCNF) i USA. Alle de&hellip;\n","protected":false},"author":2,"featured_media":104882,"comment_status":"","ping_status":"","sticky":false,"template":"","format":"standard","meta":{"footnotes":""},"categories":[12],"tags":[20,21,24,25,15,22,23,13,30,28,29,14,16,26,27,42,43,44,45],"class_list":{"0":"post-104881","1":"post","2":"type-post","3":"status-publish","4":"format-standard","5":"has-post-thumbnail","7":"category-verden","8":"tag-breaking-news","9":"tag-breakingnews","10":"tag-featured-news","11":"tag-featurednews","12":"tag-headlines","13":"tag-latest-news","14":"tag-latestnews","15":"tag-news","16":"tag-no","17":"tag-norge","18":"tag-norway","19":"tag-nyheter","20":"tag-overskrifter","21":"tag-top-stories","22":"tag-topstories","23":"tag-verden","24":"tag-world","25":"tag-world-news","26":"tag-worldnews"},"share_on_mastodon":{"url":"https:\/\/pubeurope.com\/@no\/115666594281505968","error":""},"_links":{"self":[{"href":"https:\/\/www.europesays.com\/no\/wp-json\/wp\/v2\/posts\/104881","targetHints":{"allow":["GET"]}}],"collection":[{"href":"https:\/\/www.europesays.com\/no\/wp-json\/wp\/v2\/posts"}],"about":[{"href":"https:\/\/www.europesays.com\/no\/wp-json\/wp\/v2\/types\/post"}],"author":[{"embeddable":true,"href":"https:\/\/www.europesays.com\/no\/wp-json\/wp\/v2\/users\/2"}],"replies":[{"embeddable":true,"href":"https:\/\/www.europesays.com\/no\/wp-json\/wp\/v2\/comments?post=104881"}],"version-history":[{"count":0,"href":"https:\/\/www.europesays.com\/no\/wp-json\/wp\/v2\/posts\/104881\/revisions"}],"wp:featuredmedia":[{"embeddable":true,"href":"https:\/\/www.europesays.com\/no\/wp-json\/wp\/v2\/media\/104882"}],"wp:attachment":[{"href":"https:\/\/www.europesays.com\/no\/wp-json\/wp\/v2\/media?parent=104881"}],"wp:term":[{"taxonomy":"category","embeddable":true,"href":"https:\/\/www.europesays.com\/no\/wp-json\/wp\/v2\/categories?post=104881"},{"taxonomy":"post_tag","embeddable":true,"href":"https:\/\/www.europesays.com\/no\/wp-json\/wp\/v2\/tags?post=104881"}],"curies":[{"name":"wp","href":"https:\/\/api.w.org\/{rel}","templated":true}]}}