{"id":104899,"date":"2025-12-05T11:08:18","date_gmt":"2025-12-05T11:08:18","guid":{"rendered":"https:\/\/www.europesays.com\/no\/104899\/"},"modified":"2025-12-05T11:08:18","modified_gmt":"2025-12-05T11:08:18","slug":"eu-satser-pa-hurtigtog-regjeringen-skal-vurdere-pakobling","status":"publish","type":"post","link":"https:\/\/www.europesays.com\/no\/104899\/","title":{"rendered":"EU satser p\u00e5 hurtigtog \u2013 Regje\u00adringen skal vurdere p\u00e5kob\u00adling"},"content":{"rendered":"<p>    Norge har det tynneste, tregeste og mest ensporede jernbanenettet i Europa. Mens EU vil akselerere sammenkoblingen av jernbanen, skal Norge tenke seg godt om.<\/p>\n<p>\n        I fjor ble det mulig \u00e5 ta toget fra Berlin til Paris p\u00e5 8 timer.<br \/>\n        Hannes P Albert\/AP\/NTB\n    <\/p>\n<p class=\"kicker t30 tertiary color_mobile_tertiary\" style=\"\">Verden<\/p>\n<p>        Jernbane i Norge sammenliknet med Europa<\/p>\n<ul data-lab-font_weight=\"\">\n<li class=\"lab-bodytext-line\">Tynneste jernbanenett i Europa:\u00a0Norge har 10,7 meter jernbane per km\u00b2, lavest blant alle EU- og EFTA-land. Til sammenligning har Belgia 119 m\/km\u00b2, Tyskland 109 m\/km\u00b2, Sverige 26,8 m\/km\u00b2, Finland 19,4 m\/km\u00b2.\u00a0<\/li>\n<li class=\"lab-bodytext-line\">Mest ensporet av alle:\u00a0Bare 8 % av norske jernbanestrekninger har to eller flere spor \u2013 lavere enn i noe EU-land. Sverige: 19 %, Finland: 12 %, Nederland: 70 %, Belgia: 81 %.\u00a0<\/li>\n<li class=\"lab-bodytext-line\">F\u00e5 kilometer med h\u00f8yhastighet:\u00a0Norge har ingen dedikerte h\u00f8yhastighetslinjer (\u2265 250 km\/t), i motsetning til Spania (3 190 km), Frankrike (2 748 km), Tyskland (1 163 km).\u00a0<\/li>\n<\/ul>\n<p>Under E\u00d8S-komit\u00e9m\u00f8tet i oktober innlemmet Norge EUs nyeste regelverk for transport, TEN-T-planen, inn i E\u00d8S-avtalen. <\/p>\n<p>Planen inneb\u00e6rer en rekke krav til jernbanelinjer klassifisert som strategiske. I Norge er det hovedsakelig snakk om linjen fra Oslo til svenskegrensen mot G\u00f8teborg, og fra Narvik til svenskegrensen mot Kiruna.\u00a0<\/p>\n<p>Linjene m\u00e5 helst ha dobbeltspor, og tillate trafikk i over 160 kilometer i timen. I tillegg m\u00e5 toglinjer elektrifiseres. <\/p>\n<p>                <img decoding=\"async\" src=\"https:\/\/www.europesays.com\/no\/wp-content\/uploads\/2025\/12\/10093885.webp\" width=\"480\" height=\"274\" title=\"Samferdselsminister Jon-Ivar Nyg\u00e5rd (Ap).\" alt=\"\" loading=\"lazy\" style=\"\"\/><\/p>\n<p>\n            Samferdselsminister Jon-Ivar Nyg\u00e5rd (Ap).<br \/>\n            Jan Langhaug\/NTB\n        <\/p>\n<p>\u2013 De fleste kravene vurderer vi som oppn\u00e5elige og i tr\u00e5d med nasjonal transportplan, sier samferdselsminister Jon-Ivar Nyg\u00e5rd til Energi og Klima om planen. <\/p>\n<p> Han viser til at flere prosjekter er i gang: Det bygges dobbeltspor mellom R\u00e5de og Fredrikstad, og det er gjort en mulighetsstudie for h\u00f8yere hastigheter b\u00e5de mot G\u00f8teborg og Stockholm. Det er ogs\u00e5 bygget nye krysningsspor p\u00e5 Ofotbanen. <\/p>\n<p>Ny EU-plan for hurtigtog\u00a0<\/p>\n<p>EU-kommisjonen \u00f8nsker n\u00e5 \u00e5 bringe TEN-T-planen videre. Samferdselskommiss\u00e6r Apostolos Tzitzikostas kunngjorde i november en\u00a0<a href=\"https:\/\/transport.ec.europa.eu\/news-events\/news\/commission-launches-plan-accelerate-high-speed-rail-across-europe-2025-11-05_en\" target=\"_blank\" rel=\"nofollow noopener\">ny plan<\/a>\u00a0for akselerere utbyggingen av hurtigtog i Europa. Den inneb\u00e6rer at det skal skapes en ny, europeisk finansieringsordning, og jernbanebygging i Europa skal koordineres bedre. <\/p>\n<p>                <img decoding=\"async\" src=\"https:\/\/www.europesays.com\/no\/wp-content\/uploads\/2025\/12\/10093887.webp\" width=\"480\" height=\"480\" title=\"Slik \u00f8nsker EU-kommisjonen \u00e5 forvandle jernbanenettverket i Europa frem mot 2040.\" alt=\"\" loading=\"lazy\" style=\"\"\/><\/p>\n<p>\n            Slik \u00f8nsker EU-kommisjonen \u00e5 forvandle jernbanenettverket i Europa frem mot 2040.<br \/>\n            EU-kommisjonen\n        <\/p>\n<p>M\u00e5let er at man skal kunne ta toget fra K\u00f8benhavn til Berlin p\u00e5 4 timer i stedet for 7, allerede innen 2030, mens Sofia og Athen vil knyttes sammen p\u00e5 kun 6 timer innen 2035. <\/p>\n<p>\u2013 Vi m\u00e5 n\u00e5 sette oss inn i EUs nye h\u00f8yhastighetsplan, som er veldig fersk. Kunnskapen skal bidra inn i arbeidet med ny transportplan, og kan p\u00e5virke prioriteringene vi gj\u00f8r der, kommenterer den tidligere ordf\u00f8reren i Fredrikstad. <\/p>\n<p>Har ikke troen p\u00e5 Oslo-K\u00f8benhavn i n\u00e6r fremtid\u00a0<\/p>\n<p>Men det er nok lenge til man kan sette seg p\u00e5 et direktetog fra Oslo til K\u00f8benhavn, erkjenner Nyg\u00e5rd. <\/p>\n<p>Oslo\u2013G\u00f6teborg tar i dag 3 timer og 45 minutter, over dobbelt s\u00e5 lang tid som en tilsvarende distanse p\u00e5 moderne EU-linjer.\u00a0<\/p>\n<p>\u2013 Det tar tid \u00e5 bygge jernbane i Norge. Det er det to grunner til: geografi og befolkningstetthet, sier ministeren.\u00a0<\/p>\n<p>I budsjettforhandlingene i 2024 ble SV, Senterpartiet og Arbeiderpartiet\u00a0<a href=\"https:\/\/www.tog24.no\/na-blir-det-direkte-tog-til-europa-bade-dag-og-natt\/\" target=\"_blank\" rel=\"nofollow noopener\">til slutt enige<\/a>\u00a0om at det skulle hasteutredes hvor vidt det kunne bli direkte dagtog mellom Oslo og kontinentet, allerede innen 2026. I forliket ligger ogs\u00e5 et krav om direkte nattog til K\u00f8benhavn innen 2030. <\/p>\n<p>        <a itemprop=\"url\" class=\"\" href=\"https:\/\/www.dagsavisen.no\/debatt\/kan-bli-taperne-hvis-norge-somler-i-eu-samarbeidet\/6779196\" data-k5a-url=\"https:\/\/www.dagsavisen.no\/a\/6779196\" rel=\"nofollow noopener\" target=\"_blank\"><\/p>\n<p>            Kan bli taperne hvis Norge somler i EU-samarbeidet<\/p>\n<p>        <\/a><\/p>\n<p>Nyg\u00e5rd avviser at dette formelt er noe regjeringen kan gj\u00f8re noe med. Kapasiteten p\u00e5 linjen i \u00d8stfold jobbes med, men det krever tid og penger. <\/p>\n<p>\u2013 Regjeringens rolle begrenser seg til ruteplanlegging og regulering, ikke drift. Kapasiteten i \u00d8stfold er den st\u00f8rste barrieren, spesielt frem til dobbeltsporet er bygd ut videre etter R\u00e5de\u2013Fredrikstad. Uten ny infrastruktur blir det veldig krevende \u00e5 f\u00e5 plass til en ny rute, sier \u00f8stfoldingen. <\/p>\n<p>Vurderer deltakelse i EUs transportfond\u00a0<\/p>\n<p>Nyg\u00e5rd er i Brussel for \u00e5 diskutere st\u00f8tte til jernbane i Ukraina, og milit\u00e6r mobilitet i Norden.\u00a0<\/p>\n<p>Men han f\u00f8lger ogs\u00e5 n\u00f8ye med p\u00e5 endringene i finansieringsordningene for transport som n\u00e5 p\u00e5g\u00e5r. I forhandlingene om EUs langtidsbudsjett for 2028 til 2034, legges det opp til en styrking av Connecting Europe Facility-fondet for transport. <\/p>\n<p>        <a itemprop=\"url\" class=\"\" href=\"https:\/\/www.dagsavisen.no\/debatt\/lyntoget-vi-nekter-a-bygge\/9799431\" data-k5a-url=\"https:\/\/www.dagsavisen.no\/a\/9799431\" rel=\"nofollow noopener\" target=\"_blank\"><\/p>\n<p>            Lyntoget vi nekter \u00e5 bygge<\/p>\n<p>        <\/a><\/p>\n<p>V\u00e5re naboland Sverige, Finland og Danmark, som deltar i fondet, har mottatt titalls milliarder kroner i st\u00f8tte for \u00e5 bygge ut jernbane. <\/p>\n<p>Norge deltar ikke i denne finansieringsordningen, men Nyg\u00e5rd sier at regjeringen n\u00e5 skal vurdere om deltakelse blir mer relevant i neste runde. <\/p>\n<p>\u2013 N\u00e5 vurderer vi om vi skal s\u00f8ke deltakelse, s\u00e6rlig innen milit\u00e6r mobilitet. Vi har f\u00e5tt henvendelser om det, b\u00e5de fra EU og nabolandene. Vi har ikke landet sp\u00f8rsm\u00e5let, men vi skal vurdere det. M\u00e5let er \u00e5 f\u00e5 en avklaring f\u00f8r sommeren, men formelle beslutninger kan f\u00f8rst tas n\u00e5r EU har vedtatt sine nye programmer for 2028\u20132034, sier samferdselsministeren. <\/p>\n<p class=\"italic m-italic\" data-lab-italic=\"italic\"> Philippe B\u00e9dos Ulvin i Brussel er korrespondent for Energi og Klima, Norsk klimastiftelses nettavis. Stillingen er st\u00f8ttet av Agenda Vestlandet, Fritt Ord og Bergesen-stiftelsen. <\/p>\n<p class=\"italic m-italic\" data-lab-italic=\"italic\">F\u00e5 nyhetsbrev fra Dagsavisen. Meld deg p\u00e5\u00a0<a href=\"https:\/\/www.dagsavisen.no\/om-dagsavisen\/2023\/12\/20\/fa-daglig-nyhetsbrev\/\" rel=\"nofollow noopener\" target=\"_blank\">her<\/a>!<\/p>\n","protected":false},"excerpt":{"rendered":"Norge har det tynneste, tregeste og mest ensporede jernbanenettet i Europa. Mens EU vil akselerere sammenkoblingen av jernbanen,&hellip;\n","protected":false},"author":2,"featured_media":104900,"comment_status":"","ping_status":"","sticky":false,"template":"","format":"standard","meta":{"footnotes":""},"categories":[12],"tags":[20,21,24,25,15,22,23,13,30,28,29,14,16,26,27,42,43,44,45],"class_list":{"0":"post-104899","1":"post","2":"type-post","3":"status-publish","4":"format-standard","5":"has-post-thumbnail","7":"category-verden","8":"tag-breaking-news","9":"tag-breakingnews","10":"tag-featured-news","11":"tag-featurednews","12":"tag-headlines","13":"tag-latest-news","14":"tag-latestnews","15":"tag-news","16":"tag-no","17":"tag-norge","18":"tag-norway","19":"tag-nyheter","20":"tag-overskrifter","21":"tag-top-stories","22":"tag-topstories","23":"tag-verden","24":"tag-world","25":"tag-world-news","26":"tag-worldnews"},"share_on_mastodon":{"url":"https:\/\/pubeurope.com\/@no\/115666649635112876","error":""},"_links":{"self":[{"href":"https:\/\/www.europesays.com\/no\/wp-json\/wp\/v2\/posts\/104899","targetHints":{"allow":["GET"]}}],"collection":[{"href":"https:\/\/www.europesays.com\/no\/wp-json\/wp\/v2\/posts"}],"about":[{"href":"https:\/\/www.europesays.com\/no\/wp-json\/wp\/v2\/types\/post"}],"author":[{"embeddable":true,"href":"https:\/\/www.europesays.com\/no\/wp-json\/wp\/v2\/users\/2"}],"replies":[{"embeddable":true,"href":"https:\/\/www.europesays.com\/no\/wp-json\/wp\/v2\/comments?post=104899"}],"version-history":[{"count":0,"href":"https:\/\/www.europesays.com\/no\/wp-json\/wp\/v2\/posts\/104899\/revisions"}],"wp:featuredmedia":[{"embeddable":true,"href":"https:\/\/www.europesays.com\/no\/wp-json\/wp\/v2\/media\/104900"}],"wp:attachment":[{"href":"https:\/\/www.europesays.com\/no\/wp-json\/wp\/v2\/media?parent=104899"}],"wp:term":[{"taxonomy":"category","embeddable":true,"href":"https:\/\/www.europesays.com\/no\/wp-json\/wp\/v2\/categories?post=104899"},{"taxonomy":"post_tag","embeddable":true,"href":"https:\/\/www.europesays.com\/no\/wp-json\/wp\/v2\/tags?post=104899"}],"curies":[{"name":"wp","href":"https:\/\/api.w.org\/{rel}","templated":true}]}}