{"id":104913,"date":"2025-12-05T11:25:17","date_gmt":"2025-12-05T11:25:17","guid":{"rendered":"https:\/\/www.europesays.com\/no\/104913\/"},"modified":"2025-12-05T11:25:17","modified_gmt":"2025-12-05T11:25:17","slug":"400-avdekkede-og-30-avvergede-voldsoppdrag-i-norge","status":"publish","type":"post","link":"https:\/\/www.europesays.com\/no\/104913\/","title":{"rendered":"400 avdekkede og 30 avvergede voldsoppdrag i Norge"},"content":{"rendered":"\n<ul class=\"_list_o9xde_3 _list_64s2r_85 _unordered_o9xde_106 text-sans-m\">\n<li class=\"_item_o9xde_30\">Kripos har hindret rundt 30 voldshandlinger, sier Kripos-sjef Kristin Kvigne.<\/li>\n<li class=\"_item_o9xde_30\">Oppdaterte tall viser cirka 400 avdekkede voldsoppdrag siden starten av \u00e5ret.<\/li>\n<li class=\"_item_o9xde_30\">Voldsoppdrag i sosiale medier bekymrer Kripos, som styrker innsatsen mot kriminelle nettverk.<\/li>\n<li class=\"_item_o9xde_30\">Politiet rekrutterer flere digitale spanere for \u00e5 bekjempe volden.<\/li>\n<\/ul>\n<p>Vis mer <\/p>\n<p class=\"_paragraph_o9xde_4 _paragraph_xtcu6_10 layout-component text-serif-m layout-normal text-serif-m layout-padded\">Denne uken m\u00f8ttes Kripos-sjef Kristin Kvigne og justisminister <a href=\"https:\/\/www.vg.no\/tag\/astri-aas-hansen?utm_source=vg-article&amp;utm_medium=auto-tagger&amp;utm_campaign=e71We4\" class=\"_link_o9xde_39\" rel=\"nofollow noopener\" target=\"_blank\">Astri Aas-Hansen (Ap)<\/a> for en oppdatering p\u00e5 politiets innsats mot kriminelle nettverk \u2013 og s\u00e6rlig det som g\u00e5r p\u00e5 voldsoppdrag.<\/p>\n<p class=\"_paragraph_o9xde_4 _paragraph_xtcu6_10 layout-component text-serif-m layout-normal text-serif-m layout-padded\">De siste oppdaterte tallene er rundt 400 avdekkede og cirka 30 avvergede voldsoppdrag, men Kvigne er klar p\u00e5 at antallet kommer med flere forbehold: <\/p>\n<p class=\"_paragraph_o9xde_4 _paragraph_xtcu6_10 layout-component text-serif-m layout-normal text-serif-m layout-padded\">Det kan b\u00e5de v\u00e6re bestillinger som annonseres flere ganger \u2013 eller det kan v\u00e6re saker politiet ikke har fanget opp.<\/p>\n<p><img decoding=\"async\" alt=\"Bilde av Kristin Kvigne\" class=\"_image_ygndg_42\" height=\"27\" itemprop=\"image\" loading=\"lazy\"  src=\"https:\/\/www.europesays.com\/no\/wp-content\/uploads\/2025\/12\/0df8845b-f40f-4dbb-ad7b-a22973dd91d5\"  width=\"40\"\/><strong class=\"_name_ygndg_51 title-serif-xs\">Kristin Kvigne<\/strong><\/p>\n<p class=\"_paragraph_o9xde_4 text-sans-m _description_ygndg_56\">Kripos-sjef<\/p>\n<p class=\"_paragraph_o9xde_4 _paragraph_xtcu6_10 layout-component text-serif-m layout-normal text-serif-m layout-padded\">\u2013 Men det sier noe om hva ungdom treffes av p\u00e5 sosiale medier. Det er veldig bekymringsfullt, sier Kvigne. <\/p>\n<p>\u2013 Snudd helt p\u00e5 hodet<\/p>\n<p class=\"_paragraph_o9xde_4 _paragraph_xtcu6_10 layout-component text-serif-m layout-normal text-serif-m layout-padded\">Selv om tallene gjelder fra starten av \u00e5ret, er Kripos-sjefen klar p\u00e5 at det i all hovedsak er snakk om saker fra de siste tre m\u00e5nedene. <\/p>\n<p class=\"_paragraph_o9xde_4 _paragraph_xtcu6_10 layout-component text-serif-m layout-normal text-serif-m layout-padded\">Det startet med granatangrepet i Pilestredet der to 13-\u00e5ringer ble tatt.<\/p>\n<p class=\"_paragraph_o9xde_4 _paragraph_xtcu6_10 layout-component text-serif-m layout-normal text-serif-m layout-padded\">\u2013 I l\u00f8pet av en m\u00e5ned var situasjonen snudd helt p\u00e5 hodet i forhold til hva politiet m\u00e5tte agere p\u00e5, sier avdelingsleder Emil Kofoed.<\/p>\n<p><img decoding=\"async\" alt=\"Bilde av Emil Kofoed\" class=\"_image_ygndg_42\" height=\"27\" itemprop=\"image\" loading=\"lazy\"  src=\"https:\/\/www.europesays.com\/no\/wp-content\/uploads\/2025\/12\/e526dfb9-98ea-4546-b3e7-ec679298161f\"  width=\"40\"\/><strong class=\"_name_ygndg_51 title-serif-xs\">Emil Kofoed<\/strong><\/p>\n<p class=\"_paragraph_o9xde_4 text-sans-m _description_ygndg_56\">Avdelingsleder i Kripos<\/p>\n<p class=\"_paragraph_o9xde_4 _paragraph_xtcu6_10 layout-component text-serif-m layout-normal text-serif-m layout-padded\">Politiet anser avdekkede voldsoppdrag som bestillinger og annonser de kommer over og etterforsker.<\/p>\n<p class=\"_paragraph_o9xde_4 _paragraph_xtcu6_10 layout-component text-serif-m layout-normal text-serif-m layout-padded\">I de avvergede sakene har politiet p\u00e5 en eller annen m\u00e5te agert p\u00e5 noe konkret.<\/p>\n<p class=\"_paragraph_o9xde_4 _paragraph_xtcu6_10 layout-component text-serif-m layout-normal text-serif-m layout-padded\"><strong class=\"_strong_o9xde_25\">De avvergede oppdragene har funnet sted i politidistriktene Oslo, S\u00f8r-Vest, Troms, S\u00f8r-\u00d8st, Agder og Tr\u00f8ndelag. <\/strong><\/p>\n<p class=\"_paragraph_o9xde_4 _paragraph_xtcu6_10 layout-component text-serif-m layout-normal text-serif-m layout-padded\">\u2013 Det er alt fra sprengninger til drapsforbund eller trusler. Hele spekteret innenfor voldskapital, sier Kofoed. <\/p>\n<p class=\"_paragraph_o9xde_4 _paragraph_xtcu6_10 layout-component text-serif-m layout-normal text-serif-m layout-padded\">Les hva politidistriktene svarer nederst i saken<\/p>\n<p class=\"_paragraph_o9xde_4 _paragraph_xtcu6_10 layout-component text-serif-m layout-normal text-serif-m layout-padded\">Kripos ser at den eller de som rekrutterer til volden ofte er linket til svensk organisert kriminalitet, og at de ofte ser Foxtrot-nettverket inne i mange av sakene.<\/p>\n<p><img alt=\"Foto: Politiet\" class=\"_image_qp4xg_65 layout-component layout-normal\" data-fullscreen- data-track-element-type=\"Article image fullscreen\" data-track-name=\"ImageFullscreen\" decoding=\"async\" loading=\"lazy\" height=\"845\" itemprop=\"image\"  src=\"https:\/\/www.europesays.com\/no\/wp-content\/uploads\/2025\/12\/fb1c7a12-8318-4372-97bd-9a02bd8ccf6f\"  style=\"object-position:0% 0%\" width=\"573\"\/>Foto: Politiet<\/p>\n<p class=\"_paragraph_o9xde_4 _paragraph_xtcu6_10 layout-component text-serif-m layout-normal text-serif-m layout-padded\">Kvigne mener at tallene ikke kan m\u00e5les til at 400 oppdrag n\u00f8dvendigvis kan bli 400 hendelser i Norge.<\/p>\n<p class=\"_paragraph_o9xde_4 _paragraph_xtcu6_10 layout-component text-serif-m layout-normal text-serif-m layout-padded\">\u2013 Det blir en spekulasjon, men en mulighet er at det er en m\u00e5te \u00e5 opparbeide seg en stall av aktuelle ut\u00f8vere. Slik at man har en gjeng \u00e5 bruke dersom det skulle oppst\u00e5 et behov.<\/p>\n<p>\u2013 Ingen \u00abquick fix\u00bb<\/p>\n<p class=\"_paragraph_o9xde_4 _paragraph_xtcu6_10 layout-component text-serif-m layout-normal text-serif-m layout-padded\">Fra en melding om et mistenkt voldsoppdrag legges ut p\u00e5 en plattform, er det en lang vei f\u00f8r politiet har noe \u00e5 agere p\u00e5:<\/p>\n<p class=\"_paragraph_o9xde_4 _paragraph_xtcu6_10 layout-component text-serif-m layout-normal text-serif-m layout-padded\">\u2013 Vi skal omdanne en melding til hva som skal skje, n\u00e5r det skal skje, hvem som skal utf\u00f8re, hvem som er bestiller og hvem som er m\u00e5let. Det krever mye innsats fra politiet \u00e5 komme dit, sier avdelingsleder Kofoed.<\/p>\n<p class=\"_paragraph_o9xde_4 _paragraph_xtcu6_10 layout-component text-serif-m layout-normal text-serif-m layout-padded\">Politiet er styrket med 600 millioner kroner \u00e5rlig i kampen mot kriminelle nettverk. Kripos-sjefen mener at disse midlene har v\u00e6rt helt n\u00f8dvendig for \u00e5 kunne h\u00e5ndtere ogs\u00e5 den raske endringen politiet sto overfor i h\u00f8st.<\/p>\n<p><img alt=\"Foto: Politiet\" class=\"_image_qp4xg_65 layout-component layout-normal\" data-fullscreen- data-track-element-type=\"Article image fullscreen\" data-track-name=\"ImageFullscreen\" decoding=\"async\" loading=\"lazy\" height=\"436\" itemprop=\"image\"  src=\"https:\/\/www.europesays.com\/no\/wp-content\/uploads\/2025\/12\/7f6d536a-08c5-4103-b615-b99cabaab737\"  style=\"object-position:0% 0%\" width=\"480\"\/>Foto: Politiet<\/p>\n<p class=\"_paragraph_o9xde_4 _paragraph_xtcu6_10 layout-component text-serif-m layout-normal text-serif-m layout-padded\">Justisministeren mener det er avgj\u00f8rende at politi- og p\u00e5talemyndighet f\u00e5r rom og tillit til \u00e5 selv sette inn ressursene der det trengs.<\/p>\n<p class=\"_paragraph_o9xde_4 _paragraph_xtcu6_10 layout-component text-serif-m layout-normal text-serif-m layout-padded\">\u2013 Det er politiet selv som vet hvordan de m\u00e5 rigge seg for \u00e5 f\u00e5 disse effektene, i stedet for at man skal sitte i et justisdepartement eller p\u00e5 Stortinget \u00e5 detaljstyre. Og det ser vi gir en god effekt, sier Aas-Hansen.<\/p>\n<p><img decoding=\"async\" alt=\"Bilde av Astri Aas-Hansen\" class=\"_image_ygndg_42\" height=\"27\" itemprop=\"image\" loading=\"lazy\"  src=\"https:\/\/www.europesays.com\/no\/wp-content\/uploads\/2025\/12\/9cb3147d-0f31-4c28-bb43-59f1418f53f3\"  width=\"40\"\/><strong class=\"_name_ygndg_51 title-serif-xs\">Astri Aas-Hansen<\/strong><\/p>\n<p class=\"_paragraph_o9xde_4 text-sans-m _description_ygndg_56\">Justisminister<\/p>\n<p class=\"_paragraph_o9xde_4 _paragraph_xtcu6_10 layout-component text-serif-m layout-normal text-serif-m layout-padded\">Kripos er n\u00e5 i ferd med \u00e5 ansette flere som skal jobbe som digitale spanere for \u00e5 avdekke denne typen kriminalitet, i tillegg til videreutdanning av allerede ansatte.<\/p>\n<p class=\"_paragraph_o9xde_4 _paragraph_xtcu6_10 layout-component text-serif-m layout-normal text-serif-m layout-padded\">\u2013 Vi m\u00e5 bygge ressursene v\u00e5re langsiktig, fordi dette tror vi ikke kommer til \u00e5 g\u00e5 over p\u00e5 en stund.<\/p>\n<p class=\"_paragraph_o9xde_4 _paragraph_xtcu6_10 layout-component text-serif-m layout-normal text-serif-m layout-padded\">\u2013 Det er ingen \u00abquick fix\u00bb p\u00e5 dette, men nitid jobbing. Vi kommer til \u00e5 sitte her om et \u00e5r og garantert ha de samme utfordringene. Men hvis vi klarer \u00e5 holde det p\u00e5 et h\u00e5ndterbart niv\u00e5 skal vi v\u00e6re ganske forn\u00f8yde, sier Kripos-sjefen.<\/p>\n<p>\u2013 Nye branner<\/p>\n<p class=\"_paragraph_o9xde_4 _paragraph_xtcu6_10 layout-component text-serif-m layout-normal text-serif-m layout-padded\">Et viktig fokus for Kripos er \u00e5 f\u00e5 tatt ut de som bestiller oppdragene: Bakmennene.<\/p>\n<p class=\"_paragraph_o9xde_4 _paragraph_xtcu6_10 layout-component text-serif-m layout-normal text-serif-m layout-padded\">\u2013 Hvis man kun har fokus mot de som utf\u00f8rer oppdragene og bruker all kraft der, f\u00e5r man bare brannslukket, men det vil komme nye branner hele tiden, sier avdelingsleder Kofoed og understreker at balansen mellom disse innsatsene er viktig.<\/p>\n<p><img alt=\"Justisministeren og Kripos-sjefen m\u00f8ttes i Kripos sine lokaler denne uken.  Foto: Marianne Vik\u00e5s\" class=\"_image_qp4xg_65 layout-component layout-normal\" data-fullscreen- data-track-element-type=\"Article image fullscreen\" data-track-name=\"ImageFullscreen\" decoding=\"async\" loading=\"lazy\" height=\"5464\" itemprop=\"image\"  src=\"https:\/\/www.europesays.com\/no\/wp-content\/uploads\/2025\/12\/57ab541c-81e5-4c4e-aa54-4541bd85448a\"  style=\"object-position:0% 0%\" width=\"8192\"\/>Justisministeren og Kripos-sjefen m\u00f8ttes i Kripos sine lokaler denne uken.  Foto: Marianne Vik\u00e5s<\/p>\n<p class=\"_paragraph_o9xde_4 _paragraph_xtcu6_10 layout-component text-serif-m layout-normal text-serif-m layout-padded\">I all hovedsak befinner bakmennene seg i utlandet, ofte land Norge ikke har rettslig samarbeid med. Manglende utleveringsavtaler og doble statsborgerskap gj\u00f8r at mange har kunnet unndra seg straff i visse land.<\/p>\n<p class=\"_paragraph_o9xde_4 _paragraph_xtcu6_10 layout-component text-serif-m layout-normal text-serif-m layout-padded\">\u2013 N\u00e5r det smeller granater og barn beg\u00e5r alvorlige kriminelle handlinger er det lett for politikere \u00e5 si at n\u00e5 m\u00e5 vi gj\u00f8re noe med kun barne- og ungdomskriminaliteten, sier justisministeren.<\/p>\n<p class=\"_paragraph_o9xde_4 _paragraph_xtcu6_10 layout-component text-serif-m layout-normal text-serif-m layout-padded\">Hun mener \u2013 i likhet med Kripos \u2013 at det er viktig \u00e5 gj\u00f8re en stor innsats p\u00e5 roten til \u00e5rsaken: Bestillerne p\u00e5 toppen av hierarkiet. <\/p>\n<p class=\"_paragraph_o9xde_4 _paragraph_xtcu6_10 layout-component text-serif-m layout-normal text-serif-m layout-padded\">\u2013 Igjen kommer innsatsen mot kriminelle nettverk inn. Vi m\u00e5 stanse de bakmennene som kynisk utnytter barna, sier statsr\u00e5den.<\/p>\n<p class=\"_paragraph_o9xde_4 _paragraph_xtcu6_10 layout-component text-serif-m layout-normal text-serif-m layout-padded\">Kripos gir ikke ut lokale tall, men VG har bedt om informasjon fra politidistriktene som har avverget voldsoppdrag:<\/p>\n<ul class=\"_list_o9xde_3 _list_xtcu6_9 _unordered_o9xde_106 layout-component text-serif-m layout-normal text-serif-m layout-padded\">\n<li class=\"_item_o9xde_30\"><strong class=\"_strong_o9xde_25\">Agder politidistrikt <\/strong>opplyser at de har \u00e9n p\u00e5g\u00e5ende etterforskning der en 16-\u00e5ring og en 17-\u00e5ring har status som siktet for forbund om alvorlig organisert kriminalitet. Politiet har ogs\u00e5  mottatt bekymringer om ungdom som er s\u00e5rbare og i risikosonen til \u00e5 la seg rekruttere til kriminelle nettverk og utf\u00f8re voldsoppdrag. Antallet lar seg imidlertid ikke tallfeste p\u00e5 en p\u00e5litelig m\u00e5te, da opplysningene er for usikre.<\/li>\n<li class=\"_item_o9xde_30\"><strong class=\"_strong_o9xde_25\">Tr\u00f8ndelag politidistrikt<\/strong> har i h\u00f8st etterforsket \u00e9n straffesak som gjelder avvergede voldsoppdrag. En mann i 20-\u00e5rene hjemmeh\u00f8rende i Tr\u00f8ndelag ble 9. november siktet og etterlyst for drapsforbund, og dagen etter ble han p\u00e5grepet i Helsinki av finsk politi. Mannen i 20-\u00e5rene er siktet for \u00e5 ha tatt p\u00e5 seg et drapsoppdrag via internett, rettet mot en person i Sverige, og oppdragsgiver knyttes til et svensk kriminelt nettverk, if\u00f8lge politiet.<\/li>\n<li class=\"_item_o9xde_30\"><strong class=\"_strong_o9xde_25\">Troms politidistrikt<\/strong> vil ikke oppgi antall, men i november avdekket politiet at flere gutter p\u00e5 14 og 15 \u00e5r fra ulike steder i Troms er blitt fors\u00f8kt rekruttert via sosiale medieplattformer. Flere av dem har mottatt tilbud gjennom grupper p\u00e5 Snapchat og Signal, if\u00f8lge politiet. Saken etterforskes av Oslo politidistrikt. <\/li>\n<\/ul>\n<ul class=\"_list_o9xde_3 _list_xtcu6_9 _unordered_o9xde_106 layout-component text-serif-m layout-normal text-serif-m layout-padded\">\n<li class=\"_item_o9xde_30\"><strong class=\"_strong_o9xde_25\">Oslo politidistrikt <\/strong>bekrefter at de har avverget flere voldsoppdrag, men \u00f8nsker ikke \u00e5 oppgi et konkret tall. Et eksempel er knyttet til et planlagt angrep i Sarpsborg tidligere i h\u00f8st som politiet avverget gjennom \u00e5 utgi seg for \u00e5 v\u00e6re en potensiell oppdragstaker.<\/li>\n<li class=\"_item_o9xde_30\"><strong class=\"_strong_o9xde_25\">S\u00f8r-Vest politidistrikt<\/strong> bekrefter at de har avverget voldsoppdrag, men opplyser at de ikke har eneansvar for noen av disse sakene. Politiet \u00f8nsker ikke \u00e5 tallfeste hvor mange oppdrag eller saker de har v\u00e6rt involvert i.<\/li>\n<li class=\"_item_o9xde_30\"><strong class=\"_strong_o9xde_25\">S\u00f8r-\u00d8st politidistrikt <\/strong>sier at flere av voldshendelsene i deres distrikt har blitt avverget i l\u00f8pet av de siste m\u00e5nedene. De \u00f8nsker ikke \u00e5 g\u00e5 ut med et konkret tall eller kommentere sakene, og opplyser at flere av sakene fremdeles er under etterforskning.<\/li>\n<\/ul>\n<p>    <img decoding=\"async\" alt=\"Tips oss illustrasjon\" src=\"https:\/\/www.europesays.com\/no\/wp-content\/uploads\/2025\/10\/pssst-small.webp.webp\"\/>    <\/p>\n<p class=\"title-serif-s\">Har du tips?<\/p>\n<p class=\"text-sans-m\">Send oss informasjon, bilder eller video.<\/p>\n<p>  <a href=\"https:\/\/www.vg.no\/tips-oss\" rel=\"nofollow noopener\" target=\"_blank\"> Tips oss <\/a>      <\/p>\n","protected":false},"excerpt":{"rendered":"Kripos har hindret rundt 30 voldshandlinger, sier Kripos-sjef Kristin Kvigne. Oppdaterte tall viser cirka 400 avdekkede voldsoppdrag siden&hellip;\n","protected":false},"author":2,"featured_media":104914,"comment_status":"","ping_status":"","sticky":false,"template":"","format":"standard","meta":{"footnotes":""},"categories":[10],"tags":[2878,20,21,24,25,15,148,3881,1957,22,23,13,30,28,29,14,16,26,27,3739],"class_list":{"0":"post-104913","1":"post","2":"type-post","3":"status-publish","4":"format-standard","5":"has-post-thumbnail","7":"category-norge","8":"tag-astri-aas-hansen-ap","9":"tag-breaking-news","10":"tag-breakingnews","11":"tag-featured-news","12":"tag-featurednews","13":"tag-headlines","14":"tag-kriminalitet","15":"tag-kriminelle-nettverk","16":"tag-kripos","17":"tag-latest-news","18":"tag-latestnews","19":"tag-news","20":"tag-no","21":"tag-norge","22":"tag-norway","23":"tag-nyheter","24":"tag-overskrifter","25":"tag-top-stories","26":"tag-topstories","27":"tag-vgkrimgruppa"},"share_on_mastodon":{"url":"https:\/\/pubeurope.com\/@no\/115666716368144400","error":""},"_links":{"self":[{"href":"https:\/\/www.europesays.com\/no\/wp-json\/wp\/v2\/posts\/104913","targetHints":{"allow":["GET"]}}],"collection":[{"href":"https:\/\/www.europesays.com\/no\/wp-json\/wp\/v2\/posts"}],"about":[{"href":"https:\/\/www.europesays.com\/no\/wp-json\/wp\/v2\/types\/post"}],"author":[{"embeddable":true,"href":"https:\/\/www.europesays.com\/no\/wp-json\/wp\/v2\/users\/2"}],"replies":[{"embeddable":true,"href":"https:\/\/www.europesays.com\/no\/wp-json\/wp\/v2\/comments?post=104913"}],"version-history":[{"count":0,"href":"https:\/\/www.europesays.com\/no\/wp-json\/wp\/v2\/posts\/104913\/revisions"}],"wp:featuredmedia":[{"embeddable":true,"href":"https:\/\/www.europesays.com\/no\/wp-json\/wp\/v2\/media\/104914"}],"wp:attachment":[{"href":"https:\/\/www.europesays.com\/no\/wp-json\/wp\/v2\/media?parent=104913"}],"wp:term":[{"taxonomy":"category","embeddable":true,"href":"https:\/\/www.europesays.com\/no\/wp-json\/wp\/v2\/categories?post=104913"},{"taxonomy":"post_tag","embeddable":true,"href":"https:\/\/www.europesays.com\/no\/wp-json\/wp\/v2\/tags?post=104913"}],"curies":[{"name":"wp","href":"https:\/\/api.w.org\/{rel}","templated":true}]}}