{"id":104919,"date":"2025-12-05T11:32:16","date_gmt":"2025-12-05T11:32:16","guid":{"rendered":"https:\/\/www.europesays.com\/no\/104919\/"},"modified":"2025-12-05T11:32:16","modified_gmt":"2025-12-05T11:32:16","slug":"norge-ubat-norge-blar-opp-milliarder-for-flere-ubater-og-langdistanseraketter","status":"publish","type":"post","link":"https:\/\/www.europesays.com\/no\/104919\/","title":{"rendered":"Norge, Ub\u00e5t | Norge blar opp milliarder for flere ub\u00e5ter og langdistanseraketter"},"content":{"rendered":"\n<p>Regjeringen skal bestille ytterligere to tyske ub\u00e5ter i tillegg til de fire som allerede er bestilt. Samtidig kj\u00f8pes det langtrekkende raketter.<\/p>\n<p>Nyheten ble lagt fram i statsr\u00e5d fredag og f\u00f8lger opp Stortingets <a rel=\"noopener nofollow\" href=\"https:\/\/www.stortinget.no\/no\/Saker-og-publikasjoner\/Publikasjoner\/Innstillinger\/Stortinget\/2023-2024\/inns-202324-426s\/\" target=\"_blank\">enstemmige vedtak<\/a> om Forsvarets langtidsplan fra juni i fjor.<\/p>\n<p>\u2013 Dette er en strategisk viktig satsing som vil styrke forsvarsevnen v\u00e5r og gi H\u00e6ren betydelig st\u00f8rre slagkraft, sier forsvarsminister Tore O. Sandvik (Ap) til <a rel=\"noopener nofollow\" href=\"https:\/\/www.tv2.no\/nyheter\/innenriks\/vil-bruke-19-milliarder-pa-presisjonsvapen\/18352966\/\" target=\"_blank\">TV 2<\/a>.<\/p>\n<p>If\u00f8lge kanalen har de nye, tyskproduserte ub\u00e5tene av typen 212CD en prislapp p\u00e5 13 milliarder kroner per stykk.<\/p>\n<p>N\u00e6rmer seg 100 milliarder<\/p>\n<p>To av de norske ub\u00e5tene er allerede under konstruksjon i Tyskland, og den f\u00f8rste ub\u00e5ten skal etter planen leveres til Sj\u00f8forsvaret i 2029, skriver Forsvarsdepartementet i en <a rel=\"noopener nofollow\" href=\"https:\/\/www.regjeringen.no\/no\/aktuelt\/regjeringen-gar-inn-for-anskaffelse-av-ytterligere-to-ubater\/id3142018\/\" target=\"_blank\">pressemelding<\/a>.<\/p>\n<p>Den opprinnelige kostnadsrammen fra 2021 var p\u00e5 46 milliarder, men blir doblet med de nye anskaffelsene.<\/p>\n<p>Ub\u00e5tkj\u00f8pene er dermed i ferd med \u00e5 n\u00e6rme seg tidenes st\u00f8rste forsvarsinnkj\u00f8p, kampflyene F-35. Anskaffelsen av de 52 flyene er beregnet \u00e5 ha kostet 104,9 milliarder 2025-kroner, skriver <a rel=\"noopener nofollow\" href=\"https:\/\/www.aftenposten.no\/verden\/i\/wrEPpG\/norges-kjoep-av-seks-ubaater-naermer-seg-prisen-for-52-kampfly\" target=\"_blank\">Aftenposten<\/a>.<\/p>\n<p>F\u00e5r \u00f8nske oppfylt<\/p>\n<p>I tillegg skal det kj\u00f8pes inn raketter til H\u00e6ren for 19 milliarder kroner som kan treffe m\u00e5l p\u00e5 500 kilometers avstand. Det er en helt ny v\u00e5pentype i Norge. Dagens artilleri har 40 kilometers rekkevidde.<\/p>\n<p>Det er tre alternativer \u00e5 velge mellom: Amerikanske Himars, s\u00f8rkoreanske Chunmoo og tyske KNDS.<\/p>\n<p>Forsvarssjef Eirik Kristoffersen har lenge hatt dette p\u00e5 \u00f8nskelisten. I sitt fagmilit\u00e6re r\u00e5d har han sagt at det er s\u00e6rlig viktig \u00e5 styrke Forsvaret med langtrekkende v\u00e5pen for \u00e5 kunne p\u00e5f\u00f8re fienden tap.<\/p>\n<p>\u2013 Vi kj\u00f8per jo milit\u00e6rt utstyr for \u00e5 unng\u00e5 \u00e5 bruke det. Vi skal avskrekke for \u00e5 sikre fortsatt fred i Norge, og for \u00e5 avskrekke potensielle fiender fra \u00e5 angripe Norge, sier Sandvik til TV 2.<\/p>\n<p>Anskaffelsen skal ogs\u00e5 omfatte utskytningsenheter, logistikkst\u00f8tte, utdanningsmateriell og st\u00f8ttesystemer.<\/p>\n","protected":false},"excerpt":{"rendered":"Regjeringen skal bestille ytterligere to tyske ub\u00e5ter i tillegg til de fire som allerede er bestilt. Samtidig kj\u00f8pes&hellip;\n","protected":false},"author":2,"featured_media":104920,"comment_status":"","ping_status":"","sticky":false,"template":"","format":"standard","meta":{"footnotes":""},"categories":[10],"tags":[20,21,24,25,15,22,23,13,30,28,29,14,16,26,27],"class_list":{"0":"post-104919","1":"post","2":"type-post","3":"status-publish","4":"format-standard","5":"has-post-thumbnail","7":"category-norge","8":"tag-breaking-news","9":"tag-breakingnews","10":"tag-featured-news","11":"tag-featurednews","12":"tag-headlines","13":"tag-latest-news","14":"tag-latestnews","15":"tag-news","16":"tag-no","17":"tag-norge","18":"tag-norway","19":"tag-nyheter","20":"tag-overskrifter","21":"tag-top-stories","22":"tag-topstories"},"share_on_mastodon":{"url":"https:\/\/pubeurope.com\/@no\/115666743665979812","error":""},"_links":{"self":[{"href":"https:\/\/www.europesays.com\/no\/wp-json\/wp\/v2\/posts\/104919","targetHints":{"allow":["GET"]}}],"collection":[{"href":"https:\/\/www.europesays.com\/no\/wp-json\/wp\/v2\/posts"}],"about":[{"href":"https:\/\/www.europesays.com\/no\/wp-json\/wp\/v2\/types\/post"}],"author":[{"embeddable":true,"href":"https:\/\/www.europesays.com\/no\/wp-json\/wp\/v2\/users\/2"}],"replies":[{"embeddable":true,"href":"https:\/\/www.europesays.com\/no\/wp-json\/wp\/v2\/comments?post=104919"}],"version-history":[{"count":0,"href":"https:\/\/www.europesays.com\/no\/wp-json\/wp\/v2\/posts\/104919\/revisions"}],"wp:featuredmedia":[{"embeddable":true,"href":"https:\/\/www.europesays.com\/no\/wp-json\/wp\/v2\/media\/104920"}],"wp:attachment":[{"href":"https:\/\/www.europesays.com\/no\/wp-json\/wp\/v2\/media?parent=104919"}],"wp:term":[{"taxonomy":"category","embeddable":true,"href":"https:\/\/www.europesays.com\/no\/wp-json\/wp\/v2\/categories?post=104919"},{"taxonomy":"post_tag","embeddable":true,"href":"https:\/\/www.europesays.com\/no\/wp-json\/wp\/v2\/tags?post=104919"}],"curies":[{"name":"wp","href":"https:\/\/api.w.org\/{rel}","templated":true}]}}