{"id":104921,"date":"2025-12-05T11:34:27","date_gmt":"2025-12-05T11:34:27","guid":{"rendered":"https:\/\/www.europesays.com\/no\/104921\/"},"modified":"2025-12-05T11:34:27","modified_gmt":"2025-12-05T11:34:27","slug":"hvem-tar-ansvar-for-obligatorisk-tjenestepensjon","status":"publish","type":"post","link":"https:\/\/www.europesays.com\/no\/104921\/","title":{"rendered":"Hvem tar ansvar for obligatorisk tjenestepensjon?"},"content":{"rendered":"<p>    Spillet om en forbedret obligatorisk tjenestepensjon synes s\u00e5 fastl\u00e5st at det er uklart hvem \u2013 LO, NHO eller politikerne \u2013 som har ballen for \u00f8yeblikket, mener ekspert.<\/p>\n<p>\n        Pensjon har alltid v\u00e6rt en kampsak i fagbevegelsen, men pensjonsrettigheter kan v\u00e6re seiglivede prosesser.<br \/>\n        FOTO: H\u00e5kon Mosvold Larsen \/ NTB\n    <\/p>\n<p class=\"kicker t30 tertiary color_mobile_tertiary\" style=\"\">Innenriks<\/p>\n<p> \u2013 Vi mener at politikere p\u00e5 Stortinget m\u00e5 plukke opp ballen og fremme et forslag, sier sjef\u00f8konom Roger Bj\u00f8rnstad i LO til Dagsavisen. <\/p>\n<p class=\"font-weight-bold m-font-weight-bold\" data-lab-font_weight=\"font-weight-bold\">En samlet fagbevegelse med <a href=\"https:\/\/www.dagsavisen.no\/tags\/lo%20-%20landsorganisasjonen\" rel=\"nofollow noopener\" target=\"_blank\">LO<\/a> i spissen har vedtatt \u00e5 kjempe for en \u00f8kning av minstesatsen i obligatorisk tjenestepensjon (OTP) i det private <a href=\"https:\/\/www.dagsavisen.no\/tags\/arbeidsliv\" rel=\"nofollow noopener\" target=\"_blank\">arbeidslivet<\/a> fra 2 til 4 prosent.\u00a0Med en \u00e5rsl\u00f8nn p\u00e5 500.000 kroner vil det bety en \u00f8kning i \u00e5rlig sparing til tjenestepensjon fra 10.000 til 20.000 kroner (se fakta).<\/p>\n<p>LO har, som paraplyorganisasjon for de fleste arbeidstakerne, NHO som sin motpart for arbeidsgiversiden. Den tredje parten man ikke kommer utenom er staten og politikerne. Og <a href=\"https:\/\/www.dagsavisen.no\/tags\/pensjon\" rel=\"nofollow noopener\" target=\"_blank\">pensjon<\/a> er stadig p\u00e5 bordet uten at det skjer s\u00e5 mye.<\/p>\n","protected":false},"excerpt":{"rendered":"Spillet om en forbedret obligatorisk tjenestepensjon synes s\u00e5 fastl\u00e5st at det er uklart hvem \u2013 LO, NHO eller&hellip;\n","protected":false},"author":2,"featured_media":104922,"comment_status":"","ping_status":"","sticky":false,"template":"","format":"standard","meta":{"footnotes":""},"categories":[5],"tags":[20,21,24,25,15,19,22,23,17,18,13,30,28,29,14,16,26,27],"class_list":{"0":"post-104921","1":"post","2":"type-post","3":"status-publish","4":"format-standard","5":"has-post-thumbnail","7":"category-overskrifter","8":"tag-breaking-news","9":"tag-breakingnews","10":"tag-featured-news","11":"tag-featurednews","12":"tag-headlines","13":"tag-hovedoppslag","14":"tag-latest-news","15":"tag-latestnews","16":"tag-main-news","17":"tag-mainnews","18":"tag-news","19":"tag-no","20":"tag-norge","21":"tag-norway","22":"tag-nyheter","23":"tag-overskrifter","24":"tag-top-stories","25":"tag-topstories"},"share_on_mastodon":{"url":"https:\/\/pubeurope.com\/@no\/115666751536875826","error":""},"_links":{"self":[{"href":"https:\/\/www.europesays.com\/no\/wp-json\/wp\/v2\/posts\/104921","targetHints":{"allow":["GET"]}}],"collection":[{"href":"https:\/\/www.europesays.com\/no\/wp-json\/wp\/v2\/posts"}],"about":[{"href":"https:\/\/www.europesays.com\/no\/wp-json\/wp\/v2\/types\/post"}],"author":[{"embeddable":true,"href":"https:\/\/www.europesays.com\/no\/wp-json\/wp\/v2\/users\/2"}],"replies":[{"embeddable":true,"href":"https:\/\/www.europesays.com\/no\/wp-json\/wp\/v2\/comments?post=104921"}],"version-history":[{"count":0,"href":"https:\/\/www.europesays.com\/no\/wp-json\/wp\/v2\/posts\/104921\/revisions"}],"wp:featuredmedia":[{"embeddable":true,"href":"https:\/\/www.europesays.com\/no\/wp-json\/wp\/v2\/media\/104922"}],"wp:attachment":[{"href":"https:\/\/www.europesays.com\/no\/wp-json\/wp\/v2\/media?parent=104921"}],"wp:term":[{"taxonomy":"category","embeddable":true,"href":"https:\/\/www.europesays.com\/no\/wp-json\/wp\/v2\/categories?post=104921"},{"taxonomy":"post_tag","embeddable":true,"href":"https:\/\/www.europesays.com\/no\/wp-json\/wp\/v2\/tags?post=104921"}],"curies":[{"name":"wp","href":"https:\/\/api.w.org\/{rel}","templated":true}]}}