{"id":104929,"date":"2025-12-05T11:39:09","date_gmt":"2025-12-05T11:39:09","guid":{"rendered":"https:\/\/www.europesays.com\/no\/104929\/"},"modified":"2025-12-05T11:39:09","modified_gmt":"2025-12-05T11:39:09","slug":"240-klager-mot-nrk-etter-israel-avgjorelse","status":"publish","type":"post","link":"https:\/\/www.europesays.com\/no\/104929\/","title":{"rendered":"240 klager mot NRK etter Israel-avgj\u00f8relse"},"content":{"rendered":"\n<p class=\"_lead_o9xde_2 _lead_xtcu6_50 layout-component text-serif-m layout-normal text-serif-l layout-component layout-wide layout-padded _wide_17hqh_1 layout-padded\">NRK vil ikke boikotte Eurovision. N\u00e5 har Kringkastingsr\u00e5det mottatt 240 klager p\u00e5 under et d\u00f8gn.<\/p>\n<p><img alt=\"Kringkastingssjef Vibeke F\u00fcrst Haugen sier det ikke er NRKs oppgave \u00e5 ta side. Foto: H\u00e5kon Mosvold Larsen \/ NTB\" class=\"_image_qp4xg_65 layout-component layout-wide\" data-fullscreen- data-track-element-type=\"Article image fullscreen\" data-track-name=\"ImageFullscreen\" fetchpriority=\"high\" decoding=\"sync\" loading=\"eager\" height=\"4000\" itemprop=\"image\"  src=\"https:\/\/www.europesays.com\/no\/wp-content\/uploads\/2025\/12\/e8823056-d371-48fd-9a33-faad26474630\"  style=\"object-position:0% 0%\" width=\"6000\"\/>Kringkastingssjef Vibeke F\u00fcrst Haugen sier det ikke er NRKs oppgave \u00e5 ta side. Foto: H\u00e5kon Mosvold Larsen \/ NTB<\/p>\n<ul aria-hidden=\"true\" class=\"_images_ntbth_112\">\n<li><a class=\"_link_ntbth_117\" href=\"https:\/\/www.vg.no\/forfatter\/ntb\" style=\"z-index:1\" title=\"NTB\" rel=\"nofollow noopener\" target=\"_blank\"><img alt=\"Bilde av NTB\" class=\"_image_ntbth_93\" fetchpriority=\"low\" loading=\"lazy\" decoding=\"async\" itemprop=\"image\"  src=\"https:\/\/www.europesays.com\/no\/wp-content\/uploads\/2025\/12\/1764934749_554_c33980b0-5d07-4027-84a1-813f90a7c8d6\"  width=\"480\"\/><\/a><\/li>\n<\/ul>\n<p> Oppdatert fredag 5. desember kl. 12:04     <\/p>\n<p class=\"_paragraph_o9xde_4 _paragraph_xtcu6_10 layout-component text-serif-m layout-normal text-serif-m layout-padded\"> \u2013 Det er ikke s\u00e5 ofte at det kommer s\u00e5 mange klager p\u00e5 s\u00e5 kort tid. Det skjer kanskje noen f\u00e5 ganger hvert \u00e5r, sier spesialr\u00e5dgiver Erik Skarrud i Kringkastingsr\u00e5det til <a href=\"https:\/\/www.tv2.no\/nyheter\/klagestorm-mot-nrk-etter-israels-eurovision-deltakelse\/18355360\/\" class=\"_link_o9xde_39\" rel=\"nofollow noopener\" target=\"_blank\">TV 2<\/a> fredag formiddag. <\/p>\n<p class=\"_paragraph_o9xde_4 _paragraph_xtcu6_10 layout-component text-serif-m layout-normal text-serif-m layout-padded\"><strong class=\"_strong_o9xde_25\"><a href=\"https:\/\/www.vg.no\/rampelys\/i\/ln1EeL\/ebu-israel-faar-lov-aa-delta-i-eurovision\" data-track-element-type=\"Link\" data-track-id=\"link:ln1EeL\" class=\"_link_o9xde_39\" rel=\"nofollow noopener\" target=\"_blank\">Torsdag ble det kjent<\/a> at Israel f\u00e5r delta i Eurovision Song Contest neste \u00e5r etter nye tiltak fra EBU.<\/strong><\/p>\n<p>Dette er EBUs nye tiltak:<\/p>\n<ul class=\"_list_o9xde_3 _list_xtcu6_9 _list_16v91_9 _unordered_o9xde_106 layout-component text-serif-m layout-normal text-sans-m layout-padded\">\n<li class=\"_item_o9xde_30\">Strammere regler for promotering\u00a0for \u00e5 hindre p\u00e5virkning, s\u00e6rlig fra myndigheter.<\/li>\n<li class=\"_item_o9xde_30\">Antall stemmer per publikum halveres fra 20 til 10.<\/li>\n<li class=\"_item_o9xde_30\">Juryer innf\u00f8res i semifinalene og utvides til fagpanel som inkluderer unge jurymedlemmer fra 18 til 25 \u00e5r.<\/li>\n<li class=\"_item_o9xde_30\">Tekniske sikkerhetssystemerstyrkes for \u00e5 oppdage falsk stemmegivning.<\/li>\n<li class=\"_item_o9xde_30\">Skjerper tiltak mot politisk innhold p\u00e5 scenen eller i sangtekster.<\/li>\n<\/ul>\n<p class=\"_paragraph_o9xde_4 _paragraph_xtcu6_10 _paragraph_16v91_10 layout-component text-serif-m layout-normal text-sans-m layout-padded\">Kilde: EBU<\/p>\n<p>Vis mer<\/p>\n<p class=\"_paragraph_o9xde_4 _paragraph_xtcu6_10 layout-component text-serif-m layout-normal text-serif-m layout-padded\">Kort tid senere kunngjorde Spania, Irland, Nederland og Slovenia at de derfor boikotter konkurransen.<\/p>\n<p class=\"_paragraph_o9xde_4 _paragraph_xtcu6_10 layout-component text-serif-m layout-normal text-serif-m layout-padded\">NRK er derimot klare p\u00e5 at de ikke vil boikotte.<\/p>\n<p class=\"_paragraph_o9xde_4 _paragraph_xtcu6_10 layout-component text-serif-m layout-normal text-serif-m layout-padded\">\u2013 NRK er en offentlig finansiert allmennkringkaster. V\u00e5r jobb er \u00e5 informere og rapportere, det er ikke \u00e5 ta stilling eller ta side, sa kringkastingssjef Vibeke F\u00fcrst Haugen kort tid etter avgj\u00f8relsen torsdag. <\/p>\n<p class=\"_paragraph_o9xde_4 _paragraph_xtcu6_10 layout-component text-serif-m layout-normal text-serif-m layout-padded\">\u2013 I \u00e5r har vi deltatt aktivt i prosessen for \u00e5 gj\u00f8re EBU og Eurovision bedre, sterkere og mer samlende. Vi mener tiltakene er n\u00f8dvendige for \u00e5 beskytte konkurransens n\u00f8ytralitet og omd\u00f8mme.<\/p>\n<p><img alt=\"Foto: Jonas Been Henriksen \/ NTB\" class=\"_image_qp4xg_65 layout-component layout-normal\" data-fullscreen- data-track-element-type=\"Article image fullscreen\" data-track-name=\"ImageFullscreen\" decoding=\"async\" loading=\"lazy\" height=\"3724\" itemprop=\"image\"  src=\"https:\/\/www.europesays.com\/no\/wp-content\/uploads\/2025\/12\/447454d2-3c3d-48a8-a065-dfe146c0d178\"  style=\"object-position:0% 0%\" width=\"5587\"\/>Foto: Jonas Been Henriksen \/ NTB<\/p>\n<p class=\"_paragraph_o9xde_4 _paragraph_xtcu6_10 layout-component text-serif-m layout-normal text-serif-m layout-padded\">Islands kringkaster har ogs\u00e5 tidligere sagt at de vil boikotte konkurransen hvis Israel f\u00e5r delta. <\/p>\n<p class=\"_paragraph_o9xde_4 _paragraph_xtcu6_10 layout-component text-serif-m layout-normal text-serif-m layout-padded\"><strong class=\"_strong_o9xde_25\">De har forel\u00f8pig ikke kommet med noen ny uttalelse etter torsdagens nyhet.<\/strong><\/p>\n<p class=\"_paragraph_o9xde_4 _paragraph_xtcu6_10 layout-component text-serif-m layout-normal text-serif-m layout-padded\">Torsdag ble det ogs\u00e5 kjent at 611 norske kunstnere fra flere kulturfelt har underskrevet et <a href=\"https:\/\/www.vg.no\/rampelys\/i\/d456MB\/eurovision-artister-oppfordres-til-boikott\" data-track-element-type=\"Link\" data-track-id=\"link:d456MB\" class=\"_link_o9xde_39\" rel=\"nofollow noopener\" target=\"_blank\">opprop <\/a>mot Israels deltagelse i Eurovision Song Contest (ESC) 2026. <\/p>\n<p class=\"_paragraph_o9xde_4 _paragraph_xtcu6_10 layout-component text-serif-m layout-normal text-serif-m layout-padded\">De mener at NRK i denne saken har vist stor motvilje i forhold til \u00e5 ta et standpunkt.<\/p>\n","protected":false},"excerpt":{"rendered":"NRK vil ikke boikotte Eurovision. N\u00e5 har Kringkastingsr\u00e5det mottatt 240 klager p\u00e5 under et d\u00f8gn. Kringkastingssjef Vibeke F\u00fcrst&hellip;\n","protected":false},"author":2,"featured_media":104930,"comment_status":"","ping_status":"","sticky":false,"template":"","format":"standard","meta":{"footnotes":""},"categories":[12],"tags":[20,21,24,25,15,22,23,13,30,28,29,14,16,26,27,42,43,44,45],"class_list":{"0":"post-104929","1":"post","2":"type-post","3":"status-publish","4":"format-standard","5":"has-post-thumbnail","7":"category-verden","8":"tag-breaking-news","9":"tag-breakingnews","10":"tag-featured-news","11":"tag-featurednews","12":"tag-headlines","13":"tag-latest-news","14":"tag-latestnews","15":"tag-news","16":"tag-no","17":"tag-norge","18":"tag-norway","19":"tag-nyheter","20":"tag-overskrifter","21":"tag-top-stories","22":"tag-topstories","23":"tag-verden","24":"tag-world","25":"tag-world-news","26":"tag-worldnews"},"share_on_mastodon":{"url":"https:\/\/pubeurope.com\/@no\/115666771478549199","error":""},"_links":{"self":[{"href":"https:\/\/www.europesays.com\/no\/wp-json\/wp\/v2\/posts\/104929","targetHints":{"allow":["GET"]}}],"collection":[{"href":"https:\/\/www.europesays.com\/no\/wp-json\/wp\/v2\/posts"}],"about":[{"href":"https:\/\/www.europesays.com\/no\/wp-json\/wp\/v2\/types\/post"}],"author":[{"embeddable":true,"href":"https:\/\/www.europesays.com\/no\/wp-json\/wp\/v2\/users\/2"}],"replies":[{"embeddable":true,"href":"https:\/\/www.europesays.com\/no\/wp-json\/wp\/v2\/comments?post=104929"}],"version-history":[{"count":0,"href":"https:\/\/www.europesays.com\/no\/wp-json\/wp\/v2\/posts\/104929\/revisions"}],"wp:featuredmedia":[{"embeddable":true,"href":"https:\/\/www.europesays.com\/no\/wp-json\/wp\/v2\/media\/104930"}],"wp:attachment":[{"href":"https:\/\/www.europesays.com\/no\/wp-json\/wp\/v2\/media?parent=104929"}],"wp:term":[{"taxonomy":"category","embeddable":true,"href":"https:\/\/www.europesays.com\/no\/wp-json\/wp\/v2\/categories?post=104929"},{"taxonomy":"post_tag","embeddable":true,"href":"https:\/\/www.europesays.com\/no\/wp-json\/wp\/v2\/tags?post=104929"}],"curies":[{"name":"wp","href":"https:\/\/api.w.org\/{rel}","templated":true}]}}