{"id":104931,"date":"2025-12-05T11:40:16","date_gmt":"2025-12-05T11:40:16","guid":{"rendered":"https:\/\/www.europesays.com\/no\/104931\/"},"modified":"2025-12-05T11:40:16","modified_gmt":"2025-12-05T11:40:16","slug":"to-folkehogskole-planer-lokalt-vi-har-onsket-hverandre-lykke-til-banett-no","status":"publish","type":"post","link":"https:\/\/www.europesays.com\/no\/104931\/","title":{"rendered":"To folkeh\u00f8gskole-planer lokalt: &#8211; Vi har \u00f8nsket hverandre lykke til &#8211; banett.no"},"content":{"rendered":"<ol>\n<li><a href=\"https:\/\/news.google.com\/rss\/articles\/CBMipwFBVV95cUxQVlpBS0x6QlN0VW11cUN4SGFpU1NrZk9LbWp5c1l6ZDF1Q3YyNWZ6R3JuSFpaNk01UjJHd2NsOWZhWWptY21MQUJUai1valdNVm4tTHVob3pUVnhHM29OeXktTExXNllxVjQwMjgzUXlDeHJxajEwellieGtDU3JxVE4tY2VqdUpqSU1Ka1RMckZsb1ZBemhLU0xOcXpmaml0MWNWLTA5cw?oc=5\" target=\"_blank\" rel=\"nofollow noopener\">To folkeh\u00f8gskole-planer lokalt: &#8211; Vi har \u00f8nsket hverandre lykke til<\/a>&nbsp;&nbsp;banett.no<\/li>\n<li><a href=\"https:\/\/news.google.com\/rss\/articles\/CBMihgFBVV95cUxNcGVIOU04M3NDX01zOTdFQk9jOVZUcmczVlBzRWZRdTA2aTA1T25jNGNGekNoN2RsRDlkNVh3bjJxRXcydjQtcTNqaDJLWmx0RXNKOEdldWs2RDJXWS1kOUprbW9mWjhoLUdOMk90QnF2cFRXLV9PQ0d1dHhkbHV4bDNVX3NjUQ?oc=5\" target=\"_blank\" rel=\"nofollow noopener\">Folkeh\u00f8gskoleelever jubler etter budsjettseier: \u2013\u2060 Alle burde f\u00e5 muligheten<\/a>&nbsp;&nbsp;VG<\/li>\n<li><a href=\"https:\/\/news.google.com\/rss\/articles\/CBMigwFBVV95cUxNUnVIVHZyaXVtTS12MlNqWlJER0Y0c0JhTmlzV2djTzdqcFkzeDdvTVlzRzFfeEdyVmxrTWE5VVZRbjJXTFV5TnRILU9MWFRFV2hrZE9oMWtpdU1qeDVQQ01SQXk5aFBlbk9hUFVpOWlzd3N0bFVuUGJlMzh4eEdnVUVqaw?oc=5\" target=\"_blank\" rel=\"nofollow noopener\">Feirer stipend<\/a>&nbsp;&nbsp;innherred.no<\/li>\n<li><a href=\"https:\/\/news.google.com\/rss\/articles\/CBMie0FVX3lxTE9rNHI5THlPdGNIU0dfbnE5eUE2QV9telRDVmJfYUgyTVI2ZUtQNmxuQkNCV01kQUFSN0hsMmVlMVU5QVQ0NEJvV2pUN0xTdmQtT21XbmFuSjBoRS1TRkdscUVBaVBXeVUtY1BpcmJCSGhFVU9qZ1FPVzVqMA?oc=5\" target=\"_blank\" rel=\"nofollow noopener\">Jublar og vil feire med kake<\/a>&nbsp;&nbsp;vikebladet.no<\/li>\n<li><a href=\"https:\/\/news.google.com\/rss\/articles\/CBMijgFBVV95cUxNc284NTRfX252RDV2Y19Lb1VBd1N6ZFdyN3ZydWdneHF4SUVQSnZUNmpZSTNuWXlEbDdUT3VQcXpkai1vNXljVHYxTmY5TXdKZ1FtSC1LVVhSaEF4d1Z0NlFVOGF6WC1pX0o1S1J4b014dThQRVVSVTU1UWJoVFpzVmhmSXlMLXpDMzZGMVdR?oc=5\" target=\"_blank\" rel=\"nofollow noopener\">Rektor letta: Dette reddar fleire folkeh\u00f8gskular<\/a>&nbsp;&nbsp;bomlo-nytt.no<\/li>\n<\/ol>\n","protected":false},"excerpt":{"rendered":"To folkeh\u00f8gskole-planer lokalt: &#8211; Vi har \u00f8nsket hverandre lykke til&nbsp;&nbsp;banett.no Folkeh\u00f8gskoleelever jubler etter budsjettseier: \u2013\u2060 Alle burde f\u00e5&hellip;\n","protected":false},"author":2,"featured_media":104932,"comment_status":"","ping_status":"","sticky":false,"template":"","format":"standard","meta":{"footnotes":""},"categories":[10],"tags":[20,21,24,25,15,22,23,13,30,28,29,14,16,26,27],"class_list":{"0":"post-104931","1":"post","2":"type-post","3":"status-publish","4":"format-standard","5":"has-post-thumbnail","7":"category-norge","8":"tag-breaking-news","9":"tag-breakingnews","10":"tag-featured-news","11":"tag-featurednews","12":"tag-headlines","13":"tag-latest-news","14":"tag-latestnews","15":"tag-news","16":"tag-no","17":"tag-norge","18":"tag-norway","19":"tag-nyheter","20":"tag-overskrifter","21":"tag-top-stories","22":"tag-topstories"},"share_on_mastodon":{"url":"https:\/\/pubeurope.com\/@no\/115666775111932812","error":""},"_links":{"self":[{"href":"https:\/\/www.europesays.com\/no\/wp-json\/wp\/v2\/posts\/104931","targetHints":{"allow":["GET"]}}],"collection":[{"href":"https:\/\/www.europesays.com\/no\/wp-json\/wp\/v2\/posts"}],"about":[{"href":"https:\/\/www.europesays.com\/no\/wp-json\/wp\/v2\/types\/post"}],"author":[{"embeddable":true,"href":"https:\/\/www.europesays.com\/no\/wp-json\/wp\/v2\/users\/2"}],"replies":[{"embeddable":true,"href":"https:\/\/www.europesays.com\/no\/wp-json\/wp\/v2\/comments?post=104931"}],"version-history":[{"count":0,"href":"https:\/\/www.europesays.com\/no\/wp-json\/wp\/v2\/posts\/104931\/revisions"}],"wp:featuredmedia":[{"embeddable":true,"href":"https:\/\/www.europesays.com\/no\/wp-json\/wp\/v2\/media\/104932"}],"wp:attachment":[{"href":"https:\/\/www.europesays.com\/no\/wp-json\/wp\/v2\/media?parent=104931"}],"wp:term":[{"taxonomy":"category","embeddable":true,"href":"https:\/\/www.europesays.com\/no\/wp-json\/wp\/v2\/categories?post=104931"},{"taxonomy":"post_tag","embeddable":true,"href":"https:\/\/www.europesays.com\/no\/wp-json\/wp\/v2\/tags?post=104931"}],"curies":[{"name":"wp","href":"https:\/\/api.w.org\/{rel}","templated":true}]}}