{"id":104933,"date":"2025-12-05T11:42:09","date_gmt":"2025-12-05T11:42:09","guid":{"rendered":"https:\/\/www.europesays.com\/no\/104933\/"},"modified":"2025-12-05T11:42:09","modified_gmt":"2025-12-05T11:42:09","slug":"var-ikke-vaken-nok","status":"publish","type":"post","link":"https:\/\/www.europesays.com\/no\/104933\/","title":{"rendered":"\u2013 Var ikke v\u00e5ken nok"},"content":{"rendered":"\n<p class=\"_lead_o9xde_2 _lead_xtcu6_50 layout-component text-serif-m layout-normal text-serif-l layout-component layout-wide layout-padded _wide_17hqh_1 layout-padded\">Norges sprintstjerne Kristine Stav\u00e5s Skistad takket for seg allerede i f\u00f8rste utslagsrunde.<\/p>\n<p><img alt=\" Foto: Geir Olsen \/ NTB\" class=\"_image_qp4xg_65 layout-component layout-wide\" data-fullscreen- data-track-element-type=\"Article image fullscreen\" data-track-name=\"ImageFullscreen\" fetchpriority=\"high\" decoding=\"sync\" loading=\"eager\" height=\"3856\" itemprop=\"image\"  src=\"https:\/\/www.europesays.com\/no\/wp-content\/uploads\/2025\/12\/ede72320-c54c-487b-a997-1f36f667b28b\"  style=\"object-position:0% 0%\" width=\"5792\"\/> Foto: Geir Olsen \/ NTBGran\u00e5sen, Trondheim Oppdatert fredag 5. desember kl. 12:38     <\/p>\n<p class=\"_paragraph_o9xde_4 _paragraph_xtcu6_10 layout-component text-serif-m layout-normal text-serif-m layout-padded\">\u2013 Det er en stor, stor overraskelse, sier Aukland. <\/p>\n<p class=\"_paragraph_o9xde_4 _paragraph_xtcu6_10 layout-component text-serif-m layout-normal text-serif-m layout-padded\"><a href=\"https:\/\/www.vg.no\/tag\/kristine-stavaas-skistad?utm_source=vg-article&amp;utm_medium=auto-tagger&amp;utm_campaign=n1gWrx\" class=\"_link_o9xde_39\" rel=\"nofollow noopener\" target=\"_blank\">Kristine Stav\u00e5s Skistad<\/a> var tre og et halvt sekund fra \u00e5 ryke ut i prologen. I kvartfinalen m\u00e5tte det fotobilde til for \u00e5 skille Jonna Sundling og Skistads m\u00e5lgang. <\/p>\n<p class=\"_paragraph_o9xde_4 _paragraph_xtcu6_10 layout-component text-serif-m layout-normal text-serif-m layout-padded\">Norges sprint-ess endte som nummer tre, og r\u00f8k etter hvert ut p\u00e5 tid. <\/p>\n<p class=\"_paragraph_o9xde_4 _paragraph_xtcu6_10 layout-component text-serif-m layout-normal text-serif-m layout-padded\">\u2013 Dette er kritisk for Kristine Stav\u00e5s Skistad. Det er rett og slett en taktisk finte fra Joensuu som setter Skistad ut, sier NRKs ekspert Fredrik Aukland. <\/p>\n<p class=\"_paragraph_o9xde_4 _paragraph_xtcu6_10 layout-component text-serif-m layout-normal text-serif-m layout-padded\">Skistad ble skj\u00f8vet utenfor l\u00f8ypen p\u00e5 oppl\u00f8pet og m\u00e5tte p\u00e5 et tidspunkt hoppe over l\u00f8ypemark\u00f8ren. <\/p>\n<p class=\"_paragraph_o9xde_4 _paragraph_xtcu6_10 layout-component text-serif-m layout-normal text-serif-m layout-padded\">\u2013 Det var kjedelig. Jeg var ikke v\u00e5ken nok og ble sperret. Da g\u00e5r det som det g\u00e5r, sier Skistad til NRK.<\/p>\n<p class=\"_paragraph_o9xde_4 _paragraph_xtcu6_10 layout-component text-serif-m layout-normal text-serif-m layout-padded\">Hun ble tatt litt p\u00e5 sengen. <\/p>\n<p class=\"_paragraph_o9xde_4 _paragraph_xtcu6_10 layout-component text-serif-m layout-normal text-serif-m layout-padded\">\u2013 Jeg har ikke noe \u00e5 skylde p\u00e5, men jeg regnet ikke med at jeg kom til \u00e5 bli sperret p\u00e5. Det er synd. Det er bare \u00e5 komme seg hjem, fortsetter hun. <\/p>\n<ul class=\"_gallery_1qa3s_23\" tabindex=\"0\">\n<li class=\"_item_1qa3s_37\" data-index=\"0\"><img decoding=\"async\" class=\"_image_foru8_23 _articleGallery_foru8_39\" data-fullscreen- width=\"5221\" height=\"3482\" itemprop=\"image\" loading=\"lazy\"  src=\"https:\/\/www.europesays.com\/no\/wp-content\/uploads\/2025\/12\/5ef290f3-e02f-421b-a8b9-f667883700f3\"  style=\"object-position:50% 50%;aspect-ratio:var(--gallery-aspect-ratio, 16 \/ 9)\"\/>Foto: Geir Olsen \/ NTB<\/li>\n<li class=\"_item_1qa3s_37\" data-index=\"1\"><img decoding=\"async\" class=\"_image_foru8_23 _articleGallery_foru8_39\" data-fullscreen- width=\"7284\" height=\"4859\" itemprop=\"image\" loading=\"lazy\"  src=\"https:\/\/www.europesays.com\/no\/wp-content\/uploads\/2025\/12\/a90ff6c5-e7ef-4f26-8aeb-960bbb33f9c7\"  style=\"object-position:50% 50%;aspect-ratio:var(--gallery-aspect-ratio, 16 \/ 9)\"\/>Foto: Geir Olsen \/ NTB<\/li>\n<li class=\"_item_1qa3s_37\" data-index=\"2\"><img decoding=\"async\" class=\"_image_foru8_23 _articleGallery_foru8_39\" data-fullscreen- width=\"7047\" height=\"4700\" itemprop=\"image\" loading=\"lazy\"  src=\"https:\/\/www.europesays.com\/no\/wp-content\/uploads\/2025\/12\/5eae9dbd-711d-4243-997b-613fbf704f5b\"  style=\"object-position:50% 50%;aspect-ratio:var(--gallery-aspect-ratio, 16 \/ 9)\"\/>Foto: Geir Olsen \/ NTB<\/li>\n<li class=\"_item_1qa3s_37\" data-index=\"3\"><img decoding=\"async\" class=\"_image_foru8_23 _articleGallery_foru8_39\" data-fullscreen- width=\"5024\" height=\"3351\" itemprop=\"image\" loading=\"lazy\"  src=\"https:\/\/www.europesays.com\/no\/wp-content\/uploads\/2025\/12\/19d0d18b-66d6-407a-803e-e784b60acb0b\"  style=\"object-position:50% 50%;aspect-ratio:var(--gallery-aspect-ratio, 16 \/ 9)\"\/>Foto: Geir Olsen \/ NTB<\/li>\n<\/ul>\n<p class=\"_paragraph_o9xde_4 _paragraph_xtcu6_10 layout-component text-serif-m layout-normal text-serif-m layout-padded\">Verdenscuphelgen i Gran\u00e5sen er en utrolig viktig helg med tanke p\u00e5 sesongens store h\u00f8ydepunkt: OL i Italia i februar. <\/p>\n<p class=\"_paragraph_o9xde_4 _paragraph_xtcu6_10 layout-component text-serif-m layout-normal text-serif-m layout-padded\">B\u00e5de sprint klassisk, 20 kilometer med skibytte og 10 kilometer fristil er alle OL-\u00f8velser. <\/p>\n<p class=\"_paragraph_o9xde_4 _paragraph_xtcu6_10 layout-component text-serif-m layout-normal text-serif-m layout-padded\">Skistad er Norges store favoritt p\u00e5 distansen og s\u00e5 \u00e5 si klar for OL. Men p\u00e5 mange m\u00e5ter ble denne fredagen litt spesiell. <\/p>\n<p class=\"_paragraph_o9xde_4 _paragraph_xtcu6_10 layout-component text-serif-m layout-normal text-serif-m layout-padded\">Det var her hun tok s\u00f8lv, men var sjansel\u00f8s p\u00e5 gullet under VM i Trondheim. Til det var Jonna Sundling rett og slett for sterk.<\/p>\n<p class=\"_paragraph_o9xde_4 _paragraph_xtcu6_10 layout-component text-serif-m layout-normal text-serif-m layout-padded\">Ogs\u00e5 n\u00e5 var det Sundling som satte en stopper for Skistad. <\/p>\n<p class=\"_paragraph_o9xde_4 _paragraph_xtcu6_10 layout-component text-serif-m layout-normal text-serif-m layout-padded\">Allerede i prologen dukket det opp overraskelser. Hjemmeh\u00e5pet Julie Myhre fikk det ikke til \u00e5 stemme fra start og m\u00e5tte takke for seg.<\/p>\n<p><img alt=\"Foto: MAXIM THORE \/ Bildbyr\u00e5n\" class=\"_image_qp4xg_65 layout-component layout-normal\" data-fullscreen- data-track-element-type=\"Article image fullscreen\" data-track-name=\"ImageFullscreen\" decoding=\"async\" loading=\"lazy\" height=\"4000\" itemprop=\"image\"  src=\"https:\/\/www.europesays.com\/no\/wp-content\/uploads\/2025\/12\/adc86631-1c84-4c39-8523-fa00de54a9b3\"  style=\"object-position:0% 0%\" width=\"6000\"\/>Foto: MAXIM THORE \/ Bildbyr\u00e5n<\/p>\n<p class=\"_paragraph_o9xde_4 _paragraph_xtcu6_10 layout-component text-serif-m layout-normal text-serif-m layout-padded\">Svenske Linn Svahn gjorde comeback i verdenscupen i Gran\u00e5sen. <\/p>\n<p class=\"_paragraph_o9xde_4 _paragraph_xtcu6_10 layout-component text-serif-m layout-normal text-serif-m layout-padded\">Hun vant klassisksprinten i verdenscupen i Falun f\u00f8r Trondheim-VM, men i VM falt hun og p\u00e5dro seg hjernerystelse.<\/p>\n<p class=\"_paragraph_o9xde_4 _paragraph_xtcu6_10 layout-component text-serif-m layout-normal text-serif-m layout-padded\">Siden har hun ikke g\u00e5tt konkurranser.<\/p>\n","protected":false},"excerpt":{"rendered":"Norges sprintstjerne Kristine Stav\u00e5s Skistad takket for seg allerede i f\u00f8rste utslagsrunde. Foto: Geir Olsen \/ NTBGran\u00e5sen, Trondheim&hellip;\n","protected":false},"author":2,"featured_media":104934,"comment_status":"","ping_status":"","sticky":false,"template":"","format":"standard","meta":{"footnotes":""},"categories":[59],"tags":[794,398,30,28,29,83,82],"class_list":{"0":"post-104933","1":"post","2":"type-post","3":"status-publish","4":"format-standard","5":"has-post-thumbnail","7":"category-sport","8":"tag-kristine-stavas-skistad","9":"tag-langrenn","10":"tag-no","11":"tag-norge","12":"tag-norway","13":"tag-sport","14":"tag-sports"},"share_on_mastodon":{"url":"https:\/\/pubeurope.com\/@no\/115666784418952514","error":""},"_links":{"self":[{"href":"https:\/\/www.europesays.com\/no\/wp-json\/wp\/v2\/posts\/104933","targetHints":{"allow":["GET"]}}],"collection":[{"href":"https:\/\/www.europesays.com\/no\/wp-json\/wp\/v2\/posts"}],"about":[{"href":"https:\/\/www.europesays.com\/no\/wp-json\/wp\/v2\/types\/post"}],"author":[{"embeddable":true,"href":"https:\/\/www.europesays.com\/no\/wp-json\/wp\/v2\/users\/2"}],"replies":[{"embeddable":true,"href":"https:\/\/www.europesays.com\/no\/wp-json\/wp\/v2\/comments?post=104933"}],"version-history":[{"count":0,"href":"https:\/\/www.europesays.com\/no\/wp-json\/wp\/v2\/posts\/104933\/revisions"}],"wp:featuredmedia":[{"embeddable":true,"href":"https:\/\/www.europesays.com\/no\/wp-json\/wp\/v2\/media\/104934"}],"wp:attachment":[{"href":"https:\/\/www.europesays.com\/no\/wp-json\/wp\/v2\/media?parent=104933"}],"wp:term":[{"taxonomy":"category","embeddable":true,"href":"https:\/\/www.europesays.com\/no\/wp-json\/wp\/v2\/categories?post=104933"},{"taxonomy":"post_tag","embeddable":true,"href":"https:\/\/www.europesays.com\/no\/wp-json\/wp\/v2\/tags?post=104933"}],"curies":[{"name":"wp","href":"https:\/\/api.w.org\/{rel}","templated":true}]}}