{"id":104937,"date":"2025-12-05T11:51:09","date_gmt":"2025-12-05T11:51:09","guid":{"rendered":"https:\/\/www.europesays.com\/no\/104937\/"},"modified":"2025-12-05T11:51:09","modified_gmt":"2025-12-05T11:51:09","slug":"sjefskifte-i-kagge","status":"publish","type":"post","link":"https:\/\/www.europesays.com\/no\/104937\/","title":{"rendered":"Sjefskifte i Kagge"},"content":{"rendered":"\n<p class=\"_lead_o9xde_2 _lead_xtcu6_50 layout-component text-serif-m layout-normal text-serif-l layout-component layout-wide layout-padded _wide_17hqh_1 layout-padded\">Sarah S\u00f8rheim (46) etterf\u00f8lger Cathrine Sandnes i Kagge forlag og blir ny sjefredakt\u00f8r for sakprosa.<\/p>\n<p><img alt=\" Foto: NY REDFAKT\u00d8R: Sarah S\u00f8rheim (t.v.) etterf\u00f8lger Cathrine Sandnes (t.h.) i Kagge Forlag, der S\u00f8rheim skal lede sakprosaredaksjonen.\" class=\"_image_qp4xg_65 layout-component layout-wide\" data-fullscreen- data-track-element-type=\"Article image fullscreen\" data-track-name=\"ImageFullscreen\" fetchpriority=\"high\" decoding=\"sync\" loading=\"eager\" height=\"1668\" itemprop=\"image\"  src=\"https:\/\/www.europesays.com\/no\/wp-content\/uploads\/2025\/12\/2e8478dd-4b3b-4918-988f-419ac257a4d3\"  style=\"object-position:0% 0%\" width=\"2500\"\/> Foto: NY REDFAKT\u00d8R: Sarah S\u00f8rheim (t.v.) etterf\u00f8lger Cathrine Sandnes (t.h.) i Kagge Forlag, der S\u00f8rheim skal lede sakprosaredaksjonen.<\/p>\n<ul aria-hidden=\"true\" class=\"_images_ntbth_112\">\n<li><a class=\"_link_ntbth_117\" href=\"https:\/\/www.vg.no\/forfatter\/yngve-kvistad\" style=\"z-index:1\" title=\"Yngve Kvistad\" rel=\"nofollow noopener\" target=\"_blank\"><img alt=\"Bilde av Yngve Kvistad\" class=\"_image_ntbth_93\" fetchpriority=\"low\" loading=\"lazy\" decoding=\"async\" itemprop=\"image\"  src=\"https:\/\/www.europesays.com\/no\/wp-content\/uploads\/2025\/12\/d4dbc8d6-94e3-4f1b-b317-7e8a8fc8bbc7\"  width=\"480\"\/><\/a><\/li>\n<\/ul>\n<p> Oppdatert fredag 5. desember kl. 12:06     <\/p>\n<p class=\"_paragraph_o9xde_4 _paragraph_xtcu6_10 layout-component text-serif-m layout-normal text-serif-m layout-padded\">Samtidig avvikles J.M. Stenersens Forlag (JMS), som har v\u00e6rt eid og drevet som s\u00e5kalt imprint av Kagge siden 2003. <\/p>\n<p class=\"_paragraph_o9xde_4 _paragraph_xtcu6_10 layout-component text-serif-m layout-normal text-serif-m layout-padded\">Innen forlagsbransjen er imprint betegnelsen p\u00e5 et merkenavn som brukes til bestemte utgivelser. <\/p>\n<p class=\"_paragraph_o9xde_4 _paragraph_xtcu6_10 layout-component text-serif-m layout-normal text-serif-m layout-padded\"><a href=\"https:\/\/www.vg.no\/tag\/cathrine-sandnes?utm_source=vg-article&amp;utm_medium=auto-tagger&amp;utm_campaign=WvLjar\" class=\"_link_o9xde_39\" rel=\"nofollow noopener\" target=\"_blank\">Cathrine Sandnes<\/a> (53) har v\u00e6rt ledet av JMS siden 2019. Ved \u00e5rsskiftet tiltrer hun som generalsekret\u00e6r i Norsk faglitter\u00e6r forfatter og oversetterforening (NFFO).<\/p>\n<p class=\"_paragraph_o9xde_4 _paragraph_xtcu6_10 layout-component text-serif-m layout-normal text-serif-m layout-padded\">Sarah S\u00f8rheim kommer fra stillingen som leder for nisjeavdelingen i Schibsted. For halvannen uke siden ble det kjent at hun hadde tatt sluttpakke.<\/p>\n<p class=\"_paragraph_o9xde_4 _paragraph_xtcu6_10 layout-component text-serif-m layout-normal text-serif-m layout-padded\">S\u00f8rheim er tidligere nyhetsredakt\u00f8r i NTB og kulturredakt\u00f8r i Aftenposten. <\/p>\n<p class=\"_paragraph_o9xde_4 _paragraph_xtcu6_10 layout-component text-serif-m layout-normal text-serif-m layout-padded\">Hun har ogs\u00e5 v\u00e6rt kulturredakt\u00f8r i Klassekampen, redaksjonssjef i Dagens N\u00e6ringsliv og hatt ulike roller i NRK, Morgenbaldet og Dagbladet.<\/p>\n<p class=\"_paragraph_o9xde_4 _paragraph_xtcu6_10 layout-component text-serif-m layout-normal text-serif-m layout-padded\">For fem \u00e5r siden var S\u00f8rheim med og startet podcasten Aftenpodden. If\u00f8lge Kagge Forlag skal hun fortsette \u00e5 v\u00e6re med der.<\/p>\n<p class=\"_paragraph_o9xde_4 _paragraph_xtcu6_10 layout-component text-serif-m layout-normal text-serif-m layout-padded\">Kagge har i senere \u00e5r v\u00e6rt det st\u00f8rste sakprosaforlaget i Norge.<\/p>\n<p class=\"_paragraph_o9xde_4 _paragraph_xtcu6_10 layout-component text-serif-m layout-normal text-serif-m layout-padded\">I 2026 runder Kagge Forlag 30 \u00e5r. Det ble startet av advokaten og eventyreren Erling Kagge i 1996 under navnet Familievennen forlag.<\/p>\n<p class=\"_paragraph_o9xde_4 _paragraph_xtcu6_10 layout-component text-serif-m layout-normal text-serif-m layout-padded\">For tre \u00e5r siden solgte han 70 prosent av aksjene til danske Politiken Forlag, selv beholdt han 30 prosent.<\/p>\n<p class=\"_paragraph_o9xde_4 _paragraph_xtcu6_10 layout-component text-serif-m layout-normal text-serif-m layout-padded\">Kagge Forlag \u00f8kte omsetningen fra 125 millioner i 2023 til 153,5 millioner i 2024, en \u00f8kning p\u00e5 23 prosent. If\u00f8lge forlaget selv hadde Kagge f\u00f8rste halv\u00e5r i \u00e5r en omsetningsvekst p\u00e5 18 prosent sammenlignet med fjor\u00e5ret.<\/p>\n","protected":false},"excerpt":{"rendered":"Sarah S\u00f8rheim (46) etterf\u00f8lger Cathrine Sandnes i Kagge forlag og blir ny sjefredakt\u00f8r for sakprosa. Foto: NY REDFAKT\u00d8R:&hellip;\n","protected":false},"author":2,"featured_media":104938,"comment_status":"","ping_status":"","sticky":false,"template":"","format":"standard","meta":{"footnotes":""},"categories":[12],"tags":[13162,20,21,13160,24,25,13161,15,22,23,13,30,28,29,14,16,3423,26,27,42,43,44,45],"class_list":{"0":"post-104937","1":"post","2":"type-post","3":"status-publish","4":"format-standard","5":"has-post-thumbnail","7":"category-verden","8":"tag-bokbransjen","9":"tag-breaking-news","10":"tag-breakingnews","11":"tag-cathrine-sandnes","12":"tag-featured-news","13":"tag-featurednews","14":"tag-forlagsbransjen","15":"tag-headlines","16":"tag-latest-news","17":"tag-latestnews","18":"tag-news","19":"tag-no","20":"tag-norge","21":"tag-norway","22":"tag-nyheter","23":"tag-overskrifter","24":"tag-sakprosa","25":"tag-top-stories","26":"tag-topstories","27":"tag-verden","28":"tag-world","29":"tag-world-news","30":"tag-worldnews"},"share_on_mastodon":{"url":"https:\/\/pubeurope.com\/@no\/115666818682491367","error":""},"_links":{"self":[{"href":"https:\/\/www.europesays.com\/no\/wp-json\/wp\/v2\/posts\/104937","targetHints":{"allow":["GET"]}}],"collection":[{"href":"https:\/\/www.europesays.com\/no\/wp-json\/wp\/v2\/posts"}],"about":[{"href":"https:\/\/www.europesays.com\/no\/wp-json\/wp\/v2\/types\/post"}],"author":[{"embeddable":true,"href":"https:\/\/www.europesays.com\/no\/wp-json\/wp\/v2\/users\/2"}],"replies":[{"embeddable":true,"href":"https:\/\/www.europesays.com\/no\/wp-json\/wp\/v2\/comments?post=104937"}],"version-history":[{"count":0,"href":"https:\/\/www.europesays.com\/no\/wp-json\/wp\/v2\/posts\/104937\/revisions"}],"wp:featuredmedia":[{"embeddable":true,"href":"https:\/\/www.europesays.com\/no\/wp-json\/wp\/v2\/media\/104938"}],"wp:attachment":[{"href":"https:\/\/www.europesays.com\/no\/wp-json\/wp\/v2\/media?parent=104937"}],"wp:term":[{"taxonomy":"category","embeddable":true,"href":"https:\/\/www.europesays.com\/no\/wp-json\/wp\/v2\/categories?post=104937"},{"taxonomy":"post_tag","embeddable":true,"href":"https:\/\/www.europesays.com\/no\/wp-json\/wp\/v2\/tags?post=104937"}],"curies":[{"name":"wp","href":"https:\/\/api.w.org\/{rel}","templated":true}]}}