{"id":104947,"date":"2025-12-05T12:03:08","date_gmt":"2025-12-05T12:03:08","guid":{"rendered":"https:\/\/www.europesays.com\/no\/104947\/"},"modified":"2025-12-05T12:03:08","modified_gmt":"2025-12-05T12:03:08","slug":"danmark-har-vist-at-vi-kan-passe-pa-gronland","status":"publish","type":"post","link":"https:\/\/www.europesays.com\/no\/104947\/","title":{"rendered":"Danmark har vist at vi kan passe p\u00e5 Gr\u00f8nland"},"content":{"rendered":"<p>    Det danske forsvaret har i sommer og h\u00f8st sendt styrker til Gr\u00f8nland for \u00e5 \u00f8ve og demonstrere at det kan operere under ekstreme forhold.<\/p>\n<p>\n        Det danske forsvaret \u00f8ver og demonstrerer at de takler krevende forhold p\u00e5 Gr\u00f8nland. Bildet er fra en tidligere Nato-\u00f8velse<br \/>\n        Reuters\n    <\/p>\n<p>Sjefen for Arktisk Kommando, generalmajor S\u00f8ren Andersen, sl\u00e5r fast i et intervju med milit\u00e6rmagasinet <a href=\"https:\/\/www.forsvaret.dk\/globalassets\/fko---forsvaret\/dokumenter\/publikationer\/honnor\/-honnor_nr11_041125-.pdf\" rel=\"nofollow noopener\" target=\"_blank\">Honn\u00f8r<\/a> at Forsvaret n\u00e5 har vist at det \u00aber i stand til \u00e5 passe p\u00e5 Gr\u00f8nland\u00bb. Honn\u00f8r\u00a0utgis av det danske Forsvaret.<\/p>\n<p>Andersen at den sikkerhetspolitiske interessen for Gr\u00f8nland og Arktis er i kraftig vekst.\u00a0\u00abDer er en markant og stigende geopolitisk interesse for Gr\u00f8nland og den arktiske region,\u00bb sier han, og legger til at Forsvaret derfor m\u00e5 trene i hele kongeriket for \u00e5 kunne beskytte det som en helhet.<\/p>\n<p>Forventer russisk opprustning<\/p>\n<p>        <a itemprop=\"url\" class=\"\" href=\"https:\/\/www.abcnyheter.no\/nyheter\/spesialstyrkenes-nye-farkost\/1168351\" data-k5a-url=\"https:\/\/www.abcnyheter.no\/a\/1168351\" rel=\"nofollow noopener\" target=\"_blank\"><\/p>\n<p>            Fiendens skrekk: Nesten umulig \u00e5 oppdage<\/p>\n<p itemprop=\"section\" class=\"section\" data-tag=\"nyheter\">nyheter<\/p>\n<p>        <\/a><\/p>\n<p>Andersen toner ned trusselbildet her og n\u00e5. Han understreker at det \u00abp\u00e5 n\u00e5v\u00e6rende tidspunkt ikke finnes en direkte trussel mot Gr\u00f8nland\u00bb. Trusselen ser han som langsiktig: Han forventer at Russland vil bruke krefter p\u00e5 \u00e5 ruste opp i Arktis n\u00e5r krigen i Ukraina en gang er over, og mener Danmark m\u00e5 v\u00e6re forberedt p\u00e5 \u00e5 beskytte NATOs nordlige flanke.<\/p>\n<p>\u2013 A statement of the obvious. Dette er kjente tanker og jeg leser det som et politisk utspill, kommenterer Sven Gabriel Holtsmark overfor ABC Nyheter. Holtsmark er\u00a0professor i historie ved Institutt for forsvarsstudier (IFS), Forsvarets h\u00f8gskole og en ekspert p\u00e5 nordomr\u00e5dene.<\/p>\n<p>Demonstrerer kapasitet<\/p>\n<p>        <a itemprop=\"url\" class=\"\" href=\"https:\/\/www.abcnyheter.no\/nyheter\/medier-norge-kjoper-to-nye-ubater-og-flere-raketter\/1318163\" data-k5a-url=\"https:\/\/www.abcnyheter.no\/a\/1318163\" rel=\"nofollow noopener\" target=\"_blank\"><\/p>\n<p>            Bekrefter gigant-satsing i Norge: \u2013 Helt ny v\u00e5pentype<\/p>\n<p itemprop=\"section\" class=\"section\" data-tag=\"nyheter\">nyheter<\/p>\n<p>        <\/a><\/p>\n<p>If\u00f8lge generalmajoren har \u00f8velsene og den \u00f8kte aktiviteten i Gr\u00f8nland i sommer og h\u00f8st vist at Danmark faktisk kan h\u00e5ndtere forsvaret av Gr\u00f8nland under krevende forhold, med ekstremt v\u00e6r og vanskelig logistikk. Forsvaret har trent store deler av organisasjonen \u2013 maritime enheter, flyv\u00e5penet, flere h\u00e6ravdelinger, heimevernet og spesialstyrker \u2013 i Gr\u00f8nland under ledelse av Arktisk Kommando.\u00a0<\/p>\n<p>Andersen trekker ogs\u00e5 fram evnen til rask milit\u00e6r forsterkning fra Danmark til Gr\u00f8nland som et konkret resultat. Forsvaret har, sier han, vist at styrker kan deployeres p\u00e5 kort tid og settes inn p\u00e5 stedet. Som eksempel viser han til redningshelikoptrene EH101 Merlin, som kan fly fra basen i Karup til Nuuk p\u00e5 13 timer, og som for f\u00f8rste gang har v\u00e6rt brukt i Gr\u00f8nland i \u00e5r.\u00a0<\/p>\n<p class=\"font-weight-bold m-font-weight-bold\" data-lab-font_weight=\"font-weight-bold\">Les ogs\u00e5: <a href=\"https:\/\/www.abcnyheter.no\/nyheter\/eu-parlamentet-vil-ha-ny-arktis-strategi-peker-pa-norsk-eu-medlemskap\/1307071\" rel=\"nofollow noopener\" target=\"_blank\">EU-parlamentet vil ha ny Arktis-strategi<\/a><\/p>\n","protected":false},"excerpt":{"rendered":"Det danske forsvaret har i sommer og h\u00f8st sendt styrker til Gr\u00f8nland for \u00e5 \u00f8ve og demonstrere at&hellip;\n","protected":false},"author":2,"featured_media":104948,"comment_status":"","ping_status":"","sticky":false,"template":"","format":"standard","meta":{"footnotes":""},"categories":[12],"tags":[20,21,24,25,15,22,23,13,30,28,29,14,16,26,27,42,43,44,45],"class_list":{"0":"post-104947","1":"post","2":"type-post","3":"status-publish","4":"format-standard","5":"has-post-thumbnail","7":"category-verden","8":"tag-breaking-news","9":"tag-breakingnews","10":"tag-featured-news","11":"tag-featurednews","12":"tag-headlines","13":"tag-latest-news","14":"tag-latestnews","15":"tag-news","16":"tag-no","17":"tag-norge","18":"tag-norway","19":"tag-nyheter","20":"tag-overskrifter","21":"tag-top-stories","22":"tag-topstories","23":"tag-verden","24":"tag-world","25":"tag-world-news","26":"tag-worldnews"},"share_on_mastodon":{"url":"https:\/\/pubeurope.com\/@no\/115666865665359561","error":""},"_links":{"self":[{"href":"https:\/\/www.europesays.com\/no\/wp-json\/wp\/v2\/posts\/104947","targetHints":{"allow":["GET"]}}],"collection":[{"href":"https:\/\/www.europesays.com\/no\/wp-json\/wp\/v2\/posts"}],"about":[{"href":"https:\/\/www.europesays.com\/no\/wp-json\/wp\/v2\/types\/post"}],"author":[{"embeddable":true,"href":"https:\/\/www.europesays.com\/no\/wp-json\/wp\/v2\/users\/2"}],"replies":[{"embeddable":true,"href":"https:\/\/www.europesays.com\/no\/wp-json\/wp\/v2\/comments?post=104947"}],"version-history":[{"count":0,"href":"https:\/\/www.europesays.com\/no\/wp-json\/wp\/v2\/posts\/104947\/revisions"}],"wp:featuredmedia":[{"embeddable":true,"href":"https:\/\/www.europesays.com\/no\/wp-json\/wp\/v2\/media\/104948"}],"wp:attachment":[{"href":"https:\/\/www.europesays.com\/no\/wp-json\/wp\/v2\/media?parent=104947"}],"wp:term":[{"taxonomy":"category","embeddable":true,"href":"https:\/\/www.europesays.com\/no\/wp-json\/wp\/v2\/categories?post=104947"},{"taxonomy":"post_tag","embeddable":true,"href":"https:\/\/www.europesays.com\/no\/wp-json\/wp\/v2\/tags?post=104947"}],"curies":[{"name":"wp","href":"https:\/\/api.w.org\/{rel}","templated":true}]}}