{"id":104949,"date":"2025-12-05T12:04:12","date_gmt":"2025-12-05T12:04:12","guid":{"rendered":"https:\/\/www.europesays.com\/no\/104949\/"},"modified":"2025-12-05T12:04:12","modified_gmt":"2025-12-05T12:04:12","slug":"britisk-ytre-hoyre-aktivist-kommer-til-norge","status":"publish","type":"post","link":"https:\/\/www.europesays.com\/no\/104949\/","title":{"rendered":"Britisk ytre h\u00f8yre-aktivist kommer til Norge"},"content":{"rendered":"<p class=\"extendedContent hyperion-css-eyn926\" data-test-tag=\"lead-text\">Den omstridte h\u00f8yreradikale aktivisten Tommy Robinson kommer til Norge for \u00e5 lansere bok.<\/p>\n<p><img decoding=\"async\" class=\"image-asset hyperion-css-u06ts1\" data-test-tag=\"image-asset\" src=\"https:\/\/www.europesays.com\/no\/wp-content\/uploads\/2025\/12\/b8c1ccdb-eea3-4955-85dc-ff0360820acc\"  alt=\"Omstridte Tommy Robinson kommer til Norge f\u00f8r jul. \"  loading=\"eager\" fetchpriority=\"high\" style=\"aspect-ratio:2048 \/ 1365\"\/>Omstridte Tommy Robinson kommer til Norge f\u00f8r jul. Foto: Isabel Infantes \/ Reuters \/NTB<\/p>\n<p class=\"paywall hyperion-css-1j42uic\">Det melder V\u00e5rt Land. Robinson er tidligere d\u00f8mt for vold og trusler. Han har bakgrunn fra British National Party og var blant grunnleggerne av den h\u00f8yreekstreme gruppa English Defence League. Han  har siden blitt en av de tyngste figurene p\u00e5 ytre h\u00f8yre i Storbritannia.<\/p>\n<p class=\"paywall hyperion-css-1j42uic\">Mellom 2005 og 2025 har han sonet fem ulike fengselsstraffer. I oktober i fjor ble han d\u00f8mt for brudd p\u00e5 et rettslig p\u00e5legg om ikke \u00e5 komme med injurierende uttalelser mot en syrisk flyktning.<\/p>\n<p class=\"paywall hyperion-css-1j42uic\">Robinson kommer til Norge for en boklansering 9. desember arrangert av Document Forlag. Billetter er ikke lenger tilgjengelig, skriver forlaget.  Det er heller ikke beskrevet hvor m\u00f8tet vil holdes, bortsett fra at det er \u00absentralt i Oslo\u00bb. <\/p>\n","protected":false},"excerpt":{"rendered":"Den omstridte h\u00f8yreradikale aktivisten Tommy Robinson kommer til Norge for \u00e5 lansere bok. Omstridte Tommy Robinson kommer til&hellip;\n","protected":false},"author":2,"featured_media":104950,"comment_status":"","ping_status":"","sticky":false,"template":"","format":"standard","meta":{"footnotes":""},"categories":[10],"tags":[20,21,24,25,15,22,23,13,30,28,29,14,16,26,27],"class_list":{"0":"post-104949","1":"post","2":"type-post","3":"status-publish","4":"format-standard","5":"has-post-thumbnail","7":"category-norge","8":"tag-breaking-news","9":"tag-breakingnews","10":"tag-featured-news","11":"tag-featurednews","12":"tag-headlines","13":"tag-latest-news","14":"tag-latestnews","15":"tag-news","16":"tag-no","17":"tag-norge","18":"tag-norway","19":"tag-nyheter","20":"tag-overskrifter","21":"tag-top-stories","22":"tag-topstories"},"share_on_mastodon":{"url":"https:\/\/pubeurope.com\/@no\/115666869651135560","error":""},"_links":{"self":[{"href":"https:\/\/www.europesays.com\/no\/wp-json\/wp\/v2\/posts\/104949","targetHints":{"allow":["GET"]}}],"collection":[{"href":"https:\/\/www.europesays.com\/no\/wp-json\/wp\/v2\/posts"}],"about":[{"href":"https:\/\/www.europesays.com\/no\/wp-json\/wp\/v2\/types\/post"}],"author":[{"embeddable":true,"href":"https:\/\/www.europesays.com\/no\/wp-json\/wp\/v2\/users\/2"}],"replies":[{"embeddable":true,"href":"https:\/\/www.europesays.com\/no\/wp-json\/wp\/v2\/comments?post=104949"}],"version-history":[{"count":0,"href":"https:\/\/www.europesays.com\/no\/wp-json\/wp\/v2\/posts\/104949\/revisions"}],"wp:featuredmedia":[{"embeddable":true,"href":"https:\/\/www.europesays.com\/no\/wp-json\/wp\/v2\/media\/104950"}],"wp:attachment":[{"href":"https:\/\/www.europesays.com\/no\/wp-json\/wp\/v2\/media?parent=104949"}],"wp:term":[{"taxonomy":"category","embeddable":true,"href":"https:\/\/www.europesays.com\/no\/wp-json\/wp\/v2\/categories?post=104949"},{"taxonomy":"post_tag","embeddable":true,"href":"https:\/\/www.europesays.com\/no\/wp-json\/wp\/v2\/tags?post=104949"}],"curies":[{"name":"wp","href":"https:\/\/api.w.org\/{rel}","templated":true}]}}