{"id":104951,"date":"2025-12-05T12:06:08","date_gmt":"2025-12-05T12:06:08","guid":{"rendered":"https:\/\/www.europesays.com\/no\/104951\/"},"modified":"2025-12-05T12:06:08","modified_gmt":"2025-12-05T12:06:08","slug":"kristine-stavas-skistad-langrenn-kristine-stavas-skistad-fiasko-en-stor-stor-overraskelse","status":"publish","type":"post","link":"https:\/\/www.europesays.com\/no\/104951\/","title":{"rendered":"Kristine Stav\u00e5s Skistad, Langrenn | Kristine Stav\u00e5s Skistad-fiasko: \u2013 En stor, stor overraskelse"},"content":{"rendered":"\n<p>\u2013 Det er en stor, stor overraskelse. At det skulle v\u00e6re over allerede i kvartfinalen var det f\u00e5 som hadde sett for seg, sier NRK-ekspert Fredrik Aukland. <\/p>\n<p>Det ble imidlertid realiteten for Konnerud-jenta under fredagens verdenscupsprint i Trondheim. <\/p>\n<p>\u2013 Det var kjedelig. Jeg var ikke v\u00e5ken nok og ble sperret. Da g\u00e5r det som det g\u00e5r. Det er kjedelig, sier Skistad til NRK. <\/p>\n<p>I kvartfinalen havnet Skistad i en duell med prologvinner Jasmi Joensuu p\u00e5 oppl\u00f8pet. Den finske l\u00f8peren valgte det ytterste sporet, og da fikk ikke Skistad et eget spor \u00e5 spurte i. <\/p>\n<p>Hun havnet helt ute p\u00e5 kanten av l\u00f8ypa og m\u00e5tte p\u00e5 et tidspunkt hoppe over en l\u00f8ypemark\u00f8r. <\/p>\n<p>Tr\u00f8bbelet p\u00e5 oppl\u00f8pet gjorde at Skistad kom i m\u00e5l som nummer tre, og ettersom at tiden hennes ble sl\u00e5tt allerede i neste kvartfinale, var det over og ut for 26-\u00e5ringen.<\/p>\n<p>Skistad forteller at hun ikke s\u00e5 for seg \u00e5 havne i den situasjonen hun gjorde p\u00e5 oppl\u00f8pet. <\/p>\n<p>\u2013 Jeg har ikke noe \u00e5 skylde p\u00e5 egentlig. Jeg regnet bare ikke med at jeg skulle bli sperret inne der. Jeg tenkte ikke p\u00e5 den muligheten, og da gikk det som det gikk, sier hun. <\/p>\n<p>NRK-ekspertene er kritiske til hvordan Skistad l\u00f8ste oppl\u00f8pet og mener hun gjorde en taktisk bommert.<\/p>\n<p>\u2013 Jeg mener Skistad gj\u00f8r en risikabel vurdering. Hun undervurderer nok Joensuu ut av svingen der. Hun burde kanskje g\u00e5tt til h\u00f8yre tidligere og f\u00e5tt et ledig spor, sier Aukland. <\/p>\n<p>\u2013 Det var ett d\u00e5rlig valg, og s\u00e5 var hun ute, sier ekspert P\u00e5l Golberg.<\/p>\n<p>At Skistad blir sl\u00e5tt ut allerede i kvartfinalen h\u00f8rer sjeldenheten til. Denne sesongen har hun vunnet b\u00e5de sprinten p\u00e5 Beitost\u00f8len og i Ruka. <\/p>\n<p>I tillegg til Skistad r\u00f8k ogs\u00e5 de norske landslagsl\u00f8perne Mathilde Myhrvold, Lotta Udnes Weng og Tiril Udnes Weng ut i kvartfinalene. <\/p>\n","protected":false},"excerpt":{"rendered":"\u2013 Det er en stor, stor overraskelse. At det skulle v\u00e6re over allerede i kvartfinalen var det f\u00e5&hellip;\n","protected":false},"author":2,"featured_media":104952,"comment_status":"","ping_status":"","sticky":false,"template":"","format":"standard","meta":{"footnotes":""},"categories":[59],"tags":[30,28,29,83,82],"class_list":{"0":"post-104951","1":"post","2":"type-post","3":"status-publish","4":"format-standard","5":"has-post-thumbnail","7":"category-sport","8":"tag-no","9":"tag-norge","10":"tag-norway","11":"tag-sport","12":"tag-sports"},"share_on_mastodon":{"url":"https:\/\/pubeurope.com\/@no\/115666877479199573","error":""},"_links":{"self":[{"href":"https:\/\/www.europesays.com\/no\/wp-json\/wp\/v2\/posts\/104951","targetHints":{"allow":["GET"]}}],"collection":[{"href":"https:\/\/www.europesays.com\/no\/wp-json\/wp\/v2\/posts"}],"about":[{"href":"https:\/\/www.europesays.com\/no\/wp-json\/wp\/v2\/types\/post"}],"author":[{"embeddable":true,"href":"https:\/\/www.europesays.com\/no\/wp-json\/wp\/v2\/users\/2"}],"replies":[{"embeddable":true,"href":"https:\/\/www.europesays.com\/no\/wp-json\/wp\/v2\/comments?post=104951"}],"version-history":[{"count":0,"href":"https:\/\/www.europesays.com\/no\/wp-json\/wp\/v2\/posts\/104951\/revisions"}],"wp:featuredmedia":[{"embeddable":true,"href":"https:\/\/www.europesays.com\/no\/wp-json\/wp\/v2\/media\/104952"}],"wp:attachment":[{"href":"https:\/\/www.europesays.com\/no\/wp-json\/wp\/v2\/media?parent=104951"}],"wp:term":[{"taxonomy":"category","embeddable":true,"href":"https:\/\/www.europesays.com\/no\/wp-json\/wp\/v2\/categories?post=104951"},{"taxonomy":"post_tag","embeddable":true,"href":"https:\/\/www.europesays.com\/no\/wp-json\/wp\/v2\/tags?post=104951"}],"curies":[{"name":"wp","href":"https:\/\/api.w.org\/{rel}","templated":true}]}}