{"id":104958,"date":"2025-12-05T12:10:08","date_gmt":"2025-12-05T12:10:08","guid":{"rendered":"https:\/\/www.europesays.com\/no\/104958\/"},"modified":"2025-12-05T12:10:08","modified_gmt":"2025-12-05T12:10:08","slug":"trumps-sikkerhetsstrategi-hevder-at-den-europeiske-sivilisasjonen-er-i-ferd-med-a-bli-utslettet-aftenposten","status":"publish","type":"post","link":"https:\/\/www.europesays.com\/no\/104958\/","title":{"rendered":"Trumps sikkerhetsstrategi hevder at den europeiske sivilisasjonen er i ferd med \u00e5 bli utslettet &#8211; Aftenposten"},"content":{"rendered":"<ol>\n<li><a href=\"https:\/\/news.google.com\/rss\/articles\/CBMi-gFBVV95cUxPTmdocXc0Ujl0REdiNEx1WkFhY0NMVlRtR3Jsel9uWlpSZjRFVWpZWFJtUHFMS0k4VE92NVdkNjBVdi1tRW13SmxyNmE5Ujlia3pFRzhPSlNDdHVLSlR4SnZnRnR3eV9OWjNpeHhEOG1pRlJtNWVJR3JMeXg5MlRBR3oxdHdweEZXZ1FFUDJaa2FCWW9abVZld2JzdVpmYWtnM1dmNnd4d09fYUsyd0NVVlVjNVVjR0w5aW9DY0lIOTBlSlBnS3RicWk0ZnNfZk50ckV1RHc1UUNjRzRnTFlmVFd2TnZhUjJjY3pfMFM3TS02QmdmQkRSVjFB?oc=5\" target=\"_blank\" rel=\"nofollow noopener\">Trumps sikkerhetsstrategi hevder at den europeiske sivilisasjonen er i ferd med \u00e5 bli utslettet<\/a>&nbsp;&nbsp;Aftenposten<\/li>\n<li><a href=\"https:\/\/news.google.com\/rss\/articles\/CBMiogFBVV95cUxPM1BadzZ0ei0weHV4NjRkRnE2UDhONi1ub19xQ0hIM0JRd2doLVZzUGpqR2pLRGZUVHlIZm9LSDdzUksxSkNPUFFFSHFZcWVQLVN1em85VE1ZLURfVDkwb0xZak9ZaFd5bF9SOUxUWWg2bjdDVEVOa1gzVTJsenVZMlhaMHQxLWZYOUFIWGREUzI3YnpIQVFDNnlaamJJWEJWZGc?oc=5\" target=\"_blank\" rel=\"nofollow noopener\">Ny Trump-strategi: Bekymret for \u00absivilisasjons-utslettelse\u00bb i Europa<\/a>&nbsp;&nbsp;VG<\/li>\n<li><a href=\"https:\/\/news.google.com\/rss\/articles\/CBMiogFBVV95cUxPaDhjQTlja19JVzZsaVdXVkg4LVlsZWl0TDVmQ0RxbkRaNkhEcjVGWUJRNzVVTWxtZFhGSTJIVDd6T3A2LUdaZHRocG1fYjNyNXlUc0FxX2hhUi01ekFQZDBoMEdSRDlESjQyRUpZRkt4TnNLTnUyWVBraFAwcGVPSDJWVDh2WDl0eEgtUThyb0ZGel8xVWVRYWRTOVRySVBnVnc?oc=5\" target=\"_blank\" rel=\"nofollow noopener\">USA vil auke sitt milit\u00e6re n\u00e6rv\u00e6r i Europa og Latin-Amerika \u2013 Siste nytt<\/a>&nbsp;&nbsp;NRK<\/li>\n<li><a href=\"https:\/\/news.google.com\/rss\/articles\/CBMiyAFBVV95cUxQY3ZzSVdZam9TMEdWX1cxR05LRTl1UVJGR050dmJvQm5GYW5kMk9UX1NHR1pOT0NWczE4Sy03c3M5RUUzVjRmaE9PVUh3QlZ6V01wZDNpU21nWTRrNHNYVXhVN01sR2ljTW1wb3ZZMGx6UWZINFNUVUFxLW54eW9DTnJlLXlBaG5QT2l2ZXdZemU1dEhyNTJiWDV1YmVCNzlac3o5R2JEdE5tMTQwdzJhNEJBYTJ6ZnBta1dwZzlPSHcyTnRva2hoVw?oc=5\" target=\"_blank\" rel=\"nofollow noopener\">Donald Trump, Ny strategi | Trump er brutal mot Europa i splitter ny sikkerhetsstrategi<\/a>&nbsp;&nbsp;Nettavisen<\/li>\n<li><a href=\"https:\/\/news.google.com\/rss\/articles\/CBMitgFBVV95cUxNTkdkbThkMEFWSW01UTVQaTQ1aUtGMmp6a0VEUHk4OXZDMFVxVmhLTURGdlhTSTNMcm1PaGVpbW44V0ZKRDVHTlQyS1F5bXhjSjlJQkg2MS1QaGRGdnVIQVhDSGktaURfS0JVQTlmejlDMTdZWmFDb1pzRnlDZEs4d2d3SHNKOXhUZ0V2ODFIb1VUdU1LRkNzanlrTGFGUXJYTTZqTThXMkRQXzBnWnhRdHB0SDRfdw?oc=5\" target=\"_blank\" rel=\"nofollow noopener\">(+) Ny Trump-strategi: Bekymret for \u00absivilisasjons-utslettelse\u00bb i Europa<\/a>&nbsp;&nbsp;folkebladet.no<\/li>\n<\/ol>\n","protected":false},"excerpt":{"rendered":"Trumps sikkerhetsstrategi hevder at den europeiske sivilisasjonen er i ferd med \u00e5 bli utslettet&nbsp;&nbsp;Aftenposten Ny Trump-strategi: Bekymret for&hellip;\n","protected":false},"author":2,"featured_media":6968,"comment_status":"","ping_status":"","sticky":false,"template":"","format":"standard","meta":{"footnotes":""},"categories":[12],"tags":[20,21,24,25,15,22,23,13,30,28,29,14,16,26,27,42,43,44,45],"class_list":{"0":"post-104958","1":"post","2":"type-post","3":"status-publish","4":"format-standard","5":"has-post-thumbnail","7":"category-verden","8":"tag-breaking-news","9":"tag-breakingnews","10":"tag-featured-news","11":"tag-featurednews","12":"tag-headlines","13":"tag-latest-news","14":"tag-latestnews","15":"tag-news","16":"tag-no","17":"tag-norge","18":"tag-norway","19":"tag-nyheter","20":"tag-overskrifter","21":"tag-top-stories","22":"tag-topstories","23":"tag-verden","24":"tag-world","25":"tag-world-news","26":"tag-worldnews"},"share_on_mastodon":{"url":"https:\/\/pubeurope.com\/@no\/115666893229089060","error":""},"_links":{"self":[{"href":"https:\/\/www.europesays.com\/no\/wp-json\/wp\/v2\/posts\/104958","targetHints":{"allow":["GET"]}}],"collection":[{"href":"https:\/\/www.europesays.com\/no\/wp-json\/wp\/v2\/posts"}],"about":[{"href":"https:\/\/www.europesays.com\/no\/wp-json\/wp\/v2\/types\/post"}],"author":[{"embeddable":true,"href":"https:\/\/www.europesays.com\/no\/wp-json\/wp\/v2\/users\/2"}],"replies":[{"embeddable":true,"href":"https:\/\/www.europesays.com\/no\/wp-json\/wp\/v2\/comments?post=104958"}],"version-history":[{"count":0,"href":"https:\/\/www.europesays.com\/no\/wp-json\/wp\/v2\/posts\/104958\/revisions"}],"wp:featuredmedia":[{"embeddable":true,"href":"https:\/\/www.europesays.com\/no\/wp-json\/wp\/v2\/media\/6968"}],"wp:attachment":[{"href":"https:\/\/www.europesays.com\/no\/wp-json\/wp\/v2\/media?parent=104958"}],"wp:term":[{"taxonomy":"category","embeddable":true,"href":"https:\/\/www.europesays.com\/no\/wp-json\/wp\/v2\/categories?post=104958"},{"taxonomy":"post_tag","embeddable":true,"href":"https:\/\/www.europesays.com\/no\/wp-json\/wp\/v2\/tags?post=104958"}],"curies":[{"name":"wp","href":"https:\/\/api.w.org\/{rel}","templated":true}]}}