{"id":104959,"date":"2025-12-05T12:11:27","date_gmt":"2025-12-05T12:11:27","guid":{"rendered":"https:\/\/www.europesays.com\/no\/104959\/"},"modified":"2025-12-05T12:11:27","modified_gmt":"2025-12-05T12:11:27","slug":"arbeidsliv-forsvar-derfor-moter-du-folk-i-uniform-i-dag","status":"publish","type":"post","link":"https:\/\/www.europesays.com\/no\/104959\/","title":{"rendered":"Arbeidsliv, Forsvar | Derfor m\u00f8ter du folk i uniform i dag"},"content":{"rendered":"\n<p><b>(<a href=\"https:\/\/www.oa.no\/\" rel=\"Follow nofollow noopener\" target=\"_blank\">Oppland Arbeiderblad<\/a>)<\/b> Fredag 5. desember arrangerer Heimevernet \u00abUniform p\u00e5 jobben-dagen\u00bb for sjette gang. Da kan kunder, kolleger og forbipasserende m\u00f8te heimevernssoldater i uniform p\u00e5 alt fra butikken og bussen til skoler, legekontor og byggeplasser.<\/p>\n<p>Hensikten med dagen er \u00e5 skape stolthet rundt heimevernssoldatenes innsats og vise hvilken rolle Heimevernet spiller i den lokale beredskapen over hele landet. Soldatene kommer fra et bredt spekter av yrkesgrupper, og mange kombinerer sivilt arbeid med tjeneste i HV.<\/p>\n<p>\u2013 Vi gj\u00f8r dette fordi vi \u00f8nsker \u00e5 synliggj\u00f8re for Norge hva Heimevernet er, og hvilke personer som utgj\u00f8r Heimevernet, sier generalmajor Frode Ommundsen, sjef for HV.<\/p>\n<p>   <img decoding=\"async\" width=\"1024\" height=\"683\" fetchpriority=\"low\"  loading=\"lazy\"  src=\"https:\/\/www.europesays.com\/no\/wp-content\/uploads\/2025\/12\/1764936686_690_0z0WBOj-Ids.jpg\" alt=\"\" class=\"brick-c-cFOWSL\" style=\"--brick-image-ratio: 1024 \/ 683;\"\/><\/p>\n<p>      P\u00c5 JOBB: Generalmajor Frode Ommundsen, sjef for Heimevernet, oppfordrer alle som har mulighet til \u00e5 bruke uniform p\u00e5 jobb.<br \/>\n      Foto: Torbj\u00f8rn Kjosvold \/ Forsvaret\n    <\/p>\n<p>  Skape stolthet<\/p>\n<p>Heimvernet \u00f8nsker \u00e5 skape stolthet og anerkjennelse for den innsatsen heimevernssoldaten legger ned.<\/p>\n<p>\u2013 Vi vil vise hvor viktig HV er for den lokale beredskapen i alle landets kommuner. Vi h\u00e5per en slik dag vil skape interesse og entusiasme for HV, skriver HV p\u00e5 sine egne nettsider.<\/p>\n<p>   <img decoding=\"async\" width=\"1024\" height=\"683\" fetchpriority=\"low\"  loading=\"lazy\"  src=\"https:\/\/www.europesays.com\/no\/wp-content\/uploads\/2025\/12\/1764936687_496_q9I7s9xGUBo.jpg\" alt=\"\" class=\"brick-c-cFOWSL\" style=\"--brick-image-ratio: 1024 \/ 683;\"\/><\/p>\n<p>      P\u00c5 JOBB: Innsatsstyrkesoldat Fredrik Nordby p\u00e5 jobb som servit\u00f8r under Uniform p\u00e5<br \/>\njobben-dagen i 2024.<br \/>\n      Foto:<br \/>\nTor-Magnus \u00d8ver\u00e5s \/ Forsvaret\n    <\/p>\n<p>  Viktig i dagens situasjon<\/p>\n<p>Heimevernet understreker at markeringen skjer i en tid der sikkerhetssituasjonen i Europa og verden gj\u00f8r det ekstra viktig \u00e5 synliggj\u00f8re beredskapsrollen.<\/p>\n<p>\u2013 I dagens sikkerhetspolitiske situasjon er det viktigere enn noen gang \u00e5 synliggj\u00f8re Heimevernet som en landsdekkende milit\u00e6r avdeling som er klare til \u00e5 bist\u00e5 i fred, krise og krig, forklarer Ommundsen.<\/p>\n<p>Alle soldater, befal og offiserer i Heimevernet oppfordres derfor til \u00e5 b\u00e6re uniform p\u00e5 sin arbeidsplass eller studiested denne fredagen.<\/p>\n<p>  <a href=\"https:\/\/www.bygdeposten.no\/5-10-647673\" class=\"related-teaser has-image default-story-teaser article--c-eRUmMG article--c-eRUmMG-jKCPdD-design-default\" rel=\"nofollow noopener\" target=\"_blank\"><\/p>\n<p>    <img decoding=\"async\" loading=\"lazy\"  src=\"https:\/\/www.europesays.com\/no\/wp-content\/uploads\/2025\/12\/Fire+staute+HV+soldater.jpg\" alt=\"\" class=\"brick-c-cFOWSL\" style=\"\"\/><\/p>\n<p>\n            Les ogs\u00e5<\/p>\n<p>              Modum HV girer opp: \u2013 Vi trener p\u00e5 en annen m\u00e5te n\u00e5 som det er krig i Europa\n        <\/p>\n<p>  <\/a><br \/>\n  Frivillig deltakelse<\/p>\n<p>Det er frivillig \u00e5 delta i markeringen. Alle som bruker uniform denne dagen, har f\u00e5tt godkjenning fra arbeidsgiver eller studiested. Personell med yrker der uniform kan skape misforst\u00e5elser rundt roller og myndighet, skal ikke b\u00e6re uniform i jobbsammenheng.<\/p>\n<p>Heimevernet best\u00e5r i dag av om lag 40 500 soldater og befal spredt over hele landet.<\/p>\n<p>Gjennom Uniform p\u00e5 jobben-dagen \u00f8nsker de \u00e5 vise at de er en del av alle samfunnslag og yrkesgrupper \u2013 og at de utgj\u00f8r en viktig del av Norges lokale beredskap.<\/p>\n","protected":false},"excerpt":{"rendered":"(Oppland Arbeiderblad) Fredag 5. desember arrangerer Heimevernet \u00abUniform p\u00e5 jobben-dagen\u00bb for sjette gang. Da kan kunder, kolleger og&hellip;\n","protected":false},"author":2,"featured_media":104649,"comment_status":"","ping_status":"","sticky":false,"template":"","format":"standard","meta":{"footnotes":""},"categories":[10],"tags":[465,36,20,21,24,25,226,15,10682,22,23,13,30,28,29,447,14,16,1219,1510,26,27,13134],"class_list":{"0":"post-104959","1":"post","2":"type-post","3":"status-publish","4":"format-standard","5":"has-post-thumbnail","7":"category-norge","8":"tag-arbeidsliv","9":"tag-art","10":"tag-breaking-news","11":"tag-breakingnews","12":"tag-featured-news","13":"tag-featurednews","14":"tag-forsvar","15":"tag-headlines","16":"tag-heimevernet","17":"tag-latest-news","18":"tag-latestnews","19":"tag-news","20":"tag-no","21":"tag-norge","22":"tag-norway","23":"tag-nyhet","24":"tag-nyheter","25":"tag-overskrifter","26":"tag-sikkerhet","27":"tag-story","28":"tag-top-stories","29":"tag-topstories","30":"tag-uniform"},"share_on_mastodon":{"url":"https:\/\/pubeurope.com\/@no\/115666897316604044","error":""},"_links":{"self":[{"href":"https:\/\/www.europesays.com\/no\/wp-json\/wp\/v2\/posts\/104959","targetHints":{"allow":["GET"]}}],"collection":[{"href":"https:\/\/www.europesays.com\/no\/wp-json\/wp\/v2\/posts"}],"about":[{"href":"https:\/\/www.europesays.com\/no\/wp-json\/wp\/v2\/types\/post"}],"author":[{"embeddable":true,"href":"https:\/\/www.europesays.com\/no\/wp-json\/wp\/v2\/users\/2"}],"replies":[{"embeddable":true,"href":"https:\/\/www.europesays.com\/no\/wp-json\/wp\/v2\/comments?post=104959"}],"version-history":[{"count":0,"href":"https:\/\/www.europesays.com\/no\/wp-json\/wp\/v2\/posts\/104959\/revisions"}],"wp:featuredmedia":[{"embeddable":true,"href":"https:\/\/www.europesays.com\/no\/wp-json\/wp\/v2\/media\/104649"}],"wp:attachment":[{"href":"https:\/\/www.europesays.com\/no\/wp-json\/wp\/v2\/media?parent=104959"}],"wp:term":[{"taxonomy":"category","embeddable":true,"href":"https:\/\/www.europesays.com\/no\/wp-json\/wp\/v2\/categories?post=104959"},{"taxonomy":"post_tag","embeddable":true,"href":"https:\/\/www.europesays.com\/no\/wp-json\/wp\/v2\/tags?post=104959"}],"curies":[{"name":"wp","href":"https:\/\/api.w.org\/{rel}","templated":true}]}}