{"id":104964,"date":"2025-12-05T12:20:20","date_gmt":"2025-12-05T12:20:20","guid":{"rendered":"https:\/\/www.europesays.com\/no\/104964\/"},"modified":"2025-12-05T12:20:20","modified_gmt":"2025-12-05T12:20:20","slug":"hvordan-maga-haper-a-forderve-transatlantismen","status":"publish","type":"post","link":"https:\/\/www.europesays.com\/no\/104964\/","title":{"rendered":"Hvordan MAGA h\u00e5per \u00e5 forderve transatlantismen"},"content":{"rendered":"<p class=\"kicker t15 font-weight-bold m-font-weight-bold color_mobile_no_bg_color quaternary color_mobile_quaternary align-left mobile_text_align_align-left text-case-transform-upper mobile-hasTextPadding\" style=\"\">Kronikk<\/p>\n<p>    Hvis den radikale h\u00f8yresiden i USA virkelig skulle fors\u00f8ke \u00e5 rive ned Europas postnasjonalistiske prosjekt, er det bare \u00e9n person som kommer til \u00e5 juble: Vladimir Putin.<\/p>\n<p>\n        ENDRET: Siden Donald Trump ble gjeninnsatt i januar, har den transatlantiske verden blitt fundamentalt forandret. Avbildet er to Trump-supportere ved Mar-a-Lago i 2024.<br \/>\n        Foto: Rebecca Blackwell, AP, NTB\n    <\/p>\n<p>Dette er en kronikk. Meninger i teksten st\u00e5r for skribentens regning. Send inn kronikker og debattinnlegg til Forsvarets forum her. <\/p>\n<p>Det er liten tvil om at Europa st\u00e5r i stor gjeld til USA. Ingen b\u00f8r noensinne glemme at amerikanerne gjennom mange ti\u00e5r forsvarte friheten i Vest-Europa og Vest-Berlin.\u00a0<\/p>\n<p>Vi b\u00f8r heller ikke glemme den vellykkede finansieringen av gjenoppbyggingen etter andre verdenskrig, seieren i den kalde krigen og Europas samling under Natos sikkerhetsparaply.<\/p>\n<p class=\"font-weight-bold m-font-weight-bold\" data-lab-font_weight=\"font-weight-bold\">For Europa var dette fremgangsrike, lykkelige og (det m\u00e5 sies) komfortable ti\u00e5r. Men de \u00ablullet\u00bb ogs\u00e5 europeere inn i en f\u00f8lelse av selvtilfredshet.\u00a0<\/p>\n<p>Vi la ikke merke til at det hele s\u00e5 annerledes ut fra et amerikansk perspektiv (for de som befant seg i senteret av det amerikanske imperiet) og at USA f\u00f8lte det som en tunge byrde \u2013 at landet kanskje p\u00e5tok seg for mye (\u00ab<a href=\"https:\/\/en.wikipedia.org\/wiki\/Imperial_overstretch\" rel=\"nofollow noopener\" target=\"_blank\">imperial overstretch<\/a>\u00bb). Amerikanerne f\u00f8lte ogs\u00e5 at de bar en st\u00f8rre byrde enn sin europeiske periferi \u2013 og det i \u00f8kende grad. USA utkjempet kostbare kriger i hele imperiets interesse, mens vi bygget ut velferdsstatene v\u00e5re.<\/p>\n<p><a href=\"https:\/\/snl.no\/Irak-krigen_2003\" rel=\"nofollow noopener\" target=\"_blank\">Irak-krigen<\/a>, finanskrisen i 2008, mange \u00e5r med avindustrialisering og den amerikanske elitens arroganse overfor arbeiderklassen og velgerne p\u00e5 landsbygda skapte ideelle forhold for at en demagog kunne komme til makten. Og det var det som skjedde da Donald Trump tok over det republikanske partiet og vant presidentvalget i 2016.\u00a0<\/p>\n<p>        <a itemprop=\"url\" class=\"\" href=\"https:\/\/www.forsvaretsforum.no\/fregatt-norge-pentagon\/norge-sa-nei-na-skroter-usa-hele-programmet\/469310\" data-k5a-url=\"https:\/\/www.forsvaretsforum.no\/a\/469310\" rel=\"nofollow noopener\" target=\"_blank\"><\/p>\n<p>\nfregatter\n<\/p>\n<p>            Norge sa nei \u2013 n\u00e5 skroter USA hele programmet<\/p>\n<p>        <\/a><\/p>\n<p>Valgseieren var s\u00e5 sjokkerende at selv Trump ikke helt forsto hva som hadde skjedd. Men slik var det ikke lenger da han ble gjenvalgt for ett \u00e5r siden. Siden han ble gjeninnsatt i januar, har den transatlantiske verden blitt fundamentalt forandret.<\/p>\n<p>Man kan si mye om Trump, men \u00e9n ting kan man aldri kalle ham: ideolog. Det Trump tror p\u00e5 \u2013 hans \u00abideologi\u00bb \u2013 er Trump og intet annet. Men det samme kan ikke sies om hans visepresident, J.D. Vance, eller om hans indre krets i Det hvite hus og den mer omfattende MAGA-bevegelsen (\u00abMake America Great Again\u00bb) som st\u00f8tter ham.<\/p>\n<p>                <img decoding=\"async\" src=\"https:\/\/www.europesays.com\/no\/wp-content\/uploads\/2025\/12\/470342.webp\" width=\"480\" height=\"322\" title=\"BANNON: Trumps tidligere r\u00e5dgiver Steve Bannon under en tale under Conservative Political Action Conference (CPAC) p\u00e5 Gaylord National Resort &amp; Convention Center 20. februar i \u00e5r.\" alt=\"\" loading=\"lazy\" style=\"\"\/><\/p>\n<p>\n            BANNON: Trumps tidligere r\u00e5dgiver Steve Bannon under en tale under Conservative Political Action Conference (CPAC) p\u00e5 Gaylord National Resort &amp; Convention Center 20. februar i \u00e5r.<br \/>\n            Foto: Jose Luis Magana, AP, NTB\n        <\/p>\n<p>En av bevegelsens ledende ideologer, Steven Bannon, ser verden som en slagmark mellom den j\u00f8disk-kristne tradisjonen og dens fiender. Blant Bannons \u00abfiender\u00bb finner vi ogs\u00e5 representanter for selve den vestlige liberalismen.\u00a0<\/p>\n<p>For \u00e5 vinne denne globale kulturkrigen, mener han det er behov for allierte, og han mener \u00e5 ha funnet dem i Europas h\u00f8yrepopulistiske partier. N\u00e5 som MAGA har makten i USA, ser Bannon muligheten for \u00e5 ekspandere bevegelsen ved \u00e5 ut\u00f8ve press p\u00e5 de \u00abdekadente\u00bb europeerne.<\/p>\n<p>Dette s\u00e5 ogs\u00e5 ut til \u00e5 v\u00e6re Vances intensjon da han holdt sin beryktede <a href=\"https:\/\/securityconference.org\/assets\/02_Dokumente\/01_Publikationen\/2025\/Selected_Key_Speeches_Vol._II\/MSC_Speeches_2025_Vol2_Ansicht_gek%C3%BCrzt.pdf\" rel=\"nofollow noopener\" target=\"_blank\">tale<\/a> under sikkerhetskonferansen i M\u00fcnchen i februar. Han refset europeiske ledere og andre europeiske myndighetsrepresentanter som var til stede, og han fremstilte det h\u00f8yreekstreme partiet Alternativ for Tyskland (AfD) som offer for sensur. Og dette gjorde han samtidig som Trump-administrasjonen saks\u00f8kte medier og slo hardt ned p\u00e5 universiteter i hjemlandet.<\/p>\n<p>Bannon og hans allierte forkaster alt EU st\u00e5r for. EU er tuftet p\u00e5 liberale verdier og har som m\u00e5l \u00e5 overvinne nasjonalisme gjennom stadig tettere integrasjon. MAGA er p\u00e5 sin side \u00e5penlyst nasjonalistisk \u2013 uten forbehold \u2013 og representanter for denne bevegelsen er ivrige etter \u00e5 gj\u00f8re felles sak med andre som deler deres sj\u00e5vinistiske syn p\u00e5 politikk. Under Trump blir transatlantismen snudd p\u00e5 hodet. Det er ikke lenger et internasjonalistisk prosjekt, men et nasjonalistisk.<\/p>\n<p>                <img decoding=\"async\" src=\"https:\/\/www.europesays.com\/no\/wp-content\/uploads\/2025\/12\/470364.webp\" width=\"480\" height=\"322\" title=\"TRUMP-IDEOLOGI: Man kan si mye om Trump, men \u00e9n ting kan man aldri kalle ham: ideolog. Foto fra et politisk massem\u00f8te i Iowa i juli.\" alt=\"\" loading=\"lazy\" style=\"\"\/><\/p>\n<p>\n            TRUMP-IDEOLOGI: Man kan si mye om Trump, men \u00e9n ting kan man aldri kalle ham: ideolog. Foto fra et politisk massem\u00f8te i Iowa i juli.<br \/>\n            Foto: Charlie Neibergall, AP, NTB\n        <\/p>\n<p class=\"font-weight-bold m-font-weight-bold\" data-lab-font_weight=\"font-weight-bold\">Ironien her burde v\u00e6re ganske \u00e5penbar. Vi m\u00e5 ikke glemme at transatlantismen vokste frem i kj\u00f8lvannet av kampen mot nazistenes ekstreme tyske nasjonalisme og folkemorderiske rasisme under andre verdenskrig, og den ble opprettholdt gjennom den kalde krigen mot Sovjetunionen.<\/p>\n<p>Men selv om vi erkjenner at Europa i flere ti\u00e5r levde komfortabelt som et amerikansk \u00abprotektorat\u00bb, m\u00e5 vi ikke gi etter for den n\u00e5v\u00e6rende amerikanske administrasjonens press. Selv om vi skylder USA mye, har vi ogs\u00e5 forpliktelser overfor oss selv \u2013 overfor de verdiene og prinsippene vi lenge har levd etter. USA har kanskje forlatt sine liberale verdier og omfavnet populistisk nasjonalisme, men det betyr ikke at vi b\u00f8r gj\u00f8re det samme.<\/p>\n<p>        <a itemprop=\"url\" class=\"\" href=\"https:\/\/www.forsvaretsforum.no\/f-35-israel-midtosten\/f-35-salg-til-saudi-arabia-israel-vil-ha-monopol\/469431\" data-k5a-url=\"https:\/\/www.forsvaretsforum.no\/a\/469431\" rel=\"nofollow noopener\" target=\"_blank\"><\/p>\n<p>\nusa\n<\/p>\n<p>            F-35-salg til Saudi-Arabia: \u2013 Israel vil ha monopol<\/p>\n<p>        <\/a><\/p>\n<p>Faktisk vil det v\u00e6re katastrofalt for Europa \u2013 og s\u00e6rlig for Tyskland \u2013 \u00e5 akseptere en slik selvtransformasjon. Vi m\u00e5 aldri glemme <a href=\"http:\/\/news.bbc.co.uk\/democracylive\/hi\/historic_moments\/newsid_8195000\/8195857.stm\" rel=\"nofollow noopener\" target=\"_blank\">advarselen<\/a> som den tidligere franske presidenten Fran\u00e7ois Mitterrand kom med i sin siste tale til Europaparlamentet: \u00abNasjonalisme er krig\u00bb.\u00a0<\/p>\n<p>Med disse f\u00e5 ordene destillerte han essensen av Europas katastrofale erfaringer med denne formen for politikk. For oss handler ikke dette om noen abstrakt ideologi, men om Europas historiske erfaringer \u2013 som det mest voldelige stedet p\u00e5 jorden frem til 1945.<\/p>\n<p>Hvis den radikale h\u00f8yresiden i USA virkelig skulle fors\u00f8ke \u00e5 rive ned Europas postnasjonalistiske prosjekt \u2013 som har blitt bygget opp gjennom stor innsats og gjennom mange generasjoner \u2013 er det bare \u00e9n person som kommer til \u00e5 juble: Vladimir Putin. Det ville ha v\u00e6rt et ytterst tragisk og absurd utfall \u2013 en slags ufornuftens dialektikk.<\/p>\n<p data-lab-italic=\"italic\" class=\"italic m-italic\">Project Syndicate er en internasjonal medieorganisasjon som publiserer kommentarer, kronikker og analyser om en rekke tema. Kronikkene er skrevet av blant annet politiske ledere, aktivister, forskere og ulike beslutningstakere i ulike land.<\/p>\n<p data-lab-italic=\"italic\" class=\"italic m-italic\">Forsvarets forum har tillatelse til \u00e5 republisere kronikker fra Project Syndicate p\u00e5 norsk.\u00a0<\/p>\n<p data-lab-italic=\"italic\" class=\"italic m-italic\">Oversatt fra engelsk av Marius Gustavson.<\/p>\n<p data-lab-italic=\"italic\" class=\"italic m-italic\">Copyright:\u00a0<a href=\"https:\/\/www.project-syndicate.org\/\" rel=\"nofollow noopener\" target=\"_blank\">Project Syndicate<\/a>, 2025.<\/p>\n","protected":false},"excerpt":{"rendered":"Kronikk Hvis den radikale h\u00f8yresiden i USA virkelig skulle fors\u00f8ke \u00e5 rive ned Europas postnasjonalistiske prosjekt, er det&hellip;\n","protected":false},"author":2,"featured_media":104965,"comment_status":"","ping_status":"","sticky":false,"template":"","format":"standard","meta":{"footnotes":""},"categories":[12],"tags":[20,21,24,25,15,22,23,13,30,28,29,14,16,26,27,42,43,44,45],"class_list":{"0":"post-104964","1":"post","2":"type-post","3":"status-publish","4":"format-standard","5":"has-post-thumbnail","7":"category-verden","8":"tag-breaking-news","9":"tag-breakingnews","10":"tag-featured-news","11":"tag-featurednews","12":"tag-headlines","13":"tag-latest-news","14":"tag-latestnews","15":"tag-news","16":"tag-no","17":"tag-norge","18":"tag-norway","19":"tag-nyheter","20":"tag-overskrifter","21":"tag-top-stories","22":"tag-topstories","23":"tag-verden","24":"tag-world","25":"tag-world-news","26":"tag-worldnews"},"share_on_mastodon":{"url":"https:\/\/pubeurope.com\/@no\/115666932652378859","error":""},"_links":{"self":[{"href":"https:\/\/www.europesays.com\/no\/wp-json\/wp\/v2\/posts\/104964","targetHints":{"allow":["GET"]}}],"collection":[{"href":"https:\/\/www.europesays.com\/no\/wp-json\/wp\/v2\/posts"}],"about":[{"href":"https:\/\/www.europesays.com\/no\/wp-json\/wp\/v2\/types\/post"}],"author":[{"embeddable":true,"href":"https:\/\/www.europesays.com\/no\/wp-json\/wp\/v2\/users\/2"}],"replies":[{"embeddable":true,"href":"https:\/\/www.europesays.com\/no\/wp-json\/wp\/v2\/comments?post=104964"}],"version-history":[{"count":0,"href":"https:\/\/www.europesays.com\/no\/wp-json\/wp\/v2\/posts\/104964\/revisions"}],"wp:featuredmedia":[{"embeddable":true,"href":"https:\/\/www.europesays.com\/no\/wp-json\/wp\/v2\/media\/104965"}],"wp:attachment":[{"href":"https:\/\/www.europesays.com\/no\/wp-json\/wp\/v2\/media?parent=104964"}],"wp:term":[{"taxonomy":"category","embeddable":true,"href":"https:\/\/www.europesays.com\/no\/wp-json\/wp\/v2\/categories?post=104964"},{"taxonomy":"post_tag","embeddable":true,"href":"https:\/\/www.europesays.com\/no\/wp-json\/wp\/v2\/tags?post=104964"}],"curies":[{"name":"wp","href":"https:\/\/api.w.org\/{rel}","templated":true}]}}