{"id":104966,"date":"2025-12-05T12:21:07","date_gmt":"2025-12-05T12:21:07","guid":{"rendered":"https:\/\/www.europesays.com\/no\/104966\/"},"modified":"2025-12-05T12:21:07","modified_gmt":"2025-12-05T12:21:07","slug":"35-aring-domt-for-grove-overgrep-mot-tenaringsjente-nrk-sorlandet-lokale-nyheter-tv-og-radio","status":"publish","type":"post","link":"https:\/\/www.europesays.com\/no\/104966\/","title":{"rendered":"35-\u00e5ring d\u00f8mt for grove overgrep mot ten\u00e5ringsjente \u2013 NRK S\u00f8rlandet \u2013 Lokale nyheter, TV og radio"},"content":{"rendered":"<p><strong>En 35 \u00e5r gammel mann er i Agder tingrett d\u00f8mt for flere grove overgrep mot jenta som var under 14 \u00e5r. Hun hadde r\u00f8mt fra en institusjon h\u00f8sten 2024.<\/strong><\/p>\n<p>De seksuelle overgrepene skal if\u00f8lge dommen ha skjedd to ganger daglig de f\u00f8rste ni dagene, deretter flere ganger i uken i perioden september \u2013 november 2024.<\/p>\n<p><strong>\u00abVed utm\u00e5lingen legger retten vekt p\u00e5 at overgrepene p\u00e5gikk med ulik intensitet i snaue fem m\u00e5neder\u00bb, st\u00e5r det i den ferske dommen.<\/strong><\/p>\n<p>Retten har ogs\u00e5 lagt vekt p\u00e5 at mannen misbrukte jentas tillit ved \u00e5 blant annet kj\u00f8pe amfetamin, alkohol, kl\u00e6r og sminke til henne, f\u00f8r han utnyttet henne seksuelt.<\/p>\n<p>Mannen er d\u00f8mt til fengsel i seks \u00e5r og fire m\u00e5neder.<\/p>\n<p>Han m\u00e5 ogs\u00e5 betale henne 380.000 kroner i erstatning, og er ilagt kontaktforbud i fem \u00e5r.<\/p>\n<p>Snudde i skyldsp\u00f8rsm\u00e5let<\/p>\n<p>35-\u00e5ringen fra S\u00f8rlandet har fram til rettssaken erkjent at han har hatt seksuell omgang med barn mellom 14 og 16 \u00e5r, men ikke under 14 \u00e5r.<\/p>\n<p>I l\u00f8pet av rettssaken snudde mannen, og erkjente \u00e5 ha hatt seksuell omgang med barn under 14 \u00e5r.<\/p>\n<p><strong>Det gjorde han etter \u00e5 ha blitt konfrontert med elektroniske bevis som viser at jenta ikke hadde fylt 14 \u00e5r da de f\u00f8rste overgrepene fant sted.<\/strong><\/p>\n<p>I retten ble det vist en meldingsutveksling der jenta skriver at hun kommer til \u00e5 anmelde mannen for seksuelle overgrep.<\/p>\n<p>I svaret stod det blant annet: \u00abHusker jeg kjenner ogs\u00e5 folk mange mange mange \ud83d\ude21\ud83d\ude21\ud83d\ude21\u00bb<\/p>\n<p>Mannen nekter for at det var han som sendte meldingen. Retten er p\u00e5 sin side sikker p\u00e5 det er s\u00f8rlendingen som er avsender av meldingen.<\/p>\n<p><img decoding=\"async\"   src=\"data:image\/gif;base64,R0lGODlhAQABAIAAAAAAAP\/\/\/yH5BAEAAAAALAAAAAABAAEAAAIBRAA7\" loading=\"eager\" alt=\"Bilde dom\" title=\"Foto: AGDER POLITIDISTRIKT\"\/><\/p>\n<p class=\"\">Mannen er d\u00f8mt for \u00e5 sende meldingen i gr\u00e5tt til jenta da hun sa hun skulle anmelde ham. <\/p>\n<p>Foto: AGDER POLITIDISTRIKT<\/p>\n<p>Mannen er tidligere domfelt \u00e5tte ganger. Han er blant annet tidligere d\u00f8mt for falsk forklaring, trusler og brudd p\u00e5 kontaktforbud.<\/p>\n<p>\u2013 \u00d8nsket \u00e5 overta omsorgen<\/p>\n<p>H\u00f8sten 2024 hadde jenta r\u00f8mt fra institusjonen hun bodde p\u00e5. Da bodde hun hos 35-\u00e5ringen i ni dager.<\/p>\n<p><strong>\u2013 Vi var veldig bekymret. Vi visste ikke hvor hun var de ni dagene.<\/strong><\/p>\n<p>Det sa en milj\u00f8arbeider som vitnet i retten. Han har jobbet tett med jenta p\u00e5 institusjonen hun bodde.<\/p>\n<p>Det var ogs\u00e5 milj\u00f8arbeideren som anmeldte 35-\u00e5ringen for seksuelle overgrep mot jenta.<\/p>\n<p>\u2013 Da vi m\u00f8tte jenta og tiltalte for \u00e5 hente henne tilbake, kom jenta med et langt skriv om hva som var d\u00e5rlig med institusjonen, og hva som var bra med \u00e5 bo hos tiltalte.<\/p>\n<p><strong>If\u00f8lge milj\u00f8arbeideren uttrykte s\u00e5 jenta og 35-\u00e5ringen et \u00f8nske om at mannen skulle f\u00e5 ta over omsorgen for henne.<\/strong><\/p>\n<p>Mannens forsvarer, Knut Henning Larsen sa i retten at han ikke \u00f8nsket \u00e5 kommentere om 35-\u00e5ringen hadde uttrykt et \u00f8nske om \u00e5 overta omsorgen for jenta.<\/p>\n<p><img decoding=\"async\"   src=\"data:image\/gif;base64,R0lGODlhAQABAIAAAAAAAP\/\/\/yH5BAEAAAAALAAAAAABAAEAAAIBRAA7\" loading=\"eager\" alt=\"En advokat sitter i en rettssal, if\u00f8rt dommerkjole. Han holder en laptop og ser oppmerksomt ut. P\u00e5 bordet foran ham er det en kopp og noen papirer. Omgivelsene har en moderne, enkel stil med trepanelvegger.\" title=\"Foto: Line Victoria Sverdrup \/ NRK\"\/><\/p>\n<p class=\"\">Knut Henning Larsen \u00f8nsket ikke \u00e5 kommentere saken da den gikk i retten. <\/p>\n<p>Foto: Line Victoria Sverdrup \/ NRK<\/p>\n<p>Opplevde han som manipulerende<\/p>\n<p>Jenta har forklart i tilrettelagt avh\u00f8r at hun opplevde at mannen ble mer og mer manipulerende.<\/p>\n<p>Hun ble spurt hvilket inntrykk hun fikk av 35-\u00e5ringen i begynnelsen.<\/p>\n<p>\u2013 Han virket mye snillere. S\u00e5 ble han bare verre og verre, sa jenta.<\/p>\n<p>Hvordan da?, spurte avh\u00f8reren.<\/p>\n<p><strong>\u2013 Mer manipulerende, sa jenta.<\/strong><\/p>\n<p><img decoding=\"async\"   src=\"data:image\/gif;base64,R0lGODlhAQABAIAAAAAAAP\/\/\/yH5BAEAAAAALAAAAAABAAEAAAIBRAA7\" loading=\"eager\" alt=\"\u00c5se Johnsen Drabl\u00f8s\" title=\"Foto: Ole Andreas B\u00f8 \/ NRK\"\/><\/p>\n<p class=\"\">\u00c5se Johnsen Drabl\u00f8s er jentas bistandsadvokat. <\/p>\n<p>Foto: Ole Andreas B\u00f8 \/ NRK<\/p>\n<p>Fikk vite om jentas alder<\/p>\n<p>35-\u00e5ringen forklarte i retten at han trodde at jenta var 15 \u00e5r gammel.<\/p>\n<p>Den siste dagen jenta bodde hos 35-\u00e5ringen, ringte politiet til den tiltalte mannen og spurte etter jenta.<\/p>\n<p>Det er noe b\u00e5de den forn\u00e6rmede jenta og den tiltalte mannen forklarte i retten.<\/p>\n<p><strong>35-\u00e5ringen fikk vite av politiet at jenta var 13 \u00e5r.<\/strong><\/p>\n<p>Dette er mannen d\u00f8mt for:<\/p>\n<ul>\n<li>For \u00e5 ha hatt seksuell omgang med barn under 14 \u00e5r.<\/li>\n<li>For \u00e5 ha hatt seksuell omgang med barn mellom 14 og 16.<\/li>\n<li>For \u00e5 ha skaffet seg seksuell omgang ved \u00e5 utnytte en person under 18 \u00e5r i en s\u00e6rlig s\u00e5rbar livssituasjon.<\/li>\n<li>For \u00e5 ha produsert og besittet fremstilling av seksuelle overgrep mot barn. Med barn menes person under 18 \u00e5r.<\/li>\n<li>For ved trusler overfor en akt\u00f8r i rettsvesenet \u00e5 ha opptr\u00e5dt slik at det er egnet til \u00e5 p\u00e5virke akt\u00f8ren til \u00e5 unnlate en handling i forbindelse med en straffesak.<\/li>\n<\/ul>\n<p>    Tips meg!<\/p>\n<p>Takk for at du leste denne saken!<br \/><strong>Jeg jobber med krim. Har du tips i denne saken, eller en historie du vil dele?\u00a0<\/strong><br \/>Kontakt meg gjerne p\u00e5 e-post.\u00a0<\/p>\n<p>Publisert<\/p>\n<p>05.12.2025, kl. 11.46<\/p>\n<p>Oppdatert<\/p>\n<p>05.12.2025, kl. 13.20<\/p>\n","protected":false},"excerpt":{"rendered":"En 35 \u00e5r gammel mann er i Agder tingrett d\u00f8mt for flere grove overgrep mot jenta som var&hellip;\n","protected":false},"author":2,"featured_media":104967,"comment_status":"","ping_status":"","sticky":false,"template":"","format":"standard","meta":{"footnotes":""},"categories":[10],"tags":[20,21,24,25,15,22,23,13,30,28,29,14,16,26,27],"class_list":{"0":"post-104966","1":"post","2":"type-post","3":"status-publish","4":"format-standard","5":"has-post-thumbnail","7":"category-norge","8":"tag-breaking-news","9":"tag-breakingnews","10":"tag-featured-news","11":"tag-featurednews","12":"tag-headlines","13":"tag-latest-news","14":"tag-latestnews","15":"tag-news","16":"tag-no","17":"tag-norge","18":"tag-norway","19":"tag-nyheter","20":"tag-overskrifter","21":"tag-top-stories","22":"tag-topstories"},"share_on_mastodon":{"url":"https:\/\/pubeurope.com\/@no\/115666936317399254","error":""},"_links":{"self":[{"href":"https:\/\/www.europesays.com\/no\/wp-json\/wp\/v2\/posts\/104966","targetHints":{"allow":["GET"]}}],"collection":[{"href":"https:\/\/www.europesays.com\/no\/wp-json\/wp\/v2\/posts"}],"about":[{"href":"https:\/\/www.europesays.com\/no\/wp-json\/wp\/v2\/types\/post"}],"author":[{"embeddable":true,"href":"https:\/\/www.europesays.com\/no\/wp-json\/wp\/v2\/users\/2"}],"replies":[{"embeddable":true,"href":"https:\/\/www.europesays.com\/no\/wp-json\/wp\/v2\/comments?post=104966"}],"version-history":[{"count":0,"href":"https:\/\/www.europesays.com\/no\/wp-json\/wp\/v2\/posts\/104966\/revisions"}],"wp:featuredmedia":[{"embeddable":true,"href":"https:\/\/www.europesays.com\/no\/wp-json\/wp\/v2\/media\/104967"}],"wp:attachment":[{"href":"https:\/\/www.europesays.com\/no\/wp-json\/wp\/v2\/media?parent=104966"}],"wp:term":[{"taxonomy":"category","embeddable":true,"href":"https:\/\/www.europesays.com\/no\/wp-json\/wp\/v2\/categories?post=104966"},{"taxonomy":"post_tag","embeddable":true,"href":"https:\/\/www.europesays.com\/no\/wp-json\/wp\/v2\/tags?post=104966"}],"curies":[{"name":"wp","href":"https:\/\/api.w.org\/{rel}","templated":true}]}}