{"id":104968,"date":"2025-12-05T12:23:10","date_gmt":"2025-12-05T12:23:10","guid":{"rendered":"https:\/\/www.europesays.com\/no\/104968\/"},"modified":"2025-12-05T12:23:10","modified_gmt":"2025-12-05T12:23:10","slug":"ol-drommen-kan-ha-blitt-knust-northug-nektet-a-snakke-med-pressen","status":"publish","type":"post","link":"https:\/\/www.europesays.com\/no\/104968\/","title":{"rendered":"OL-dr\u00f8mmen kan ha blitt knust \u2013 Northug nektet \u00e5 snakke med pressen"},"content":{"rendered":"\n<p class=\"_lead_o9xde_2 _lead_xtcu6_50 layout-component text-serif-m layout-normal text-serif-l layout-component layout-wide layout-padded _wide_17hqh_1 layout-padded\">Even Northug trengte s\u00e5rt en pallplass i det som er den viktigste helgen f\u00f8r OL. <\/p>\n<p> <img class=\"_image_qp4xg_65 layout-component layout-wide\" data-fullscreen- data-track-element-type=\"Article image fullscreen\" data-track-name=\"ImageFullscreen\" fetchpriority=\"high\" decoding=\"sync\" loading=\"eager\" height=\"181\" itemprop=\"image\"  src=\"https:\/\/www.europesays.com\/no\/wp-content\/uploads\/2025\/12\/3dd4f842cece3467de4f32591f643bc7.jpg\"  style=\"object-position:50% 50%;aspect-ratio:1.75;height:auto;object-fit:cover;width:100%\" width=\"102\"\/>  <\/p>\n<ul aria-hidden=\"true\" class=\"_images_ntbth_112\">\n<li><a class=\"_link_ntbth_117\" href=\"https:\/\/www.vg.no\/forfatter\/synne-sofie-christiansen-2\" style=\"z-index:2\" title=\"Synne Sofie Christiansen\" rel=\"nofollow noopener\" target=\"_blank\"><img alt=\"Bilde av Synne Sofie Christiansen\" class=\"_image_ntbth_93\" fetchpriority=\"low\" loading=\"lazy\" decoding=\"async\" itemprop=\"image\"  src=\"https:\/\/www.europesays.com\/no\/wp-content\/uploads\/2025\/12\/1764937389_61_8d683f6f-f2ba-47ca-8bcc-2db625b33cb1\"  width=\"480\"\/><\/a><\/li>\n<li><a class=\"_link_ntbth_117\" href=\"https:\/\/www.vg.no\/forfatter\/mikal-aaserud\" style=\"z-index:1\" title=\"Mikal Emil Aaserud\" rel=\"nofollow noopener\" target=\"_blank\"><img alt=\"Bilde av Mikal Emil Aaserud\" class=\"_image_ntbth_93\" fetchpriority=\"low\" loading=\"lazy\" decoding=\"async\" itemprop=\"image\"  src=\"https:\/\/www.europesays.com\/no\/wp-content\/uploads\/2025\/12\/1764937389_771_1f4bb18c-b7b1-46ba-9b49-79ae6afd7bbd\"  width=\"480\"\/><\/a><\/li>\n<\/ul>\n<p>Gran\u00e5sen, Trondheim  Oppdatert fredag 5. desember kl. 13:14     <\/p>\n<p class=\"_paragraph_o9xde_4 _paragraph_xtcu6_10 layout-component text-serif-m layout-normal text-serif-m layout-padded\">Det endte med fall da han skulle skifte spor og fikk dermed en mareritt-exit fra kvartfinalen. <\/p>\n<p class=\"_paragraph_o9xde_4 _paragraph_xtcu6_10 layout-component text-serif-m layout-normal text-serif-m layout-padded\">\u2013 Huff, det er vondt \u00e5 se, sier NRK-ekspert P\u00e5l Golberg om situasjonen til Northug. <\/p>\n<p class=\"_paragraph_o9xde_4 _paragraph_xtcu6_10 layout-component text-serif-m layout-normal text-serif-m layout-padded\">\u2013 Der ryker kanskje OL-dr\u00f8mmen for <a href=\"https:\/\/www.vg.no\/tag\/even-northug?utm_source=vg-article&amp;utm_medium=auto-tagger&amp;utm_campaign=ln1VRo\" class=\"_link_o9xde_39\" rel=\"nofollow noopener\" target=\"_blank\">Even Northug<\/a>. Skulle skifte spor og takler ikke det, det blir spagat og fall. Det er synd \u00e5 se, at han ikke f\u00e5r vist frem hvor god han er, sier ekspert Yann Post. <\/p>\n<p class=\"_paragraph_o9xde_4 _paragraph_xtcu6_10 layout-component text-serif-m layout-normal text-serif-m layout-padded\">\u2013 Han kommer til \u00e5 ergre seg over det i flere \u00e5r om OL-plassen ryker, legger han til. <\/p>\n<p class=\"_paragraph_o9xde_4 _paragraph_xtcu6_10 layout-component text-serif-m layout-normal text-serif-m layout-padded\">Etter fallet gikk Northug forbi alt og alle i pressesonen. <\/p>\n<p class=\"_paragraph_o9xde_4 _paragraph_xtcu6_10 layout-component text-serif-m layout-normal text-serif-m layout-padded\">Klassisk sprint i verdenscupen i Gran\u00e5sen fredag var uhyre viktig for \u00e5 komme i posisjon til et OL-uttak. <\/p>\n<p class=\"_paragraph_o9xde_4 _paragraph_xtcu6_10 layout-component text-serif-m layout-normal text-serif-m layout-padded\">Klassisk sprint er Norges lekestue og denne sesongen er det OL-\u00f8velse. Johannes H\u00f8sflot Kl\u00e6bo er Norges favoritt p\u00e5 distansen og i posisjon til \u00e5 ta sin 100 verdenscupseier fredag. <\/p>\n<p class=\"_paragraph_o9xde_4 _paragraph_xtcu6_10 layout-component text-serif-m layout-normal text-serif-m layout-padded\">Erik Valnes er Kl\u00e6bos aller argeste konkurrent, og s\u00e5 \u00e5 si klar for OL-sprint. <\/p>\n<p class=\"_paragraph_o9xde_4 _paragraph_xtcu6_10 layout-component text-serif-m layout-normal text-serif-m layout-padded\">De to plassene bak er mer usikre. <\/p>\n<p><img alt=\"Foto: Geir Olsen \/ NTB\" class=\"_image_qp4xg_65 layout-component layout-normal\" data-fullscreen- data-track-element-type=\"Article image fullscreen\" data-track-name=\"ImageFullscreen\" decoding=\"async\" loading=\"lazy\" height=\"5464\" itemprop=\"image\"  src=\"https:\/\/www.europesays.com\/no\/wp-content\/uploads\/2025\/12\/13127cde-e451-4f2d-812a-1cd665a909da\"  style=\"object-position:0% 0%\" width=\"8192\"\/>Foto: Geir Olsen \/ NTB<\/p>\n<p class=\"_paragraph_o9xde_4 _paragraph_xtcu6_10 layout-component text-serif-m layout-normal text-serif-m layout-padded\">Harald \u00d8stberg Amundsen kan g\u00e5 flere distanser og med sin femteplass p\u00e5 sprinten i Ruka, s\u00e5 er han h\u00f8yaktuell. <\/p>\n<p class=\"_paragraph_o9xde_4 _paragraph_xtcu6_10 layout-component text-serif-m layout-normal text-serif-m layout-padded\">Med fire plasser i OL-sprinten er det da kanskje bare plass til en spesialsprinter. Akkurat n\u00e5 er Ansgar Evensen n\u00e6rmest. <\/p>\n<p class=\"_paragraph_o9xde_4 _paragraph_xtcu6_10 layout-component text-serif-m layout-normal text-serif-m layout-padded\">Bak ham jakter Even Northug og Oskar Opstad Vike en pallplassering i verdenscupen, og Northug mente at han burde klokke inn et toppresultat allerede fredag. <\/p>\n<p class=\"_paragraph_o9xde_4 _paragraph_xtcu6_10 layout-component text-serif-m layout-normal text-serif-m layout-padded\">Det var i hvert fall Northug smertelig klar over da VG snakket med ham torsdag.<\/p>\n<p class=\"_paragraph_o9xde_4 _paragraph_xtcu6_10 layout-component text-serif-m layout-normal text-serif-m layout-padded\">Det gjenst\u00e5r for \u00f8vrig to klassisksprinter f\u00f8r Norges OL-uttak er endelig. Det er en sprint underveis i Tour de Ski og en i NM i Steinkjer etter nytt\u00e5r.<\/p>\n","protected":false},"excerpt":{"rendered":"Even Northug trengte s\u00e5rt en pallplass i det som er den viktigste helgen f\u00f8r OL. Gran\u00e5sen, Trondheim Oppdatert&hellip;\n","protected":false},"author":2,"featured_media":104969,"comment_status":"","ping_status":"","sticky":false,"template":"","format":"standard","meta":{"footnotes":""},"categories":[59],"tags":[13163,30,28,29,83,82],"class_list":{"0":"post-104968","1":"post","2":"type-post","3":"status-publish","4":"format-standard","5":"has-post-thumbnail","7":"category-sport","8":"tag-even-northug","9":"tag-no","10":"tag-norge","11":"tag-norway","12":"tag-sport","13":"tag-sports"},"share_on_mastodon":{"url":"https:\/\/pubeurope.com\/@no\/115666945429387802","error":""},"_links":{"self":[{"href":"https:\/\/www.europesays.com\/no\/wp-json\/wp\/v2\/posts\/104968","targetHints":{"allow":["GET"]}}],"collection":[{"href":"https:\/\/www.europesays.com\/no\/wp-json\/wp\/v2\/posts"}],"about":[{"href":"https:\/\/www.europesays.com\/no\/wp-json\/wp\/v2\/types\/post"}],"author":[{"embeddable":true,"href":"https:\/\/www.europesays.com\/no\/wp-json\/wp\/v2\/users\/2"}],"replies":[{"embeddable":true,"href":"https:\/\/www.europesays.com\/no\/wp-json\/wp\/v2\/comments?post=104968"}],"version-history":[{"count":0,"href":"https:\/\/www.europesays.com\/no\/wp-json\/wp\/v2\/posts\/104968\/revisions"}],"wp:featuredmedia":[{"embeddable":true,"href":"https:\/\/www.europesays.com\/no\/wp-json\/wp\/v2\/media\/104969"}],"wp:attachment":[{"href":"https:\/\/www.europesays.com\/no\/wp-json\/wp\/v2\/media?parent=104968"}],"wp:term":[{"taxonomy":"category","embeddable":true,"href":"https:\/\/www.europesays.com\/no\/wp-json\/wp\/v2\/categories?post=104968"},{"taxonomy":"post_tag","embeddable":true,"href":"https:\/\/www.europesays.com\/no\/wp-json\/wp\/v2\/tags?post=104968"}],"curies":[{"name":"wp","href":"https:\/\/api.w.org\/{rel}","templated":true}]}}