{"id":104975,"date":"2025-12-05T12:32:19","date_gmt":"2025-12-05T12:32:19","guid":{"rendered":"https:\/\/www.europesays.com\/no\/104975\/"},"modified":"2025-12-05T12:32:19","modified_gmt":"2025-12-05T12:32:19","slug":"regjeringen-kjoper-langtrekkende-presisjonsild-og-flere-ubater-2","status":"publish","type":"post","link":"https:\/\/www.europesays.com\/no\/104975\/","title":{"rendered":"Regjeringen kj\u00f8per langtrekkende presisjonsild og flere ub\u00e5ter"},"content":{"rendered":"<p class=\"kicker t15 font-weight-bold m-font-weight-bold color_mobile_no_bg_color quaternary color_mobile_quaternary font-Trim text-case-transform-upper mobile-hasTextPadding\" style=\"\">Nyheter<\/p>\n<p>    I statsr\u00e5d fredag legges to store investeringer i langtidsplanen frem.\u00a0<\/p>\n<p>\n        KAN BLI NORSK: Amerikanske Himars er blant tre kandidater til \u00e5 bli Norges nye langtrekkende presisjonsild.<br \/>\n        Foto: Krister S\u00f8rb\u00f8, Forsvarets forum\n    <\/p>\n<p>Regjeringen skal i statsr\u00e5d fredag presentere to store investeringer for Forsvaret. <a href=\"https:\/\/www.tv2.no\/nyheter\/innenriks\/forsvaret-far-flere-ubater-og-langtrekkende-vapen\/18344508\/\" rel=\"nofollow noopener\" target=\"_blank\">TV 2<\/a> var f\u00f8rst ute med nyheten.<\/p>\n<p>Det gjelder blant annet langtrekkende presisjonsild, som er missiler med rundt 500 kilometers rekkevidde. Regjeringen vil bruke 19 milliarder p\u00e5 dette, erfarer Forsvarets forum.\u00a0<\/p>\n<p>If\u00f8lge TV 2 er det tre alternativer som Norge skal velge mellom: Amerikanske Himars, s\u00f8rkoreanske Chunmoo og tyske KNDS i partnerskap sammen med Aker og Kongsberg.<\/p>\n<p>Regjeringen kommer ikke til \u00e5 presentere et valg blant disse tre kandidatene.\u00a0<\/p>\n<p><a href=\"https:\/\/www.forsvaretsforum.no\/andoya-artilleri-brigade-nord\/dette-kan-bli-haerens-nye-artilleri-meget-kapabelt\/436510\" rel=\"nofollow noopener\" target=\"_blank\">Les mer:\u00a0Dette kan bli H\u00e6rens nye artilleri: \u2013 Meget kapabelt<\/a><\/p>\n<p>I tillegg vil kontrakten for de siste to ub\u00e5tene bli presentert. I fjor sommer la Stortinget p\u00e5 ytterligere \u00e9n ekstra ub\u00e5t utover de fem regjeringen i utgangspunktet la opp til i langtidsplanen for forsvarssektoren.\u00a0<\/p>\n<p>Forsvarets forum erfarer at kostnadsrammen for de to ekstra ub\u00e5tene er p\u00e5 46 milliarder kroner.<\/p>\n<p class=\"font-weight-bold m-font-weight-bold\" data-lab-font_weight=\"font-weight-bold\"><a href=\"https:\/\/www.forsvaretsforum.no\/bjorn-arild-gram-flateplanen-forsvaret\/gram-forhandlingene-med-tyskland-er-kommet-langt\/416117\" rel=\"nofollow noopener\" target=\"_blank\">I januar sa dav\u00e6rende forsvarsminister Bj\u00f8rn Arild Gram (Sp)<\/a> at kontrakten skulle bli presentert i l\u00f8pet av v\u00e5ren. Men da Senterpartiet forsvant ut av regjering ble dette utsatt. N\u00e5 blir kontrakten lagt fram i statsr\u00e5d fredag.<\/p>\n<p class=\"font-weight-bold m-font-weight-bold\" data-lab-font_weight=\"font-weight-bold\">Les flere saker om ub\u00e5tanskaffelsen:<\/p>\n","protected":false},"excerpt":{"rendered":"Nyheter I statsr\u00e5d fredag legges to store investeringer i langtidsplanen frem.\u00a0 KAN BLI NORSK: Amerikanske Himars er blant&hellip;\n","protected":false},"author":2,"featured_media":104815,"comment_status":"","ping_status":"","sticky":false,"template":"","format":"standard","meta":{"footnotes":""},"categories":[10],"tags":[20,21,24,25,15,22,23,13,30,28,29,14,16,26,27],"class_list":{"0":"post-104975","1":"post","2":"type-post","3":"status-publish","4":"format-standard","5":"has-post-thumbnail","7":"category-norge","8":"tag-breaking-news","9":"tag-breakingnews","10":"tag-featured-news","11":"tag-featurednews","12":"tag-headlines","13":"tag-latest-news","14":"tag-latestnews","15":"tag-news","16":"tag-no","17":"tag-norge","18":"tag-norway","19":"tag-nyheter","20":"tag-overskrifter","21":"tag-top-stories","22":"tag-topstories"},"share_on_mastodon":{"url":"https:\/\/pubeurope.com\/@no\/115666979599064973","error":""},"_links":{"self":[{"href":"https:\/\/www.europesays.com\/no\/wp-json\/wp\/v2\/posts\/104975","targetHints":{"allow":["GET"]}}],"collection":[{"href":"https:\/\/www.europesays.com\/no\/wp-json\/wp\/v2\/posts"}],"about":[{"href":"https:\/\/www.europesays.com\/no\/wp-json\/wp\/v2\/types\/post"}],"author":[{"embeddable":true,"href":"https:\/\/www.europesays.com\/no\/wp-json\/wp\/v2\/users\/2"}],"replies":[{"embeddable":true,"href":"https:\/\/www.europesays.com\/no\/wp-json\/wp\/v2\/comments?post=104975"}],"version-history":[{"count":0,"href":"https:\/\/www.europesays.com\/no\/wp-json\/wp\/v2\/posts\/104975\/revisions"}],"wp:featuredmedia":[{"embeddable":true,"href":"https:\/\/www.europesays.com\/no\/wp-json\/wp\/v2\/media\/104815"}],"wp:attachment":[{"href":"https:\/\/www.europesays.com\/no\/wp-json\/wp\/v2\/media?parent=104975"}],"wp:term":[{"taxonomy":"category","embeddable":true,"href":"https:\/\/www.europesays.com\/no\/wp-json\/wp\/v2\/categories?post=104975"},{"taxonomy":"post_tag","embeddable":true,"href":"https:\/\/www.europesays.com\/no\/wp-json\/wp\/v2\/tags?post=104975"}],"curies":[{"name":"wp","href":"https:\/\/api.w.org\/{rel}","templated":true}]}}