{"id":104977,"date":"2025-12-05T12:35:13","date_gmt":"2025-12-05T12:35:13","guid":{"rendered":"https:\/\/www.europesays.com\/no\/104977\/"},"modified":"2025-12-05T12:35:13","modified_gmt":"2025-12-05T12:35:13","slug":"til-sorlandet-to-konserter-samme-dag-fvn-no","status":"publish","type":"post","link":"https:\/\/www.europesays.com\/no\/104977\/","title":{"rendered":"Til S\u00f8rlandet: To konserter samme dag &#8211; fvn.no"},"content":{"rendered":"<ol>\n<li><a href=\"https:\/\/news.google.com\/rss\/articles\/CBMie0FVX3lxTE50UFhYUnYyTVc1SnNkdHNLdjZwemhKcmlEeElOdzFEWHN1Y2tmTTJGck1vNzc5R1I2Ykh3Q0N1ZXpmdjl5ajhGdEtyMkF6NV9vU0oyWkN2aHBRM0lKaENmcDNBLXYwTHhFbEZBTmhJbm1BbjZVbWZvYUFGVQ?oc=5\" target=\"_blank\" rel=\"nofollow noopener\">Til S\u00f8rlandet: To konserter samme dag<\/a>&nbsp;&nbsp;fvn.no<\/li>\n<li><a href=\"https:\/\/news.google.com\/rss\/articles\/CBMieEFVX3lxTE5zNDJZcU84T2hjbXBITEZOM19XV2txY1ZIYlMtRUhZVzM3Zzlwa3dsR2pKX2ZLVGtINkhOS3lLSDRsdmhlM2RTZkJ0TkZWRFBLd3RkSENraUJ4TGxfeTFESF8xV3U3ZHE0SG95U2J1VVBsZmxRUmNUYQ?oc=5\" target=\"_blank\" rel=\"nofollow noopener\">Popdronning til Fj\u00e6reheia<\/a>&nbsp;&nbsp;agderposten.no<\/li>\n<li><a href=\"https:\/\/news.google.com\/rss\/articles\/CBMimwFBVV95cUxQbWlhWmZDT3lYdU5nVk1DS1FjZjdJRDhSaFpYNnFjdFdqQnQ2RU4tX3Vsdjk0WkZDWElvOWE4WW10YnBXaFIwRUdIbXNNTTlFak1TQTVWMzdTQzRuRWJha1lkeVNFUXNOR29tdDVGTUtUX1MySk9QbzY0eHladGk2RkdxS3JHWGFYbUpLTWVRYTVyOFFRYjFfV1RTNA?oc=5\" target=\"_blank\" rel=\"nofollow noopener\">\u2013 Vi vet at interessen blir stor, s\u00e5 de som vil v\u00e6re med, b\u00f8r v\u00e6re klare<\/a>&nbsp;&nbsp;gat.no<\/li>\n<li><a href=\"https:\/\/news.google.com\/rss\/articles\/CBMidEFVX3lxTFBNand6bVpETFFMVTVGWDNiNU5vb0d5elNGWmYyOTB6M2toTGVZSjRXOHJ6MnZERENvcFNueS1nRHh6Q1RPczNBd21VdDNDSmxKZmtjeGtIeGtKUHh1WXNwd1VEMzl4dmRNbXpSamZfUkp6dVdU?oc=5\" target=\"_blank\" rel=\"nofollow noopener\">Nyhende, Kultur | Astrid S til Festidalen<\/a>&nbsp;&nbsp;Kvinnheringen<\/li>\n<li><a href=\"https:\/\/news.google.com\/rss\/articles\/CBMikgFBVV95cUxOUWhOM1Q5cmpUUmd1S09aY2gxcGhBd1RITzlkejU0dWpqeEpnQW5Rc09xSERnNnAxSXdVQXdBaUJwdGQxYWJYRm9iZlJOMzhPSG0tMEk3TmZpWkVGWGxvZk9ySzZsMVZtem1WcFlZNk9KR0VWUERnak04NXNucFlQUlJEUGNmaWV1a2tkaEJOZEZlZw?oc=5\" target=\"_blank\" rel=\"nofollow noopener\">(+) Astrid S til Festidalen: \u2013 Har svart belte i meloditeft<\/a>&nbsp;&nbsp;Grenda<\/li>\n<\/ol>\n","protected":false},"excerpt":{"rendered":"Til S\u00f8rlandet: To konserter samme dag&nbsp;&nbsp;fvn.no Popdronning til Fj\u00e6reheia&nbsp;&nbsp;agderposten.no \u2013 Vi vet at interessen blir stor, s\u00e5 de&hellip;\n","protected":false},"author":2,"featured_media":104978,"comment_status":"","ping_status":"","sticky":false,"template":"","format":"standard","meta":{"footnotes":""},"categories":[58],"tags":[71,30,28,29,72],"class_list":{"0":"post-104977","1":"post","2":"type-post","3":"status-publish","4":"format-standard","5":"has-post-thumbnail","7":"category-underholdning","8":"tag-entertainment","9":"tag-no","10":"tag-norge","11":"tag-norway","12":"tag-underholdning"},"share_on_mastodon":{"url":"https:\/\/pubeurope.com\/@no\/115666991366585314","error":""},"_links":{"self":[{"href":"https:\/\/www.europesays.com\/no\/wp-json\/wp\/v2\/posts\/104977","targetHints":{"allow":["GET"]}}],"collection":[{"href":"https:\/\/www.europesays.com\/no\/wp-json\/wp\/v2\/posts"}],"about":[{"href":"https:\/\/www.europesays.com\/no\/wp-json\/wp\/v2\/types\/post"}],"author":[{"embeddable":true,"href":"https:\/\/www.europesays.com\/no\/wp-json\/wp\/v2\/users\/2"}],"replies":[{"embeddable":true,"href":"https:\/\/www.europesays.com\/no\/wp-json\/wp\/v2\/comments?post=104977"}],"version-history":[{"count":0,"href":"https:\/\/www.europesays.com\/no\/wp-json\/wp\/v2\/posts\/104977\/revisions"}],"wp:featuredmedia":[{"embeddable":true,"href":"https:\/\/www.europesays.com\/no\/wp-json\/wp\/v2\/media\/104978"}],"wp:attachment":[{"href":"https:\/\/www.europesays.com\/no\/wp-json\/wp\/v2\/media?parent=104977"}],"wp:term":[{"taxonomy":"category","embeddable":true,"href":"https:\/\/www.europesays.com\/no\/wp-json\/wp\/v2\/categories?post=104977"},{"taxonomy":"post_tag","embeddable":true,"href":"https:\/\/www.europesays.com\/no\/wp-json\/wp\/v2\/tags?post=104977"}],"curies":[{"name":"wp","href":"https:\/\/api.w.org\/{rel}","templated":true}]}}