{"id":104982,"date":"2025-12-05T12:41:13","date_gmt":"2025-12-05T12:41:13","guid":{"rendered":"https:\/\/www.europesays.com\/no\/104982\/"},"modified":"2025-12-05T12:41:13","modified_gmt":"2025-12-05T12:41:13","slug":"hodd-gar-fra-en-til-to-stjerner-vi-onsker-at-enda-flere-tar-steget-opp-smp-no","status":"publish","type":"post","link":"https:\/\/www.europesays.com\/no\/104982\/","title":{"rendered":"(+) H\u00f8dd g\u00e5r fra \u00e9n til to stjerner: \u2013 Vi \u00f8nsker at enda flere tar steget opp &#8211; smp.no"},"content":{"rendered":"<ol>\n<li><a href=\"https:\/\/news.google.com\/rss\/articles\/CBMiqwFBVV95cUxQdkhkR1d6MUlMX01aT0E1MExEbm9LSVRmWVpZNVRCU3dZanRjeTI5WmdSaWlGZEh3cmlmWmktLVFOQkduLVdyb3MyUjV3U01tOHpkOWpUVWRUVHlhUmNRUVJXM0NSdUlMR0ozRGlZUk5DWnhUd0x4N1Y1QkZXcEhhbGF3MzBVM1ZQNHd3U3Jud3hxN3ZUaDRWZTRrazhLRkNDSkVaZG8xOWJyS0E?oc=5\" target=\"_blank\" rel=\"nofollow noopener\">(+) H\u00f8dd g\u00e5r fra \u00e9n til to stjerner: \u2013 Vi \u00f8nsker at enda flere tar steget opp<\/a>&nbsp;&nbsp;smp.no<\/li>\n<li><a href=\"https:\/\/news.google.com\/rss\/articles\/CBMicEFVX3lxTE5JeXAwQUYtVjJjQ1UwY2lUQ3B3VU9EcTZXRUVtU0daZ1VHeUJJanlsamFGZUxsLWlBaEZvektFYzZKYzlSekk4dVRqWUxXSV8xdG9mLVc5eUN1NWhLVWpXTUlJMmV4emhTcDFkdzk4UGg?oc=5\" target=\"_blank\" rel=\"nofollow noopener\">OBOS-akademiet f\u00e5r toppscore \/ V\u00e5lerenga<\/a>&nbsp;&nbsp;V\u00e5lerenga<\/li>\n<li><a href=\"https:\/\/news.google.com\/rss\/articles\/CBMiggFBVV95cUxQRTNkel96dFMxcGFxQXRYaVNEWm5vb3VVVEFKMXJJWjBLbnFvTnE1UmtBUTdvU2ZsdmxDSVlHcEpCM09WeTBRbDFnTFVnRjlwU1RhYmtDUWpTdF9xZ2YySXNzVTNzRFRCcGR1dGhYeWZOYmhOa1U4WlBsOEVYNjhDcldn?oc=5\" target=\"_blank\" rel=\"nofollow noopener\">Komplett-Akademiet med tre stjerner<\/a>&nbsp;&nbsp;sandefjordfotball.no<\/li>\n<li><a href=\"https:\/\/news.google.com\/rss\/articles\/CBMiiAFBVV95cUxPd2FoazNwdkNWWlBYU0NmTmQtWFFXdGVGb0tLcFZyZUl1LXdOMHJjYXFhRE1nS1NETlRoNHNpcXhpakY2YTBQN3c2a3hCanhCdm9Wazd2OWxBRkIyQlRFVUNFdWF4UzkxSzhTUVVkOWlqWXI4SXJtVWRSSmtnaGFCcDRKMWk5cXRx?oc=5\" target=\"_blank\" rel=\"nofollow noopener\">Lyn tildelt tre stjerner i Akademiklassifiseringen<\/a>&nbsp;&nbsp;Lyn 1896<\/li>\n<li><a href=\"https:\/\/news.google.com\/rss\/articles\/CBMijwFBVV95cUxNQ2JWd3lkVG0xZ25JOFhyZlh1bTJhcFR5c2plLVpya1ZDVDhUR1NCQ1lqd0Z5Ty1zRGpyNU5BTGZTdzdNclBZajU0YkE2TkczWnRrQWZDR2I1aF9nWkNPVmt2RGI4WThqVG5ZcUpfaFhoM0x6Vlo4UEFEOWY5YUlRTlE0QzBkMWpWYVJyVkZYdw?oc=5\" target=\"_blank\" rel=\"nofollow noopener\">Akademiklassifisering 2025: IK Start oppn\u00e5r tre stjerner<\/a>&nbsp;&nbsp;IK Start<\/li>\n<\/ol>\n","protected":false},"excerpt":{"rendered":"(+) H\u00f8dd g\u00e5r fra \u00e9n til to stjerner: \u2013 Vi \u00f8nsker at enda flere tar steget opp&nbsp;&nbsp;smp.no OBOS-akademiet&hellip;\n","protected":false},"author":2,"featured_media":104983,"comment_status":"","ping_status":"","sticky":false,"template":"","format":"standard","meta":{"footnotes":""},"categories":[59],"tags":[3817,1380,1381,30,28,91,29,83,82],"class_list":{"0":"post-104982","1":"post","2":"type-post","3":"status-publish","4":"format-standard","5":"has-post-thumbnail","7":"category-sport","8":"tag-1-divisjon","9":"tag-hodd","10":"tag-jesper-tornqvist","11":"tag-no","12":"tag-norge","13":"tag-norsk-toppfotball-ntf","14":"tag-norway","15":"tag-sport","16":"tag-sports"},"share_on_mastodon":{"url":"https:\/\/pubeurope.com\/@no\/115667015046124522","error":""},"_links":{"self":[{"href":"https:\/\/www.europesays.com\/no\/wp-json\/wp\/v2\/posts\/104982","targetHints":{"allow":["GET"]}}],"collection":[{"href":"https:\/\/www.europesays.com\/no\/wp-json\/wp\/v2\/posts"}],"about":[{"href":"https:\/\/www.europesays.com\/no\/wp-json\/wp\/v2\/types\/post"}],"author":[{"embeddable":true,"href":"https:\/\/www.europesays.com\/no\/wp-json\/wp\/v2\/users\/2"}],"replies":[{"embeddable":true,"href":"https:\/\/www.europesays.com\/no\/wp-json\/wp\/v2\/comments?post=104982"}],"version-history":[{"count":0,"href":"https:\/\/www.europesays.com\/no\/wp-json\/wp\/v2\/posts\/104982\/revisions"}],"wp:featuredmedia":[{"embeddable":true,"href":"https:\/\/www.europesays.com\/no\/wp-json\/wp\/v2\/media\/104983"}],"wp:attachment":[{"href":"https:\/\/www.europesays.com\/no\/wp-json\/wp\/v2\/media?parent=104982"}],"wp:term":[{"taxonomy":"category","embeddable":true,"href":"https:\/\/www.europesays.com\/no\/wp-json\/wp\/v2\/categories?post=104982"},{"taxonomy":"post_tag","embeddable":true,"href":"https:\/\/www.europesays.com\/no\/wp-json\/wp\/v2\/tags?post=104982"}],"curies":[{"name":"wp","href":"https:\/\/api.w.org\/{rel}","templated":true}]}}