{"id":104984,"date":"2025-12-05T12:42:21","date_gmt":"2025-12-05T12:42:21","guid":{"rendered":"https:\/\/www.europesays.com\/no\/104984\/"},"modified":"2025-12-05T12:42:21","modified_gmt":"2025-12-05T12:42:21","slug":"samliv-lommedalen-dora-thorhallsdottir-og-ektemannen-skilles","status":"publish","type":"post","link":"https:\/\/www.europesays.com\/no\/104984\/","title":{"rendered":"Samliv, Lommedalen | Dora Thorhallsdottir og ektemannen skilles"},"content":{"rendered":"\n<p>(<a href=\"www.nettavisen.no\" rel=\"Follow\">Nettavisen<\/a>) \u2013 Jeg tror den st\u00f8rste sorgen er at jeg hadde ikke skilt meg hvis ikke han hadde f\u00e5tt den forbanna kreften.<\/p>\n<p>Det sier familieterapeut Dora Thorhallsdottir, oppvokst i Lommedalen, i en fersk episode av podkasten \u00abRelasjonspodden\u00bb, gjengitt av <a href=\"https:\/\/www.tv2.no\/underholdning\/skilles-jeg-gruer-meg-til-a-si-det\/18347950\/\" rel=\"Follow nofollow noopener\" target=\"_blank\">TV 2<\/a>, som omtalte saken f\u00f8rst.<\/p>\n<p>Hun og ektemannen Jan Tore Borgersen giftet seg i 2023 etter flere \u00e5r med oppturer og nedturer. Da Borgersen fikk p\u00e5vist en kreftsvulst p\u00e5 halsen \u00e5ret f\u00f8r, ble det en belastning som p\u00e5virket begge.<\/p>\n<p>\u2013 Ett \u00e5r etter operasjonen giftet vi oss. Uten livserfaring. Vi tenkte at herfra og ut g\u00e5r det p\u00e5 skinner. Vi kom oss gjennom det f\u00f8rste \u00e5ret. Men p\u00e5 en m\u00e5te var det neste \u00e5ret verre, fortsetter Thorhallsdottir i podkasten.<\/p>\n<p>  <a href=\"https:\/\/www.budstikka.no\/5-55-1498306\" class=\"related-teaser has-image default-story-teaser article--c-eRUmMG article--c-eRUmMG-jKCPdD-design-default\" rel=\"nofollow noopener\" target=\"_blank\"><\/p>\n<p>    <img decoding=\"async\" loading=\"lazy\"  src=\"https:\/\/www.europesays.com\/no\/wp-content\/uploads\/2025\/12\/Dora+Thorhallsdottir+og+Jan+Tore+Borgersen.jpg\" alt=\"\" class=\"brick-c-cFOWSL\" style=\"\"\/><\/p>\n<p>\n            Les ogs\u00e5<\/p>\n<p>              I fjor h\u00f8st lurte Dora p\u00e5 om hun m\u00e5tte planlegge begravelse &#8211; men det ble bryllup\n        <\/p>\n<p>  <\/a><\/p>\n<p>I podkasten forteller Thorhallsdottir at hun \u00f8nsket skilsmisse allerede i oktober, men at paret fors\u00f8kte \u00e5 finne tilbake til hverandre.<\/p>\n<p>Thorhallsdottir sier at sykdomsperioden endret dynamikken mellom dem, og at dette til slutt f\u00f8rte til bruddet. Hun uttrykker samtidig forst\u00e5else for at noen kan reagere p\u00e5 avgj\u00f8relsen, og sier at hun selv har kjent p\u00e5 de samme tankene.<\/p>\n<p>Nettavisen har v\u00e6rt i kontakt med Dora Thorhallsdottir, som henviser til det hun sier i \u00abRelasjonspodden\u00bb.<\/p>\n","protected":false},"excerpt":{"rendered":"(Nettavisen) \u2013 Jeg tror den st\u00f8rste sorgen er at jeg hadde ikke skilt meg hvis ikke han hadde&hellip;\n","protected":false},"author":2,"featured_media":104985,"comment_status":"","ping_status":"","sticky":false,"template":"","format":"standard","meta":{"footnotes":""},"categories":[58],"tags":[36,71,1547,30,28,29,5431,4031,1510,72],"class_list":{"0":"post-104984","1":"post","2":"type-post","3":"status-publish","4":"format-standard","5":"has-post-thumbnail","7":"category-underholdning","8":"tag-art","9":"tag-entertainment","10":"tag-lommedalen","11":"tag-no","12":"tag-norge","13":"tag-norway","14":"tag-samliv","15":"tag-skilsmisse","16":"tag-story","17":"tag-underholdning"},"share_on_mastodon":{"url":"https:\/\/pubeurope.com\/@no\/115667019050527305","error":""},"_links":{"self":[{"href":"https:\/\/www.europesays.com\/no\/wp-json\/wp\/v2\/posts\/104984","targetHints":{"allow":["GET"]}}],"collection":[{"href":"https:\/\/www.europesays.com\/no\/wp-json\/wp\/v2\/posts"}],"about":[{"href":"https:\/\/www.europesays.com\/no\/wp-json\/wp\/v2\/types\/post"}],"author":[{"embeddable":true,"href":"https:\/\/www.europesays.com\/no\/wp-json\/wp\/v2\/users\/2"}],"replies":[{"embeddable":true,"href":"https:\/\/www.europesays.com\/no\/wp-json\/wp\/v2\/comments?post=104984"}],"version-history":[{"count":0,"href":"https:\/\/www.europesays.com\/no\/wp-json\/wp\/v2\/posts\/104984\/revisions"}],"wp:featuredmedia":[{"embeddable":true,"href":"https:\/\/www.europesays.com\/no\/wp-json\/wp\/v2\/media\/104985"}],"wp:attachment":[{"href":"https:\/\/www.europesays.com\/no\/wp-json\/wp\/v2\/media?parent=104984"}],"wp:term":[{"taxonomy":"category","embeddable":true,"href":"https:\/\/www.europesays.com\/no\/wp-json\/wp\/v2\/categories?post=104984"},{"taxonomy":"post_tag","embeddable":true,"href":"https:\/\/www.europesays.com\/no\/wp-json\/wp\/v2\/tags?post=104984"}],"curies":[{"name":"wp","href":"https:\/\/api.w.org\/{rel}","templated":true}]}}