{"id":104991,"date":"2025-12-05T12:54:09","date_gmt":"2025-12-05T12:54:09","guid":{"rendered":"https:\/\/www.europesays.com\/no\/104991\/"},"modified":"2025-12-05T12:54:09","modified_gmt":"2025-12-05T12:54:09","slug":"brennon-og-alexa-lemieux-derfor-tok-ekteskapet-slutt","status":"publish","type":"post","link":"https:\/\/www.europesays.com\/no\/104991\/","title":{"rendered":"Brennon og Alexa Lemieux: Derfor tok ekteskapet slutt"},"content":{"rendered":"<p class=\"kicker \" style=\"\">Realityparet har g\u00e5tt hver til sitt<\/p>\n<p>  &#8211; Dette er ikke et enkelt valg.\u00a0<\/p>\n<p>\n    OVER OG UT: Realityparet har lenge v\u00e6rt ansett som et av de mest stabile parene fra \u00abLove Is Blind\u00bb. N\u00e5 har de g\u00e5tt hver til sitt. Foto: Skjermbilde: @mrsalexalemieux \/ Instagram\n  <\/p>\n<p>Realitystjernene Brennon Lemieux (35) og Alexa Lemieux (31) m\u00f8ttes og giftet seg i Netflix-serien \u00abLove Is Blind\u00bb i 2021.\u00a0<\/p>\n<p class=\"font-weight-bold m-font-weight-bold\" data-lab-font_weight=\"font-weight-bold\">N\u00e5, fire \u00e5r senere, har forholdet tatt slutt.<\/p>\n<p class=\"font-weight-light m-font-weight-light\" data-lab-font_weight=\"font-weight-light\">Det er i et innlegg p\u00e5 Instagram at Alexa deler at de har g\u00e5tt hver til sitt.\u00a0<\/p>\n<p class=\"font-weight-light m-font-weight-light\" data-lab-font_weight=\"font-weight-light\">\u00abEtter mye refleksjon og mange \u00e6rlig samtaler, har vi tatt den vanskelige beslutningen om \u00e5 avslutte ekteskapet v\u00e5rt. Dette er ikke et enkelt valg, og det er tatt med stor omsorg, respekt og takknemlighet for tiden vi har delt sammen\u00bb, skriver Alexa innledningsvis til et bilde av de to sammen.\u00a0<\/p>\n<p>        DATER: Martine Lunde har begynt \u00e5 ta dating livet seri\u00f8st, noe som satt langt inne for henne. Video: Nora Skavhaug \/ R\u00f8d L\u00f8per <\/p>\n<p class=\"font-weight-light m-font-weight-light\" data-lab-font_weight=\"font-weight-light\">Videre kommer det frem at de gikk inn i forholdet med kj\u00e6rlighet og optimisme, og at de n\u00e5 g\u00e5r videre med en takknemlighet for erfaringene som har formet dem &#8211; og den personlige veksten de begge har hatt.\u00a0<\/p>\n<p class=\"font-weight-bold m-font-weight-bold\" data-lab-font_weight=\"font-weight-bold\">\u00abSelv om v\u00e5r reise som ektepar n\u00e5 avsluttes, vil vi fortsatt st\u00f8tte hverandre, v\u00e6re dedikerte foreldre for datteren v\u00e5r og gj\u00f8re v\u00e5rt beste for \u00e5 h\u00e5ndtere denne overgangen p\u00e5 best mulig m\u00e5te\u00bb, fortsetter hun.<\/p>\n<p>          <img loading=\"lazy\" decoding=\"async\" src=\"https:\/\/www.europesays.com\/no\/wp-content\/uploads\/2025\/12\/83944048.webp\" width=\"686\" height=\"776\" title=\"SJOKKBRUDD: Det er uvisst hva som er bakgrunnen til bruddet, men if\u00f8lge rettsdokumentene er det grunnet \u00abuforenlige personligheter\u00bb. Foto: Skjermbilde: @mrsalexalemieux \/ Instagram\" alt=\"\" class=\"\" style=\"--aspect-ratio-image: 0.88; \"\/><\/p>\n<p>\n          SJOKKBRUDD: Det er uvisst hva som er bakgrunnen til bruddet, men if\u00f8lge rettsdokumentene er det grunnet \u00abuforenlige personligheter\u00bb. Foto: Skjermbilde: @mrsalexalemieux \/ Instagram\n      <\/p>\n<p class=\"font-weight-light m-font-weight-light\" data-lab-font_weight=\"font-weight-light\">Avslutningsvis ber paret om ro i tiden fremover.\u00a0<\/p>\n<p class=\"font-weight-bold m-font-weight-bold\" data-lab-font_weight=\"font-weight-bold\">If\u00f8lge rettsdokumenter, som <a href=\"https:\/\/www.usmagazine.com\/celebrity-news\/news\/love-is-blinds-brennon-lemieux-reveals-reason-for-split-in-alexa-divorce\/\" rel=\"nofollow noopener\" target=\"_blank\">US Weekly <\/a>har f\u00e5tt tilgang p\u00e5, har Brennon oppgitt at ekteskapet har blitt \u00abuutholdelig\u00bb p\u00e5 grunn av \u00abuforenlige personligheter\u00bb. Han mener det er \u00abhelt urealistisk at de kan finne tilbake til hverandre\u00bb.\u00a0\u00a0<\/p>\n<p>I skilsmissepapirene har 35-\u00e5ringen ogs\u00e5 bedt retten om \u00e5 tildele ham alle eiendeler han hadde f\u00f8r ekteskapet.<\/p>\n<p>    <a itemprop=\"url\" href=\"https:\/\/www.seher.no\/kjendis\/lever-med-flere-diagnoser\/83940393\" rel=\"nofollow noopener\" target=\"_blank\"><\/p>\n<p>      <img loading=\"lazy\" decoding=\"async\" src=\"https:\/\/www.europesays.com\/no\/wp-content\/uploads\/2025\/12\/83943225.webp\" width=\"147\" height=\"98\" title=\"Lever med flere diagnoser\" alt=\"\" class=\"lazyload\" style=\"--aspect-ratio-image: 1.50; \"\/><\/p>\n<p>        Lever med flere diagnoser<\/p>\n<p>    <\/a><\/p>\n<p>Signaler i sosiale medier\u00a0\t<\/p>\n<p>Paret har datteren Vienna (1) sammen, og begge har understreket at de vil fortsette \u00e5 fokusere p\u00e5 henne fremover.<\/p>\n<p>          <img loading=\"lazy\" decoding=\"async\" src=\"https:\/\/www.europesays.com\/no\/wp-content\/uploads\/2025\/12\/83944058.webp\" width=\"686\" height=\"741\" title=\"MOR OG DATTER: Alexa sammen med datteren Vienna, som kom til verden i 2023. Foto: Skjermbilde: @mrsalexalemieux \/ Instagram\" alt=\"\" class=\"\" style=\"--aspect-ratio-image: 0.93; \"\/><\/p>\n<p>\n          MOR OG DATTER: Alexa sammen med datteren Vienna, som kom til verden i 2023. Foto: Skjermbilde: @mrsalexalemieux \/ Instagram\n      <\/p>\n<p>I etterkant av bruddnyheten har flere lagt merke til at det har v\u00e6rt tegn p\u00e5 at noe var galt i forholdet. Bare \u00e9n dag f\u00f8r Alexa kunngjorde bruddet, la hun ut et bildealbum fra november p\u00e5 Instagram.\u00a0<\/p>\n<p>Der var det riktignok et familiebilde av henne, Brennon og lille Vienna p\u00e5 bes\u00f8k hos julenissen, men de \u00f8vrige bildene viste hovedsakelig mor og datter-tid.<\/p>\n<p>Bildene viste blant annet Alexa som koser med datteren, feirer Halloween sammen, matcher i julenisseluer og bes\u00f8ker Dallas Farmers Market.\u00a0<\/p>\n<p>Alexa og Vienna reiste ogs\u00e5 til Hawaii i november, p\u00e5 en tur sammen med Alexas familie. Brennon var ikke med p\u00e5 noen av bildene fra turen.\u00a0<\/p>\n<p>\u00abDette var en av de mest spesielle turene. Jeg er s\u00e5 heldig at Vienna har den mest fantastiske bestemoren som alltid g\u00e5r den ekstra mila. Det er ingenting som \u00e5 se kj\u00e6rligheten familien din har for babyen din. Kan nesten ikke vente til neste jentetur\u00bb, skrev hun til innlegget.\u00a0<\/p>\n<p>        NY SESONG: \u00abAlle elsker David\u00bb gj\u00f8r endringer i sin syvende sesong. Video: TV 2\/ Danny Son Ngoc To \/ Thea Hope\/ R\u00f8d L\u00f8per<\/p>\n<p>M\u00f8ttes i realityserien\t<\/p>\n<p>Brennon og Alexa ble kjent med hverandre i tredje sesong av Netflix-suksessen \u00abLove Is Blind\u00bb. I realityprogrammet m\u00f8tes deltakerne og forelsker seg uten \u00e5 se hverandre.<\/p>\n<p>    <a itemprop=\"url\" href=\"https:\/\/www.seher.no\/kongelig\/baerer-sorgemedaljong\/83938732\" rel=\"nofollow noopener\" target=\"_blank\"><\/p>\n<p>      <img loading=\"lazy\" decoding=\"async\" src=\"https:\/\/www.europesays.com\/no\/wp-content\/uploads\/2025\/12\/1764939249_930_83938746.webp\" width=\"980\" height=\"441\" title=\"B\u00e6rer s\u00f8rgemedaljong\" alt=\"\" class=\"lazyload\" style=\"--aspect-ratio-image: 2.22; \"\/><\/p>\n<p>        B\u00e6rer s\u00f8rgemedaljong<\/p>\n<p>    <\/a><\/p>\n<p>Konseptet g\u00e5r ut p\u00e5 at par dater gjennom vegger i s\u00e5kalte \u00abpods\u00bb, og f\u00f8rst n\u00e5r de har forlovet seg f\u00e5r de m\u00f8tes ansikt til ansikt. Deretter f\u00f8lger seerne paret helt frem til bryllupsdagen, der de m\u00e5 ta det endelige valget om de vil gifte seg eller ikke.<\/p>\n<p>          <img loading=\"lazy\" decoding=\"async\" src=\"https:\/\/www.europesays.com\/no\/wp-content\/uploads\/2025\/12\/83944072.webp\" width=\"686\" height=\"803\" title=\"VALGTE HVERANDRE: Brennon og Alexia fant tonen under innspillingen av \u00abLove Is Blind\u00bb, og endte med \u00e5 gifte seg i slutten av programmet. Foto: Skjermbilde: @mrsalexalemieux \/ Instagram\" alt=\"\" class=\"\" style=\"--aspect-ratio-image: 0.85; filter: brightness(1.6);\"\/><\/p>\n<p>\n          VALGTE HVERANDRE: Brennon og Alexia fant tonen under innspillingen av \u00abLove Is Blind\u00bb, og endte med \u00e5 gifte seg i slutten av programmet. Foto: Skjermbilde: @mrsalexalemieux \/ Instagram\n      <\/p>\n<p>Brennon og Alexa var blant parene som valgte \u00e5 gifte seg i serien, og de har siden v\u00e6rt ansett som et av de mest stabile parene fra programmet.<\/p>\n<p>Paret fikk datteren Vienna i august 2023, og har tidligere delt glimt fra familielivet p\u00e5 sosiale medier.<\/p>\n<p>Men n\u00e5 har alts\u00e5 forholdet tatt slutt.\u00a0 Brennon har i skrivende stund ikke kommentert bruddet offentlig.\u00a0<\/p>\n","protected":false},"excerpt":{"rendered":"Realityparet har g\u00e5tt hver til sitt &#8211; Dette er ikke et enkelt valg.\u00a0 OVER OG UT: Realityparet har&hellip;\n","protected":false},"author":2,"featured_media":104992,"comment_status":"","ping_status":"","sticky":false,"template":"","format":"standard","meta":{"footnotes":""},"categories":[58],"tags":[13166,13165,4104,71,479,7992,30,28,29,72],"class_list":{"0":"post-104991","1":"post","2":"type-post","3":"status-publish","4":"format-standard","5":"has-post-thumbnail","7":"category-underholdning","8":"tag-alexa-lemieux","9":"tag-brennon-lemieux","10":"tag-eksklusivt","11":"tag-entertainment","12":"tag-kjendis","13":"tag-love-is-blind","14":"tag-no","15":"tag-norge","16":"tag-norway","17":"tag-underholdning"},"share_on_mastodon":{"url":"https:\/\/pubeurope.com\/@no\/115667066215564183","error":""},"_links":{"self":[{"href":"https:\/\/www.europesays.com\/no\/wp-json\/wp\/v2\/posts\/104991","targetHints":{"allow":["GET"]}}],"collection":[{"href":"https:\/\/www.europesays.com\/no\/wp-json\/wp\/v2\/posts"}],"about":[{"href":"https:\/\/www.europesays.com\/no\/wp-json\/wp\/v2\/types\/post"}],"author":[{"embeddable":true,"href":"https:\/\/www.europesays.com\/no\/wp-json\/wp\/v2\/users\/2"}],"replies":[{"embeddable":true,"href":"https:\/\/www.europesays.com\/no\/wp-json\/wp\/v2\/comments?post=104991"}],"version-history":[{"count":0,"href":"https:\/\/www.europesays.com\/no\/wp-json\/wp\/v2\/posts\/104991\/revisions"}],"wp:featuredmedia":[{"embeddable":true,"href":"https:\/\/www.europesays.com\/no\/wp-json\/wp\/v2\/media\/104992"}],"wp:attachment":[{"href":"https:\/\/www.europesays.com\/no\/wp-json\/wp\/v2\/media?parent=104991"}],"wp:term":[{"taxonomy":"category","embeddable":true,"href":"https:\/\/www.europesays.com\/no\/wp-json\/wp\/v2\/categories?post=104991"},{"taxonomy":"post_tag","embeddable":true,"href":"https:\/\/www.europesays.com\/no\/wp-json\/wp\/v2\/tags?post=104991"}],"curies":[{"name":"wp","href":"https:\/\/api.w.org\/{rel}","templated":true}]}}