{"id":105001,"date":"2025-12-05T13:06:26","date_gmt":"2025-12-05T13:06:26","guid":{"rendered":"https:\/\/www.europesays.com\/no\/105001\/"},"modified":"2025-12-05T13:06:26","modified_gmt":"2025-12-05T13:06:26","slug":"budsjettdebatt-pa-sametinget-nsr-utfordret-nkf-til-kutt-i-finnmark-fylkesting-nrk-sapmi","status":"publish","type":"post","link":"https:\/\/www.europesays.com\/no\/105001\/","title":{"rendered":"Budsjettdebatt p\u00e5 Sametinget \u2013 NSR utfordret Nkf til kutt i Finnmark fylkesting \u2013 NRK S\u00e1pmi"},"content":{"rendered":"<p>Regjeringen har foresl\u00e5tt \u00e5 gi <a href=\"https:\/\/www.nrk.no\/sapmi\/statsbudsjettet-klart---10-millioner-ekstra-til-sametinget-1.17677819\" target=\"_blank\" ec-id=\"pp:article:1.17677819\" ec-name=\"Sametinget n\u00e6rmere 800 millioner kroner\" rel=\"nofollow noopener\">Sametinget n\u00e6rmere 800 millioner kroner<\/a> til neste \u00e5r.<\/p>\n<p>Men hva skal pengene g\u00e5 til?<\/p>\n<p>Det var det stor uenighet om under dagens plenumsm\u00f8te p\u00e5 Sametinget.<\/p>\n<p>Utgifter til Melk\u00f8ya rettssak<\/p>\n<p>Det var knyttet spenning til om Nordkalottfolket (Nkf) ville fremme mistillit mot Sametingsr\u00e5det, da de hadde <a href=\"https:\/\/www.nrk.no\/sapmi\/krever-full-redegjorelse-om-melkoya-kostnader-1.17675567\u00a0\" target=\"_blank\" ec-id=\"https:\/\/www.nrk.no\/sapmi\/krever-full-redegjorelse-om-melkoya-kostnader-1.17675567\u00a0\" ec-name=\"krevd en redegj\u00f8relse\" rel=\"nofollow noopener\">krevd en redegj\u00f8relse<\/a> f\u00f8r budsjettbehandlingen.<\/p>\n<p>De ville vite hvordan pengene er brukt i s\u00f8ksm\u00e5let mot staten i Melk\u00f8ya-saken.<\/p>\n<p>Etter at sametingspresidenten, Silje Karine Muotka sendte redegj\u00f8relsen for pengebruken kvelden f\u00f8r budsjettbehandlingen, snudde Nkf.<\/p>\n<p>Penger til kommuner eller spr\u00e5ksentre<\/p>\n<p>N\u00e5 har Sametinget bestemt hvordan 788 millioner kroner skal brukes.<\/p>\n<p>Slik skal Sametinget fordele pengene til neste \u00e5r:<\/p>\n<p>Se hvordan pengene kan p\u00e5virke din hverdag:<\/p>\n<p>Debatten i Sametingets plenum viste at det er stor uenighet om hva pengene skal g\u00e5 til.<\/p>\n<p>Nordkalottfolket og Arbeiderpartiet (Ap) fremmet hver sine alternative budsjett for Sametinget i 2026.<\/p>\n<p>Nordkalottfolket vil redusere <a href=\"http:\/\/www.nrk.no\/sapmi\/vil-gi-kysten-et-eget-loft-_-kutter-i-sametinget-1.17667047\" target=\"_blank\" ec-id=\"pp:article:1.17667047\" ec-name=\"Sametingets driftsbudsjett til administrasjon og politisk niv\u00e5\" rel=\"nofollow noopener\">Sametingets driftsbudsjett til administrasjon og politisk niv\u00e5<\/a>.<\/p>\n<p>De foresl\u00e5r et kutt p\u00e5 nesten 10 millioner kroner neste \u00e5r. Fra dagens 225,8 millioner kroner til 216 millioner.<\/p>\n<p><strong>\u2013 Vi prioriterer der effekten er st\u00f8rst. Derfor flytter vi penger fra administrasjon og politikk, til virkemidler \u2013 det som faktisk bygger samfunnet.<\/strong><\/p>\n<p>Det sa John Arne Markussen fra Nordkalottfolket.<\/p>\n<p><img decoding=\"async\"   src=\"data:image\/gif;base64,R0lGODlhAQABAIAAAAAAAP\/\/\/yH5BAEAAAAALAAAAAABAAEAAAIBRAA7\" loading=\"eager\" alt=\"John Arne Markussen\" title=\"Foto: Torgeir Varsi \/ NRK\"\/><\/p>\n<p class=\"\">John Arne Markussen fra Nkf.<\/p>\n<p>Foto: Torgeir Varsi \/ NRK<\/p>\n<p>Forslaget utl\u00f8ste sterk motstand fra Norske Samers Riksforbund (NSR) under budsjettdebatten.<\/p>\n<p>\u2013 Hvilken avdeling skal legges ned, og hvilke ansatte m\u00e5 g\u00e5?<\/p>\n<p>Spurte NSRs parlamentariske leder Anne Henriette Nilut.<\/p>\n<p><img decoding=\"async\"   src=\"data:image\/gif;base64,R0lGODlhAQABAIAAAAAAAP\/\/\/yH5BAEAAAAALAAAAAABAAEAAAIBRAA7\" loading=\"eager\" alt=\"Anne Henriette Nilut\" title=\"Foto: Torgeir Varsi \/ NRK\"\/><\/p>\n<p class=\"\">Anne Henriette Nilut fra NSR.<\/p>\n<p>Foto: Torgeir Varsi \/ NRK<\/p>\n<p>Samtidig utfordret hun Nkf direkte fra talerstolen.<\/p>\n<p><strong>\u2013 Foresl\u00e5r Nordkalottfolket dette ogs\u00e5 i Finnmark fylkesting, hvor dere har flertall? Kommer dere til \u00e5 foresl\u00e5 \u00e5 kutte i administrasjonen og politisk niv\u00e5 der ogs\u00e5, eller gjelder det bare for det samiske?<\/strong><\/p>\n<p>Markussen \u00f8nsket ikke \u00e5 g\u00e5 inn p\u00e5 eventuelle kutt i fylkeskommunens administrasjon.<\/p>\n<p>\u2013 Jeg synes ikke det er tid og sted for \u00e5 diskutere det forvaltningsniv\u00e5et. Men hvis du sp\u00f8r om min personlige mening, s\u00e5 er jeg sikker p\u00e5 at det er noe \u00e5 hente der ogs\u00e5, svarte han.<\/p>\n<p>Vibeke Larsen (Nkf) mener at Sametinget er et verkt\u00f8y for utvikling.\n<\/p>\n<p><img decoding=\"async\"   src=\"data:image\/gif;base64,R0lGODlhAQABAIAAAAAAAP\/\/\/yH5BAEAAAAALAAAAAABAAEAAAIBRAA7\" loading=\"eager\" alt=\"Vibeke Larsen\" title=\"Foto: Torgeir Varsi \/ NRK\"\/><\/p>\n<p class=\"\">Vibeke Larsen fra Nkf.<\/p>\n<p>Foto: Torgeir Varsi \/ NRK<\/p>\n<p>\u2013 Det er ikke selve m\u00e5lsettinga. S\u00e5 dermed vil du aldri finne Nordkalottfolket i et fakkeltog for \u00f8kt byr\u00e5kratisering eller \u00f8kt administrering. S\u00e5 enkelt er det, sier Larsen.<\/p>\n<p>Mener Nkf m\u00e5 ta ansvar p\u00e5 fylkesniv\u00e5<\/p>\n<p>Nilut mener at Arbeiderpartiet og Nordkalottfolket viser en stadig tydeligere tendens til \u00e5 legge storsamfunnets behov over p\u00e5 Sametinget.<\/p>\n<p>Hun viste blant annet til at Finnmark fylkeskommune alene har n\u00e6r 1,1 milliarder kroner i sitt transportbudsjett \u2013 nesten 300 millioner mer enn hele Sametingets totale budsjett.<\/p>\n<p>Nilut p\u00e5pekte at det er fylket som har b\u00e5de ansvar, penger og administrasjon for transportomr\u00e5det, mens Sametinget verken har avdeling, midler eller myndighet p\u00e5 feltet.<\/p>\n<p>Likevel har det tidligere blitt l\u00f8ftet fram forventninger om at Sametinget skal bidra i saker som \u00e5 sikre vinter\u00e5pen vei til Nervei.<\/p>\n<p>\u2013 Vi st\u00f8tter alle at Nervei skal ha en \u00e5pen vei. Men hvorfor g\u00e5r ikke Nordkalottfolket selv gjennom flertallet de har i fylket og henter en liten del av de 1,1 milliardene der?<\/p>\n<p>Arbeiderpartiet vil gi mindre til spr\u00e5ksentre<\/p>\n<p>Ap foresl\u00e5r store omprioriteringer i sitt alternative budsjett for Sametinget i 2026.<\/p>\n<p>Partiet som n\u00e5 har to av 39 representanter p\u00e5 Sametinget, foresl\u00e5r \u00e5 halvere grunntilskuddet til de samiske spr\u00e5ksentrene og fjerne ordningen med gratis samiskspr\u00e5klig barnehage.<\/p>\n<p>De vil prioritere penger til de samiske kommunene, som Ap mener ikke f\u00e5r dekket kostnadene ved \u00e5 tilby tjenester p\u00e5 b\u00e5de samisk og norsk.<\/p>\n<p>\u2013 N\u00e5 ser vi et st\u00f8rre behov for \u00e5 styrke kommunene, der barn l\u00e6rer spr\u00e5k, og der syke og eldre skal m\u00f8tes p\u00e5 samisk i helse- og omsorgstjenestene, sa Tom Sottinen (Ap), da han la frem partiets alternative sametingsbudsjett.<\/p>\n<p><img decoding=\"async\"   src=\"data:image\/gif;base64,R0lGODlhAQABAIAAAAAAAP\/\/\/yH5BAEAAAAALAAAAAABAAEAAAIBRAA7\" loading=\"eager\" alt=\"Tom Sottinen\" title=\"Foto: Torgeir Varsi \/ NRK\"\/><\/p>\n<p class=\"\">Tom Sottinen fra Ap.<\/p>\n<p>Foto: Torgeir Varsi \/ NRK<\/p>\n<p>NSR mener at Ap fors\u00f8ker \u00e5 skyve ansvaret for statens forpliktelser over p\u00e5 Sametinget.<\/p>\n<p>De p\u00e5peker at det egentlig er statens ansvar \u00e5 finansiere kommunenes plikt til \u00e5 tilby tjenester p\u00e5 samisk, men at Ap n\u00e5 \u00f8nsker \u00e5 dekke dette gjennom Sametingets eget budsjett.<\/p>\n<p><strong>\u2013 Sametinget har alts\u00e5 et budsjett som er mindre enn Den Norske Opera, men n\u00e5 er det vi som skal sikre drift av de samiske tilbudene i kommunene.<\/strong><\/p>\n<p>Det sa Aslak Heaika H\u00e6tta Bj\u00f8rn (NSR).<\/p>\n<p><img decoding=\"async\"   src=\"data:image\/gif;base64,R0lGODlhAQABAIAAAAAAAP\/\/\/yH5BAEAAAAALAAAAAABAAEAAAIBRAA7\" loading=\"eager\" alt=\"Aslak Heaika H\u00e6tta Bj\u00f8rn \" title=\"Foto: Torgeir Varsi \/ NRK\"\/><\/p>\n<p class=\"\">Aslak Heaika H\u00e6tta Bj\u00f8rn fra NSR.<\/p>\n<p>Foto: Torgeir Varsi \/ NRK<\/p>\n<p>\u2013 Man foresl\u00e5r ogs\u00e5 \u00e5 ta hele den gratis samiskspr\u00e5klige barnehageordninga fra ungene, la han til.<\/p>\n<p>Utbryter reagerer p\u00e5 Ap politikk<\/p>\n<p>Arild Pettersen Inga fra Samisk Arbeiderfellesskap \u2013 en av utbryterne fra Ap \u2013 reagerte kraftig p\u00e5 forslaget om \u00e5 flytte 15 millioner kroner fra spr\u00e5ksentrene til kommunene.<\/p>\n<p>En tydelig oppr\u00f8rt Inga tok ordet i debatten og beskrev Arbeiderpartiets forslag som \u00abet sjokk\u00bb.<\/p>\n<p>Han understreket at det s\u00e6rlig er basistilskuddet som st\u00e5r i fare \u2013 midlene som sikrer at ansatte faktisk kan g\u00e5 p\u00e5 jobb og drive spr\u00e5karbeidet.<\/p>\n<p><img decoding=\"async\"   src=\"data:image\/gif;base64,R0lGODlhAQABAIAAAAAAAP\/\/\/yH5BAEAAAAALAAAAAABAAEAAAIBRAA7\" loading=\"eager\" alt=\"Arild Pettersen Inga\" title=\"Foto: Torgeir Varsi \/ NRK\"\/><\/p>\n<p class=\"\">Arild Pettersen Inga fra SA.<\/p>\n<p>Foto: Torgeir Varsi \/ NRK<\/p>\n<p>\u2013 Dette treffer meg rett i hjerterota. Det blir en total \u00abmismatch\u00bb med det vi pr\u00f8ver \u00e5 f\u00e5 til her, sa han fra talerstolen.<\/p>\n<p>Tom Sottinen i Ap svarte p\u00e5 kritikken med \u00e5 si at spr\u00e5ksentrene allerede har f\u00e5tt en stor \u00f8kning i \u00e5r.<\/p>\n<p><strong>\u2013 Dette handler ikke om \u00e5 svekke spr\u00e5ksentrene, men \u00e5 sikre at spr\u00e5ket faktisk brukes i hverdagen. Dette er politikk. Det er en prioritering av begrensede midler.<\/strong><\/p>\n<p>Inga reagerte sterkt p\u00e5 at forslaget kommer fra hans tidligere parti.<\/p>\n<p>\u2013 Jeg kjenner faktisk ikke Arbeiderpartiet igjen. Jeg har nettopp forlatt det, og i dag er jeg veldig glad for at jeg er ute av det partiet, sa han.<\/p>\n<p>Sottinen svarte ved \u00e5 minne om behandlingen av revidert budsjett i mars \u2013 en behandling der Inga selv satt i Arbeiderpartiets gruppe.<\/p>\n<p>\u2013 Vi st\u00f8ttet heller ikke r\u00e5dets \u00f8kning til spr\u00e5ksentrene den gangen. Dette er samme linje vi har holdt hele veien, sa Sottinen.<\/p>\n<p><img decoding=\"async\"   src=\"data:image\/gif;base64,R0lGODlhAQABAIAAAAAAAP\/\/\/yH5BAEAAAAALAAAAAABAAEAAAIBRAA7\" loading=\"eager\" alt=\"Tom Sottinen\" title=\"Foto: Torgeir Varsi \/ NRK\"\/><\/p>\n<p class=\"\">Tom Sottinen fra Ap.<\/p>\n<p>Foto: Torgeir Varsi \/ NRK<\/p>\n<p>Han viste til at Ap allerede da prioriterte kommunenes spr\u00e5karbeid framfor st\u00f8rre bevilgninger til spr\u00e5ksentrene.<\/p>\n<p>I sitt alternative budsjett foresl\u00e5r Ap ogs\u00e5 et veiledningssenter for konsultasjoner, \u00f8kt st\u00f8tte til samiske forlag, og en styrking av innovasjonsfondet for \u00e5 utvikle n\u00e6ringslivet i samiske omr\u00e5der.<\/p>\n<p>Publisert<\/p>\n<p>04.12.2025, kl. 19.30<\/p>\n","protected":false},"excerpt":{"rendered":"Regjeringen har foresl\u00e5tt \u00e5 gi Sametinget n\u00e6rmere 800 millioner kroner til neste \u00e5r. Men hva skal pengene g\u00e5&hellip;\n","protected":false},"author":2,"featured_media":105002,"comment_status":"","ping_status":"","sticky":false,"template":"","format":"standard","meta":{"footnotes":""},"categories":[10],"tags":[20,21,24,25,15,22,23,13,30,28,29,14,16,26,27],"class_list":{"0":"post-105001","1":"post","2":"type-post","3":"status-publish","4":"format-standard","5":"has-post-thumbnail","7":"category-norge","8":"tag-breaking-news","9":"tag-breakingnews","10":"tag-featured-news","11":"tag-featurednews","12":"tag-headlines","13":"tag-latest-news","14":"tag-latestnews","15":"tag-news","16":"tag-no","17":"tag-norge","18":"tag-norway","19":"tag-nyheter","20":"tag-overskrifter","21":"tag-top-stories","22":"tag-topstories"},"share_on_mastodon":{"url":"https:\/\/pubeurope.com\/@no\/115667113276150939","error":""},"_links":{"self":[{"href":"https:\/\/www.europesays.com\/no\/wp-json\/wp\/v2\/posts\/105001","targetHints":{"allow":["GET"]}}],"collection":[{"href":"https:\/\/www.europesays.com\/no\/wp-json\/wp\/v2\/posts"}],"about":[{"href":"https:\/\/www.europesays.com\/no\/wp-json\/wp\/v2\/types\/post"}],"author":[{"embeddable":true,"href":"https:\/\/www.europesays.com\/no\/wp-json\/wp\/v2\/users\/2"}],"replies":[{"embeddable":true,"href":"https:\/\/www.europesays.com\/no\/wp-json\/wp\/v2\/comments?post=105001"}],"version-history":[{"count":0,"href":"https:\/\/www.europesays.com\/no\/wp-json\/wp\/v2\/posts\/105001\/revisions"}],"wp:featuredmedia":[{"embeddable":true,"href":"https:\/\/www.europesays.com\/no\/wp-json\/wp\/v2\/media\/105002"}],"wp:attachment":[{"href":"https:\/\/www.europesays.com\/no\/wp-json\/wp\/v2\/media?parent=105001"}],"wp:term":[{"taxonomy":"category","embeddable":true,"href":"https:\/\/www.europesays.com\/no\/wp-json\/wp\/v2\/categories?post=105001"},{"taxonomy":"post_tag","embeddable":true,"href":"https:\/\/www.europesays.com\/no\/wp-json\/wp\/v2\/tags?post=105001"}],"curies":[{"name":"wp","href":"https:\/\/api.w.org\/{rel}","templated":true}]}}