{"id":105003,"date":"2025-12-05T13:08:15","date_gmt":"2025-12-05T13:08:15","guid":{"rendered":"https:\/\/www.europesays.com\/no\/105003\/"},"modified":"2025-12-05T13:08:15","modified_gmt":"2025-12-05T13:08:15","slug":"klaebo-tok-seier-nummer-100-i-verdenscupen","status":"publish","type":"post","link":"https:\/\/www.europesays.com\/no\/105003\/","title":{"rendered":"Kl\u00e6bo tok seier nummer 100 i verdenscupen"},"content":{"rendered":"<p class=\"extendedContent hyperion-css-eyn926\" data-test-tag=\"lead-text\">Johannes H\u00f8sflot Kl\u00e6bo var suveren p\u00e5 hjemmebane og sikret sin 100. verdenscupseier i karrieren. <\/p>\n<p><img decoding=\"async\" class=\"image-asset hyperion-css-u06ts1\" data-test-tag=\"image-asset\" src=\"https:\/\/www.europesays.com\/no\/wp-content\/uploads\/2025\/12\/73cb9252-8211-4a25-8e37-f0ed3acfbe58\"  alt=\"\"  loading=\"eager\" fetchpriority=\"high\" style=\"aspect-ratio:2048 \/ 1365\"\/> Foto: MAXIM THORE \/ Bildbyr\u00e5n<\/p>\n<ul data-test-tag=\"byline:authors\" data-testid=\"byline:authors\" class=\"hyperion-css-zsib83\">\n<li class=\"hyperion-css-10c38m6\">\n<p>Synne Sofie Christiansen, VG<\/p>\n<\/li>\n<li class=\"hyperion-css-10c38m6\"\/><\/ul>\n<p class=\"paywall hyperion-css-1j42uic\">Johannes H\u00f8sflot Kl\u00e6bo ropte \u00abJAAA!\u00bb h\u00f8yt da seieren var et faktum. <\/p>\n<p class=\"paywall hyperion-css-1j42uic\">\u2013 Kem e kongen? Kongen er fortsatt Kl\u00e6bo, sier NRK-ekspert Jann Post. <\/p>\n<p class=\"paywall hyperion-css-1j42uic\">Oskar Opstad Vike ble nummer to og langl\u00f8peren Alvar Myhlback nummer tre etter en monsteravslutning. <\/p>\n<p>1 av 3Foto: MAXIM THORE \/ Bildbyr\u00e5n<\/p>\n<p class=\"paywall hyperion-css-1j42uic\">Blant langrennsl\u00f8pere er det bare Marit Bj\u00f8rgen, med sine 114 seiere, som har n\u00e5dd et tresifret antall verdenscupseirer. <\/p>\n<p class=\"paywall hyperion-css-1j42uic\"><strong>Kl\u00e6bo er den f\u00f8rste p\u00e5 herresiden som n\u00e5r milep\u00e6len. <\/strong><\/p>\n<p class=\"paywall hyperion-css-1j42uic\">\u2013 Uansett hva han blir utfordret p\u00e5, s\u00e5 vinner han. Det er bare \u00e5 ta av seg hatten. Han ser nesten usl\u00e5elig ut, sier sprinttrener Arild Monsen. <\/p>\n<p class=\"paywall hyperion-css-1j42uic\">Seieren er ogs\u00e5 Kl\u00e6bos 18. strake sprintseier. <\/p>\n<p>L\u00f8pere med flest verdenscupseirer i langrenn<\/p>\n<ul class=\"hyperion-css-f0jfze\" data-test-tag=\"list\">\n<li class=\"hyperion-css-i6llpu\">114: Marit Bj\u00f8rgen (2000-2018)<\/li>\n<\/ul>\n<p>Vis mer<\/p>\n<p class=\"paywall hyperion-css-1j42uic\">\u2013 Hvordan vurderer du OL-plassene n\u00e5?<\/p>\n<p class=\"paywall hyperion-css-1j42uic\">\u2013 Vi skal lande det etter hvert, men vi er ikke i m\u00e5l med det. Det er veldig mange om f\u00e5 plasser, sier Monsen. <\/p>\n<p class=\"paywall hyperion-css-1j42uic\">Like artig ble det ikke for Even Northug, som falt da han skulle skifte spor og fikk dermed en mareritt-exit fra kvartfinalen. <\/p>\n<p class=\"paywall hyperion-css-1j42uic\">Klassisk sprint i verdenscupen i Gran\u00e5sen fredag var uhyre viktig for \u00e5 komme i posisjon til et OL-uttak. <\/p>\n<p class=\"paywall hyperion-css-1j42uic\">Klassisk sprint er Norges lekestue og denne sesongen er det OL-\u00f8velse. Johannes H\u00f8sflot Kl\u00e6bo er Norges favoritt p\u00e5 distansen. <\/p>\n<p class=\"paywall hyperion-css-1j42uic\">Erik Valnes er Kl\u00e6bos aller argeste konkurrent, og s\u00e5 \u00e5 si klar for OL-sprint. <\/p>\n<p class=\"paywall hyperion-css-1j42uic\">De to plassene bak er mer usikre. <\/p>\n<p class=\"paywall hyperion-css-1j42uic\">P\u00e5 sp\u00f8rsm\u00e5l om OL-plassen r\u00f8k, sier Monsen: <\/p>\n<p class=\"paywall hyperion-css-1j42uic\">\u2013 Jeg skal ikke si det, men det var ikke noe god s\u00f8knad, det var ikke det. Det var synd. <\/p>\n<p class=\"paywall hyperion-css-1j42uic\">Etter fallet gikk Northug forbi alt og alle i pressesonen. <\/p>\n<p class=\"paywall hyperion-css-1j42uic\">Harald \u00d8stberg Amundsen kan g\u00e5 flere distanser og med sin femteplass p\u00e5 sprinten i Ruka, s\u00e5 er han h\u00f8yaktuell for en plass. <\/p>\n<p class=\"paywall hyperion-css-1j42uic\">Med fire plasser i OL-sprinten er det da kanskje bare plass til en spesialsprinter. Akkurat n\u00e5 er Ansgar Evensen n\u00e6rmest. <\/p>\n<p class=\"paywall hyperion-css-1j42uic\">Bak ham jakter Even Northug og Oskar Opstad Vike en pallplassering i verdenscupen, og Northug mente at han burde klokke inn et toppresultat allerede fredag. <\/p>\n<p class=\"paywall hyperion-css-1j42uic\">Det var i hvert fall Northug smertelig klar over da VG snakket med ham torsdag.<\/p>\n<p class=\"paywall hyperion-css-1j42uic\">Det gjenst\u00e5r for \u00f8vrig to klassisksprinter f\u00f8r Norges OL-uttak er endelig. Det er en sprint underveis i Tour de Ski og en i NM i Steinkjer etter nytt\u00e5r.<\/p>\n","protected":false},"excerpt":{"rendered":"Johannes H\u00f8sflot Kl\u00e6bo var suveren p\u00e5 hjemmebane og sikret sin 100. verdenscupseier i karrieren. Foto: MAXIM THORE \/&hellip;\n","protected":false},"author":2,"featured_media":105004,"comment_status":"","ping_status":"","sticky":false,"template":"","format":"standard","meta":{"footnotes":""},"categories":[59],"tags":[30,28,29,83,82],"class_list":{"0":"post-105003","1":"post","2":"type-post","3":"status-publish","4":"format-standard","5":"has-post-thumbnail","7":"category-sport","8":"tag-no","9":"tag-norge","10":"tag-norway","11":"tag-sport","12":"tag-sports"},"share_on_mastodon":{"url":"https:\/\/pubeurope.com\/@no\/115667121308919913","error":""},"_links":{"self":[{"href":"https:\/\/www.europesays.com\/no\/wp-json\/wp\/v2\/posts\/105003","targetHints":{"allow":["GET"]}}],"collection":[{"href":"https:\/\/www.europesays.com\/no\/wp-json\/wp\/v2\/posts"}],"about":[{"href":"https:\/\/www.europesays.com\/no\/wp-json\/wp\/v2\/types\/post"}],"author":[{"embeddable":true,"href":"https:\/\/www.europesays.com\/no\/wp-json\/wp\/v2\/users\/2"}],"replies":[{"embeddable":true,"href":"https:\/\/www.europesays.com\/no\/wp-json\/wp\/v2\/comments?post=105003"}],"version-history":[{"count":0,"href":"https:\/\/www.europesays.com\/no\/wp-json\/wp\/v2\/posts\/105003\/revisions"}],"wp:featuredmedia":[{"embeddable":true,"href":"https:\/\/www.europesays.com\/no\/wp-json\/wp\/v2\/media\/105004"}],"wp:attachment":[{"href":"https:\/\/www.europesays.com\/no\/wp-json\/wp\/v2\/media?parent=105003"}],"wp:term":[{"taxonomy":"category","embeddable":true,"href":"https:\/\/www.europesays.com\/no\/wp-json\/wp\/v2\/categories?post=105003"},{"taxonomy":"post_tag","embeddable":true,"href":"https:\/\/www.europesays.com\/no\/wp-json\/wp\/v2\/tags?post=105003"}],"curies":[{"name":"wp","href":"https:\/\/api.w.org\/{rel}","templated":true}]}}