{"id":105006,"date":"2025-12-05T13:13:22","date_gmt":"2025-12-05T13:13:22","guid":{"rendered":"https:\/\/www.europesays.com\/no\/105006\/"},"modified":"2025-12-05T13:13:22","modified_gmt":"2025-12-05T13:13:22","slug":"fredag-kan-du-mote-hv-soldater-i-uniform-pa-jobb-over-hele-sor-helgeland","status":"publish","type":"post","link":"https:\/\/www.europesays.com\/no\/105006\/","title":{"rendered":"Fredag kan du m\u00f8te HV-soldater i uniform p\u00e5 jobb over hele S\u00f8r-Helgeland"},"content":{"rendered":"<p data-testid=\"textWithMarkup-text\" data-v-ca17de6b=\"\" data-v-62d58f52=\"\">Heimevernets \u00abUniform p\u00e5 jobben-dagen\u00bb arrangeres for sjette gang. Det betyr at du kan m\u00f8te lokale HV-soldater i uniform p\u00e5 alt fra butikken til bussen, skolen, kontoret eller hvis du har en h\u00e5ndverker p\u00e5 bes\u00f8k.<\/p>\n<p data-testid=\"textWithMarkup-text\" data-v-ca17de6b=\"\" data-v-62d58f52=\"\">Heimevernet best\u00e5r av kvinner og menn fra alle yrkesgrupper, og mange av dem bor og jobber i kommunene p\u00e5 S\u00f8r-Helgeland.<\/p>\n<p data-testid=\"textWithMarkup-markup\" data-v-62d58f52=\"\">Har du en kollega i uniform i dag? Send bilde til desk@banett.no<\/p>\n<p>Synliggj\u00f8r Heimevernet i lokalsamfunnet <\/p>\n<p data-testid=\"textWithMarkup-text\" data-v-ca17de6b=\"\" data-v-62d58f52=\"\">M\u00e5let med markeringen er \u00e5 vise bredden i Heimevernets styrker og skape stolthet rundt innsatsen soldatene legger ned.<\/p>\n<p data-testid=\"textWithMarkup-text\" data-v-ca17de6b=\"\" data-v-62d58f52=\"\">\u2013 Vi gj\u00f8r dette fordi vi \u00f8nsker \u00e5 synliggj\u00f8re for Norge hva Heimevernet er, og hvilke personer som utgj\u00f8r Heimevernet. Hensikten med dagen er \u00e5 skape stolthet og anerkjennelse for innsatsen heimevernssoldaten legger ned, og vise hvor viktig HV er for den lokale beredskapen i alle landets kommuner, sier generalmajor Frode Ommundsen, sjef for Heimevernet.<\/p>\n<p data-testid=\"textWithMarkup-text\" data-v-ca17de6b=\"\" data-v-62d58f52=\"\">Heimevernet spiller en viktig rolle i nasjonal og lokal beredskap, og best\u00e5r av soldater som kan settes inn raskt ved hendelser.<\/p>\n<p>Relevante i dagens sikkerhetspolitiske situasjon <\/p>\n<p data-testid=\"textWithMarkup-text\" data-v-ca17de6b=\"\" data-v-62d58f52=\"\">Markeringen kommer i en tid hvor beredskap og sikkerhet st\u00e5r h\u00f8yt p\u00e5 agendaen nasjonalt.<\/p>\n<p data-testid=\"textWithMarkup-text\" data-v-ca17de6b=\"\" data-v-62d58f52=\"\">\u2013 I dagens sikkerhetspolitiske situasjon er det viktigere enn noen gang \u00e5 synliggj\u00f8re Heimevernet som en landsdekkende milit\u00e6r avdeling som er klare til \u00e5 bist\u00e5 i fred, krise og krig. Derfor oppfordrer vi alle soldater, befal og offiserer til \u00e5 bruke uniform p\u00e5 sin arbeidsplass eller studiested fredag, sier Ommundsen.<\/p>\n<p>Frivillig deltakelse <\/p>\n<p data-testid=\"textWithMarkup-text\" data-v-ca17de6b=\"\" data-v-62d58f52=\"\">Det er frivillig for HV-soldater \u00e5 delta i markeringen. De som velger \u00e5 b\u00e6re uniform denne dagen, har f\u00e5tt tillatelse fra sin arbeidsgiver eller fra sitt studiested.<\/p>\n","protected":false},"excerpt":{"rendered":"Heimevernets \u00abUniform p\u00e5 jobben-dagen\u00bb arrangeres for sjette gang. Det betyr at du kan m\u00f8te lokale HV-soldater i uniform&hellip;\n","protected":false},"author":2,"featured_media":105007,"comment_status":"","ping_status":"","sticky":false,"template":"","format":"standard","meta":{"footnotes":""},"categories":[10],"tags":[20,21,24,25,15,22,23,13,30,28,29,14,16,26,27],"class_list":{"0":"post-105006","1":"post","2":"type-post","3":"status-publish","4":"format-standard","5":"has-post-thumbnail","7":"category-norge","8":"tag-breaking-news","9":"tag-breakingnews","10":"tag-featured-news","11":"tag-featurednews","12":"tag-headlines","13":"tag-latest-news","14":"tag-latestnews","15":"tag-news","16":"tag-no","17":"tag-norge","18":"tag-norway","19":"tag-nyheter","20":"tag-overskrifter","21":"tag-top-stories","22":"tag-topstories"},"share_on_mastodon":{"url":"https:\/\/pubeurope.com\/@no\/115667140832350751","error":""},"_links":{"self":[{"href":"https:\/\/www.europesays.com\/no\/wp-json\/wp\/v2\/posts\/105006","targetHints":{"allow":["GET"]}}],"collection":[{"href":"https:\/\/www.europesays.com\/no\/wp-json\/wp\/v2\/posts"}],"about":[{"href":"https:\/\/www.europesays.com\/no\/wp-json\/wp\/v2\/types\/post"}],"author":[{"embeddable":true,"href":"https:\/\/www.europesays.com\/no\/wp-json\/wp\/v2\/users\/2"}],"replies":[{"embeddable":true,"href":"https:\/\/www.europesays.com\/no\/wp-json\/wp\/v2\/comments?post=105006"}],"version-history":[{"count":0,"href":"https:\/\/www.europesays.com\/no\/wp-json\/wp\/v2\/posts\/105006\/revisions"}],"wp:featuredmedia":[{"embeddable":true,"href":"https:\/\/www.europesays.com\/no\/wp-json\/wp\/v2\/media\/105007"}],"wp:attachment":[{"href":"https:\/\/www.europesays.com\/no\/wp-json\/wp\/v2\/media?parent=105006"}],"wp:term":[{"taxonomy":"category","embeddable":true,"href":"https:\/\/www.europesays.com\/no\/wp-json\/wp\/v2\/categories?post=105006"},{"taxonomy":"post_tag","embeddable":true,"href":"https:\/\/www.europesays.com\/no\/wp-json\/wp\/v2\/tags?post=105006"}],"curies":[{"name":"wp","href":"https:\/\/api.w.org\/{rel}","templated":true}]}}