{"id":105012,"date":"2025-12-05T13:24:13","date_gmt":"2025-12-05T13:24:13","guid":{"rendered":"https:\/\/www.europesays.com\/no\/105012\/"},"modified":"2025-12-05T13:24:13","modified_gmt":"2025-12-05T13:24:13","slug":"janne-formoe-om-ny-jobb","status":"publish","type":"post","link":"https:\/\/www.europesays.com\/no\/105012\/","title":{"rendered":"Janne Formoe om ny jobb:"},"content":{"rendered":"<p class=\"kicker \" style=\"\">Janne Formoe<\/p>\n<p>  Som femti\u00e5ring har Janne Formoe g\u00e5tt langt utenfor komfortsonen.\u00a0<\/p>\n<p>\n    UTFORDRET: Janne Formoe kommer med et helt nytt tv-program til v\u00e5ren, der hun fikk utfordret grensene sine. Foto: Astrid Waller\n  <\/p>\n<p>En som virkelig har utfordret seg selv etter fylte femti \u00e5r, er skuespiller Janne Formoe. Sammen med Triana Iglesias (43) er hun programleder for et et nytt program p\u00e5 Viaplay, nemlig \u00abBedre Sex.\u00bb<\/p>\n<p>De to har utforsket alt fra spanking og vaginalt dataspill til japansk bondage og bes\u00f8k p\u00e5 sexklubber.<\/p>\n<p>&#8211; Det har v\u00e6rt utfordrende, spennende og skummelt, men heldigvis veldig morsomt ogs\u00e5, sier Formoe til <a href=\"https:\/\/www.vg.no\/rampelys\/i\/8JMJpO\/janne-formoe-50-og-triana-iglesias-43-med-nytt-sexprogram \" rel=\"nofollow noopener\" target=\"_blank\">VG<\/a>\u00a0&#8211; som innr\u00f8mmer at hun b\u00e5de har v\u00e6rt flau, redd og nysgjerrig.\u00a0<\/p>\n<p>    <a itemprop=\"url\" href=\"https:\/\/www.kk.no\/samliv\/midtveis-i-livet-bor-du-stille-mannen-din-tre-sporsmal-og-svaret-bor-vaere-ja-pa-alle-tre\/82163258\" rel=\"nofollow noopener\" target=\"_blank\"><\/p>\n<p>      <img loading=\"lazy\" decoding=\"async\" src=\"https:\/\/www.europesays.com\/no\/wp-content\/uploads\/2025\/12\/1764941051_685_82172055.webp\" width=\"980\" height=\"441\" title=\"- Midtveis i livet b\u00f8r du stille mannen din tre sp\u00f8rsm\u00e5l. Og svaret b\u00f8r v\u00e6re ja p\u00e5 alle tre\" alt=\"\" class=\"lazyload\" style=\"--aspect-ratio-image: 2.22; \"\/><\/p>\n<p>        &#8211; Midtveis i livet b\u00f8r du stille mannen din tre sp\u00f8rsm\u00e5l. Og svaret b\u00f8r v\u00e6re ja p\u00e5 alle tre<\/p>\n<p>    <\/a><\/p>\n<p>&#8211; Min nye deilige venn\t<\/p>\n<p>Underveis har duoen f\u00e5tt testet sine egne grenser, forteller de videre. Iglesias er forn\u00f8yd med \u00e5 ha f\u00e5tt lov til \u00e5 bevege seg utenfor komfortsonen, og forteller at de har tatt tak i tabubelagte ting som folk synes det er vanskelig \u00e5 snakke om.\u00a0<\/p>\n<p>Formoe skryter av sin medprogramleder.\u00a0<\/p>\n<p>&#8211; Det at jeg har f\u00e5tt gj\u00f8re dette sammen med Triana, er en gavepakke. Hun er s\u00e5 \u00e5pen, nysgjerrig, raus og p\u00e5 plass i seg selv. Hun er min nye deilige venn.\u00a0<\/p>\n<p>De to hadde aldri m\u00f8ttes f\u00f8r de skulle jobbe sammen om programmet. Begge h\u00e5per at seerne vil sitte igjen med en f\u00f8lelse av \u00e5 ha l\u00e6rt masse.<\/p>\n<p>&#8211; Man kan faktisk ikke snakke om seksualitet i dag uten \u00e5 ha med grenser og samtykke &#8211; og lek. Det er ogs\u00e5 viktig, sier Iglesias til VG.<\/p>\n<p>    <a itemprop=\"url\" href=\"https:\/\/www.kk.no\/livet\/jeg-er-absolutt-ikke-klar-for-a-bli-bestemor\/83550531\" rel=\"nofollow noopener\" target=\"_blank\"><\/p>\n<p>      <img loading=\"lazy\" decoding=\"async\" src=\"https:\/\/www.europesays.com\/no\/wp-content\/uploads\/2025\/12\/83550570.webp\" width=\"980\" height=\"441\" title=\"- Jeg er absolutt ikke klar for \u00e5 bli bestemor\" alt=\"\" class=\"lazyload\" style=\"--aspect-ratio-image: 2.22; \"\/><\/p>\n<p>        &#8211; Jeg er absolutt ikke klar for \u00e5 bli bestemor<\/p>\n<p>    <\/a><\/p>\n<p>Klippen\t<\/p>\n<p>De to nye venninnene er i hvert sitt forhold.\u00a0<\/p>\n<p>Tidligere i h\u00f8st hyllet Formoe kj\u00e6resten Alexander Even Henriksen, som hun fant kj\u00e6rligheten p\u00e5 nytt med, etter det endelige bruddet med Jan Fredrik Karlsen.<\/p>\n<p>\u00abHan er min klippe, min beste venn, og kj\u00e6reste. Han er rampete, ordenselev, klok, kjekk og dr\u00f8mmemannen for meg\u00bb, skrev hun I en bursdagshilsen til ham p\u00e5 Instagram.<\/p>\n<p>Triana Iglesias fant kj\u00e6rligheten I den finske Mikael Kristian Gabriel Sohlman I 2015, og bor I Finland sammen med deres felles datter.<\/p>\n","protected":false},"excerpt":{"rendered":"Janne Formoe Som femti\u00e5ring har Janne Formoe g\u00e5tt langt utenfor komfortsonen.\u00a0 UTFORDRET: Janne Formoe kommer med et helt&hellip;\n","protected":false},"author":2,"featured_media":105013,"comment_status":"","ping_status":"","sticky":false,"template":"","format":"standard","meta":{"footnotes":""},"categories":[5],"tags":[20,21,24,25,15,19,3980,22,23,17,18,13,30,28,29,14,16,26,27,13092,72,2728],"class_list":{"0":"post-105012","1":"post","2":"type-post","3":"status-publish","4":"format-standard","5":"has-post-thumbnail","7":"category-overskrifter","8":"tag-breaking-news","9":"tag-breakingnews","10":"tag-featured-news","11":"tag-featurednews","12":"tag-headlines","13":"tag-hovedoppslag","14":"tag-janne-formoe","15":"tag-latest-news","16":"tag-latestnews","17":"tag-main-news","18":"tag-mainnews","19":"tag-news","20":"tag-no","21":"tag-norge","22":"tag-norway","23":"tag-nyheter","24":"tag-overskrifter","25":"tag-top-stories","26":"tag-topstories","27":"tag-triana-iglesias","28":"tag-underholdning","29":"tag-viaplay"},"share_on_mastodon":{"url":"https:\/\/pubeurope.com\/@no\/115667184227693590","error":""},"_links":{"self":[{"href":"https:\/\/www.europesays.com\/no\/wp-json\/wp\/v2\/posts\/105012","targetHints":{"allow":["GET"]}}],"collection":[{"href":"https:\/\/www.europesays.com\/no\/wp-json\/wp\/v2\/posts"}],"about":[{"href":"https:\/\/www.europesays.com\/no\/wp-json\/wp\/v2\/types\/post"}],"author":[{"embeddable":true,"href":"https:\/\/www.europesays.com\/no\/wp-json\/wp\/v2\/users\/2"}],"replies":[{"embeddable":true,"href":"https:\/\/www.europesays.com\/no\/wp-json\/wp\/v2\/comments?post=105012"}],"version-history":[{"count":0,"href":"https:\/\/www.europesays.com\/no\/wp-json\/wp\/v2\/posts\/105012\/revisions"}],"wp:featuredmedia":[{"embeddable":true,"href":"https:\/\/www.europesays.com\/no\/wp-json\/wp\/v2\/media\/105013"}],"wp:attachment":[{"href":"https:\/\/www.europesays.com\/no\/wp-json\/wp\/v2\/media?parent=105012"}],"wp:term":[{"taxonomy":"category","embeddable":true,"href":"https:\/\/www.europesays.com\/no\/wp-json\/wp\/v2\/categories?post=105012"},{"taxonomy":"post_tag","embeddable":true,"href":"https:\/\/www.europesays.com\/no\/wp-json\/wp\/v2\/tags?post=105012"}],"curies":[{"name":"wp","href":"https:\/\/api.w.org\/{rel}","templated":true}]}}