{"id":105025,"date":"2025-12-05T13:41:11","date_gmt":"2025-12-05T13:41:11","guid":{"rendered":"https:\/\/www.europesays.com\/no\/105025\/"},"modified":"2025-12-05T13:41:11","modified_gmt":"2025-12-05T13:41:11","slug":"donald-trump-somaliere-derfor-angrep-trump-somaliske-innvandrere","status":"publish","type":"post","link":"https:\/\/www.europesays.com\/no\/105025\/","title":{"rendered":"Donald Trump, Somaliere | Derfor angrep Trump somaliske innvandrere"},"content":{"rendered":"\n<p>\u2013 De bidrar ikke til landet. Jeg vil ikke ha de i landet v\u00e5rt. Det er en grunn til at landet deres ikke er noe bra, sa presidenten og gikk videre til \u00e5 omtale den amerikansk-somaliske politikeren Ilhan Omar og vennene hennes som \u00abs\u00f8ppel\u00bb.<\/p>\n<p>   <img decoding=\"async\" width=\"8095\" height=\"5483\" fetchpriority=\"low\"  loading=\"lazy\"  src=\"https:\/\/www.europesays.com\/no\/wp-content\/uploads\/2025\/12\/NTB_RAIpE8GV_XY.jpg\" alt=\"MINNEAPOLIS, MINNESOTA - AUGUST 28: U.S. Rep. Ilhan Omar (D-MN) (C) speaks during a press conference at City Hall following a mass shooting at Annunciation Catholic School on August 28, 2025 in Minneapolis, Minnesota. According to Minneapolis Police, a gunman fired through the windows of the Annunciation Church at worshippers sitting in pews during a Catholic school Mass, killing two children and injuring at least 17 others. The gunman reportedly died at the scene from a self-inflicted gunshot wound.   Stephen Maturen\/Getty Images\/AFP (Photo by Stephen Maturen \/ GETTY IMAGES NORTH AMERICA \/ Getty Images via AFP)\" class=\"brick-c-cFOWSL\" style=\"--brick-image-ratio: 8095 \/ 5483;\"\/><\/p>\n<p>      \u00c6RESSKJELT: Ilhan Omar.<br \/>\n      Foto: Stephen Maturen (AFP\/NTB)\n    <\/p>\n<p><b>Les ogs\u00e5: <a class=\"simple-relation related-teaser article--c-eRUmMG article--c-eRUmMG-fZoQSp-design-nettavisen article--c-eRUmMG-gwthdJ-cv\" href=\"https:\/\/www.nettavisen.no\/trump-er-brutal-mot-europa-i-splitter-ny-sikkerhetsstrategi\/s\/5-95-2764088\" rel=\"nofollow noopener\" target=\"_blank\">Trump er brutal mot Europa i splitter ny sikkerhetsstrategi<\/a><\/b><\/p>\n<p>Utsagnene kom under et m\u00f8te med pressen denne uken. N\u00e5 skriver <a href=\"https:\/\/www.aftenposten.no\/verden\/i\/q6nR1w\/donald-trump-kalte-somaliere-soeppel-her-er-saken-som-startet-rabalderet\" rel=\"Follow nofollow noopener\" target=\"_blank\">Aftenposten<\/a> at det var en svindelsak i Minnesota som var bakgrunnen for de grove karakteristikkene av somaliere generelt.<\/p>\n<p>    Vil du se neste video?<\/p>\n<p>    <a href=\"https:\/\/www.nettavisen.no\/fredrik-solvang\/jonas-gahr-store\/debatten\/fredrik-solvang-himler-av-jonas-gahr-store-men-i-alle\/v\/5-95-2751917\" class=\"recommend-poster\" data-adp-clicklabel=\"video-recommend\" data-adp-clickvalue=\"poster\" rel=\"nofollow noopener\" target=\"_blank\"><br \/>\n      <img decoding=\"async\" width=\"200\" height=\"200\" loading=\"lazy\" src=\"https:\/\/www.europesays.com\/no\/wp-content\/uploads\/2025\/11\/Solvang+bredde.jpg\" alt=\"\" class=\"brick-c-cFOWSL\" style=\"--brick-image-ratio: 200 \/ 200;\"\/><\/p>\n<p>Himler av St\u00f8re: \u2013 Men i alle\u20261:06<\/p>\n<p>    <\/a><\/p>\n<p>        President Donald Trump hadde hadde flere nedsettende kommentarer rettet mot somaliske innvandrere tirsdag 2. desember. Han har ogs\u00e5 havnet i ordkrig med Ilhan Omar, en demokratisk representant fra Minnesota.<\/p>\n<p><b>Les ogs\u00e5: <a class=\"simple-relation related-teaser article--c-eRUmMG article--c-eRUmMG-fZoQSp-design-nettavisen article--c-eRUmMG-gwthdJ-cv\" href=\"https:\/\/www.nettavisen.no\/trump-til-vilt-angrep-han-er-alvorlig-tilbakestaende\/s\/5-95-2752270\" rel=\"nofollow noopener\" target=\"_blank\">Trump til vilt angrep: \u2013 Han er alvorlig tilbakest\u00e5ende<\/a> <\/b><\/p>\n<p>Bakgrunnen er en sak som ble avdekket i av FBI i 2020. Gjennom fire \u00e5r hadde organisasjonen Feeding the Future f\u00e5tt 2,5 milliarder kroner for \u00e5 gi mat til sultne barn. Problemet var at bare tre prosent av pengene gikk til sultne barn, adskillig mer gikk til flotte biler og eiendommer. P\u00e5 papiret fikk tusenvis av barn mat p\u00e5 til sammen 299 steder i Minnesota. Men det var bare p\u00e5 papiret.<\/p>\n<p>50 personer er d\u00f8mt i saken. En av dem var politisk r\u00e5dgiver for ordf\u00f8reren i Minneapolis.<\/p>\n<p>Svindelsaken har blitt brukt av Trump-administrasjonen til \u00e5 angripe guvern\u00f8ren i Minnesota, Tim Walz, mannen som var Kamala Harris sin visestatsminister-kandidat.<\/p>\n<p>\u2013 Penger fra hardt arbeidende skattebetalere i Minnesota kan ha blitt sendt til terrorister i organisasjonen Al-Shabab, skrev USAs finansminister Scott Bessent p\u00e5 X denne uken.<\/p>\n","protected":false},"excerpt":{"rendered":"\u2013 De bidrar ikke til landet. Jeg vil ikke ha de i landet v\u00e5rt. Det er en grunn&hellip;\n","protected":false},"author":2,"featured_media":105026,"comment_status":"","ping_status":"","sticky":false,"template":"","format":"standard","meta":{"footnotes":""},"categories":[12],"tags":[20,21,24,25,15,22,23,13,30,28,29,14,16,26,27,42,43,44,45],"class_list":{"0":"post-105025","1":"post","2":"type-post","3":"status-publish","4":"format-standard","5":"has-post-thumbnail","7":"category-verden","8":"tag-breaking-news","9":"tag-breakingnews","10":"tag-featured-news","11":"tag-featurednews","12":"tag-headlines","13":"tag-latest-news","14":"tag-latestnews","15":"tag-news","16":"tag-no","17":"tag-norge","18":"tag-norway","19":"tag-nyheter","20":"tag-overskrifter","21":"tag-top-stories","22":"tag-topstories","23":"tag-verden","24":"tag-world","25":"tag-world-news","26":"tag-worldnews"},"share_on_mastodon":{"url":"","error":""},"_links":{"self":[{"href":"https:\/\/www.europesays.com\/no\/wp-json\/wp\/v2\/posts\/105025","targetHints":{"allow":["GET"]}}],"collection":[{"href":"https:\/\/www.europesays.com\/no\/wp-json\/wp\/v2\/posts"}],"about":[{"href":"https:\/\/www.europesays.com\/no\/wp-json\/wp\/v2\/types\/post"}],"author":[{"embeddable":true,"href":"https:\/\/www.europesays.com\/no\/wp-json\/wp\/v2\/users\/2"}],"replies":[{"embeddable":true,"href":"https:\/\/www.europesays.com\/no\/wp-json\/wp\/v2\/comments?post=105025"}],"version-history":[{"count":0,"href":"https:\/\/www.europesays.com\/no\/wp-json\/wp\/v2\/posts\/105025\/revisions"}],"wp:featuredmedia":[{"embeddable":true,"href":"https:\/\/www.europesays.com\/no\/wp-json\/wp\/v2\/media\/105026"}],"wp:attachment":[{"href":"https:\/\/www.europesays.com\/no\/wp-json\/wp\/v2\/media?parent=105025"}],"wp:term":[{"taxonomy":"category","embeddable":true,"href":"https:\/\/www.europesays.com\/no\/wp-json\/wp\/v2\/categories?post=105025"},{"taxonomy":"post_tag","embeddable":true,"href":"https:\/\/www.europesays.com\/no\/wp-json\/wp\/v2\/tags?post=105025"}],"curies":[{"name":"wp","href":"https:\/\/api.w.org\/{rel}","templated":true}]}}