{"id":105027,"date":"2025-12-05T13:42:15","date_gmt":"2025-12-05T13:42:15","guid":{"rendered":"https:\/\/www.europesays.com\/no\/105027\/"},"modified":"2025-12-05T13:42:15","modified_gmt":"2025-12-05T13:42:15","slug":"okonomi-og-naeringliv-elverum-na-er-kaoset-i-gang-de-er-blitt-ra-ostlendingen","status":"publish","type":"post","link":"https:\/\/www.europesays.com\/no\/105027\/","title":{"rendered":"\u00d8konomi og n\u00e6ringliv, Elverum | N\u00e5 er kaoset i gang: \u2013 De er blitt r\u00e5 &#8211; \u00d8stlendingen"},"content":{"rendered":"<ol>\n<li><a href=\"https:\/\/news.google.com\/rss\/articles\/CBMigwFBVV95cUxPVXpKSEotc0lmUThLYjRSR2V0WlBWU3BBekJiSklmWXdiSWV4MEFTQmg4N3J3U3o3ekZnNXFXaEJUb2JneGd1LWdOcW9LZVlSX2NFVFpwX0Nnak5qUGJUZnpLVmt6Wk04WTJEaXJHNVFjYV9vNGJLXzBMMFE2VTRMM2pKMA?oc=5\" target=\"_blank\" rel=\"nofollow noopener\">\u00d8konomi og n\u00e6ringliv, Elverum | N\u00e5 er kaoset i gang: \u2013 De er blitt r\u00e5<\/a>&nbsp;&nbsp;\u00d8stlendingen<\/li>\n<li><a href=\"https:\/\/news.google.com\/rss\/articles\/CBMifkFVX3lxTE5rQUJHS1F5czhkNmY3UU9OR1oycldaNHNYR0JnZjJaYkFRUXcxUjBfN3FZVXZhYXVpMC1ncnJRYy1HUlRGaU91anBaYXROdjdGbFc5WlZWd1RjVGtQT3p1TXFraDVlaGdROXFtUWhZZUtNX1pGZTFjYTJKeHdtUQ?oc=5\" target=\"_blank\" rel=\"nofollow noopener\">(+) \u2013 Det dobbelte av ei gjennom\u00adsnittsuke<\/a>&nbsp;&nbsp;fvn.no<\/li>\n<li><a href=\"https:\/\/news.google.com\/rss\/articles\/CBMilwFBVV95cUxNMEdqenFZdjdCaXRLUVBwRnFQdFNJenlGZ1VPUXU0X1lXOEdXUnlrbjFaZWNUNnhkbU10RVFHRzBnTlVnMWFwcFRHbm9UbGVHVGs3dVVkUlotRzhGcXBXOWRFREdoSk82dDVub04tVHp5YVJiNEs2V0liN3FoaGRqaThJNWxjZ2xxY2dTNWRyUUVSc00wZVpJ?oc=5\" target=\"_blank\" rel=\"nofollow noopener\">Pakketips og sendefrist fra \u00abnissens bakkontor\u00bb<\/a>&nbsp;&nbsp;TV2.no<\/li>\n<li><a href=\"https:\/\/news.google.com\/rss\/articles\/CBMid0FVX3lxTFBZcDQ5MzROcVRrWjI1N0NmbzZMSlBJVWdsNEFXd0FESXZ3aFJpbVlhaTVZTFV5U0ZodHBFbmFsMlZULUk4Q3NSNC1tbVlGSEpDV0gyWVR6Y3J0MUhTdHpZcE8tdTAwbERYcW1zRGhDZ1NMazdscWVv?oc=5\" target=\"_blank\" rel=\"nofollow noopener\">Pakker, Julehandel | Pakkekaos: \u2013 Verre for hvert \u00e5r!<\/a>&nbsp;&nbsp;Budstikka<\/li>\n<li><a href=\"https:\/\/news.google.com\/rss\/articles\/CBMipwFBVV95cUxQRVdXUEp5ZDYwaVc4d3RNdUIyNUFmajhsQ0IwcF9ybmZNVHZDSHNtSUJ5d1lrcXJkaGg0d3JqZGxtTHhyLWNYVTByZHlubnE3Yk5WcTF5ck0yMC00NkRIdEw5eVY2Vm1uRFJKMUMwQ3UzUWkwbWk4RDN6bzNSYzF4ZXZudEgySnowelVvbXlzNTEtb2RvcDNlY3g2ZlZQV0R2NHVUT1RDMA?oc=5\" target=\"_blank\" rel=\"nofollow noopener\">Rekordtravelt for posten: 2 millioner pakker p\u00e5 en uke<\/a>&nbsp;&nbsp;adressa.no<\/li>\n<\/ol>\n","protected":false},"excerpt":{"rendered":"\u00d8konomi og n\u00e6ringliv, Elverum | N\u00e5 er kaoset i gang: \u2013 De er blitt r\u00e5&nbsp;&nbsp;\u00d8stlendingen (+) \u2013 Det&hellip;\n","protected":false},"author":2,"featured_media":105028,"comment_status":"","ping_status":"","sticky":false,"template":"","format":"standard","meta":{"footnotes":""},"categories":[10],"tags":[20,21,24,25,15,22,23,13,30,28,29,14,16,26,27],"class_list":{"0":"post-105027","1":"post","2":"type-post","3":"status-publish","4":"format-standard","5":"has-post-thumbnail","7":"category-norge","8":"tag-breaking-news","9":"tag-breakingnews","10":"tag-featured-news","11":"tag-featurednews","12":"tag-headlines","13":"tag-latest-news","14":"tag-latestnews","15":"tag-news","16":"tag-no","17":"tag-norge","18":"tag-norway","19":"tag-nyheter","20":"tag-overskrifter","21":"tag-top-stories","22":"tag-topstories"},"share_on_mastodon":{"url":"","error":""},"_links":{"self":[{"href":"https:\/\/www.europesays.com\/no\/wp-json\/wp\/v2\/posts\/105027","targetHints":{"allow":["GET"]}}],"collection":[{"href":"https:\/\/www.europesays.com\/no\/wp-json\/wp\/v2\/posts"}],"about":[{"href":"https:\/\/www.europesays.com\/no\/wp-json\/wp\/v2\/types\/post"}],"author":[{"embeddable":true,"href":"https:\/\/www.europesays.com\/no\/wp-json\/wp\/v2\/users\/2"}],"replies":[{"embeddable":true,"href":"https:\/\/www.europesays.com\/no\/wp-json\/wp\/v2\/comments?post=105027"}],"version-history":[{"count":0,"href":"https:\/\/www.europesays.com\/no\/wp-json\/wp\/v2\/posts\/105027\/revisions"}],"wp:featuredmedia":[{"embeddable":true,"href":"https:\/\/www.europesays.com\/no\/wp-json\/wp\/v2\/media\/105028"}],"wp:attachment":[{"href":"https:\/\/www.europesays.com\/no\/wp-json\/wp\/v2\/media?parent=105027"}],"wp:term":[{"taxonomy":"category","embeddable":true,"href":"https:\/\/www.europesays.com\/no\/wp-json\/wp\/v2\/categories?post=105027"},{"taxonomy":"post_tag","embeddable":true,"href":"https:\/\/www.europesays.com\/no\/wp-json\/wp\/v2\/tags?post=105027"}],"curies":[{"name":"wp","href":"https:\/\/api.w.org\/{rel}","templated":true}]}}