{"id":105029,"date":"2025-12-05T13:42:24","date_gmt":"2025-12-05T13:42:24","guid":{"rendered":"https:\/\/www.europesays.com\/no\/105029\/"},"modified":"2025-12-05T13:42:24","modified_gmt":"2025-12-05T13:42:24","slug":"ferd-eiendom-har-brukt-over-120-millioner-pa-a-sikre-seg-utbyggingsareal","status":"publish","type":"post","link":"https:\/\/www.europesays.com\/no\/105029\/","title":{"rendered":"Ferd Eiendom har brukt over 120 millioner p\u00e5 \u00e5 sikre seg utbyggingsareal"},"content":{"rendered":"<p>\n        NYTT FERD-KJ\u00d8P: Ferd Eiendom har v\u00e6rt p\u00e5 d\u00f8ren hos de fleste hjemmelshaverne i Markalleen p\u00e5 H\u00f8vik. Nylig bladde selskapet opp 28 millioner kroner for denne eneboligen.<\/p>\n<p>    Har over tid kj\u00f8pt \u00e5tte eneboliger p\u00e5 H\u00f8vik. Tre gjenv\u00e6rende hjemmelshavere avgj\u00f8r om Ferd f\u00e5r sikret seg hele nabolaget.<\/p>\n<p>\n             Prisen er eks mva og betaling gj\u00f8res per faktura. Ved utl\u00f8p av pr\u00f8veperioden g\u00e5r abonnementet automatisk over i et \u00e5rsabonnement dersom det ikke sies opp.\n        <\/p>\n","protected":false},"excerpt":{"rendered":"NYTT FERD-KJ\u00d8P: Ferd Eiendom har v\u00e6rt p\u00e5 d\u00f8ren hos de fleste hjemmelshaverne i Markalleen p\u00e5 H\u00f8vik. Nylig bladde&hellip;\n","protected":false},"author":2,"featured_media":105030,"comment_status":"","ping_status":"","sticky":false,"template":"","format":"standard","meta":{"footnotes":""},"categories":[56],"tags":[60,61,62,30,28,29],"class_list":{"0":"post-105029","1":"post","2":"type-post","3":"status-publish","4":"format-standard","5":"has-post-thumbnail","7":"category-naeringsliv","8":"tag-business","9":"tag-economy","10":"tag-naeringsliv","11":"tag-no","12":"tag-norge","13":"tag-norway"},"share_on_mastodon":{"url":"https:\/\/pubeurope.com\/@no\/115667254834837950","error":""},"_links":{"self":[{"href":"https:\/\/www.europesays.com\/no\/wp-json\/wp\/v2\/posts\/105029","targetHints":{"allow":["GET"]}}],"collection":[{"href":"https:\/\/www.europesays.com\/no\/wp-json\/wp\/v2\/posts"}],"about":[{"href":"https:\/\/www.europesays.com\/no\/wp-json\/wp\/v2\/types\/post"}],"author":[{"embeddable":true,"href":"https:\/\/www.europesays.com\/no\/wp-json\/wp\/v2\/users\/2"}],"replies":[{"embeddable":true,"href":"https:\/\/www.europesays.com\/no\/wp-json\/wp\/v2\/comments?post=105029"}],"version-history":[{"count":0,"href":"https:\/\/www.europesays.com\/no\/wp-json\/wp\/v2\/posts\/105029\/revisions"}],"wp:featuredmedia":[{"embeddable":true,"href":"https:\/\/www.europesays.com\/no\/wp-json\/wp\/v2\/media\/105030"}],"wp:attachment":[{"href":"https:\/\/www.europesays.com\/no\/wp-json\/wp\/v2\/media?parent=105029"}],"wp:term":[{"taxonomy":"category","embeddable":true,"href":"https:\/\/www.europesays.com\/no\/wp-json\/wp\/v2\/categories?post=105029"},{"taxonomy":"post_tag","embeddable":true,"href":"https:\/\/www.europesays.com\/no\/wp-json\/wp\/v2\/tags?post=105029"}],"curies":[{"name":"wp","href":"https:\/\/api.w.org\/{rel}","templated":true}]}}