{"id":105037,"date":"2025-12-05T13:50:12","date_gmt":"2025-12-05T13:50:12","guid":{"rendered":"https:\/\/www.europesays.com\/no\/105037\/"},"modified":"2025-12-05T13:50:12","modified_gmt":"2025-12-05T13:50:12","slug":"statsminister-jonas-gahr-stores-fotballstrid-i-regjeringen","status":"publish","type":"post","link":"https:\/\/www.europesays.com\/no\/105037\/","title":{"rendered":"Statsminister Jonas Gahr St\u00f8res fotballstrid i regjeringen"},"content":{"rendered":"\n<p class=\"_lead_o9xde_2 _lead_xtcu6_50 layout-component text-serif-m layout-normal text-serif-l layout-component layout-wide layout-padded _wide_17hqh_1 layout-padded\">Det er fotballstrid i regjeringen:<\/p>\n<p><img alt=\" Foto: G\u00f8ran Bohlin \/ VG\" class=\"_image_qp4xg_65 layout-component layout-wide\" data-fullscreen- data-track-element-type=\"Article image fullscreen\" data-track-name=\"ImageFullscreen\" fetchpriority=\"high\" decoding=\"sync\" loading=\"eager\" height=\"3330\" itemprop=\"image\"  src=\"https:\/\/www.europesays.com\/no\/wp-content\/uploads\/2025\/12\/cb6200ef-e064-40b2-84cd-570fe8efa12a\"  style=\"object-position:36.82729115064175% 33.31831831831832%\" width=\"4441\"\/> Foto: G\u00f8ran Bohlin \/ VG<\/p>\n<ul aria-hidden=\"true\" class=\"_images_ntbth_112\">\n<li><a class=\"_link_ntbth_117\" href=\"https:\/\/www.vg.no\/forfatter\/bjoern-haugan\" style=\"z-index:1\" title=\"Bj\u00f8rn Haugan\" rel=\"nofollow noopener\" target=\"_blank\"><img alt=\"Bilde av Bj\u00f8rn Haugan\" class=\"_image_ntbth_93\" fetchpriority=\"low\" loading=\"lazy\" decoding=\"async\" itemprop=\"image\"  src=\"https:\/\/www.europesays.com\/no\/wp-content\/uploads\/2025\/12\/1764942609_303_6e157728-9e48-4dce-80f0-802581687058\"  width=\"480\"\/><\/a><\/li>\n<\/ul>\n<p> Oppdatert fredag 5. desember kl. 14:21    <\/p>\n<ul class=\"_list_o9xde_3 _list_64s2r_85 _unordered_o9xde_106 text-sans-m\">\n<li class=\"_item_o9xde_30\">Regjeringen er i fotballstrid om hvem som er best: Martin \u00d8degaard eller Erling Braut Haaland.<\/li>\n<li class=\"_item_o9xde_30\">Statsminister Jonas Gahr St\u00f8re velger \u00d8degaard, mens kunnskapsminister Kari Nessa Nordtun mener Haaland er best.<\/li>\n<\/ul>\n<p>Vis mer <\/p>\n<p class=\"_paragraph_o9xde_4 _paragraph_xtcu6_10 layout-component text-serif-m layout-normal text-serif-m layout-padded\">Om hvem som er best av de to norske verdensstjernene, Martin \u00d8degaard (26) eller Erling Braut Haaland (25).<\/p>\n<p class=\"_paragraph_o9xde_4 _paragraph_xtcu6_10 layout-component text-serif-m layout-normal text-serif-m layout-padded\">\u2013 Haaland er klart best, sier St\u00f8res kunnskapsminister, Kari Nessa Nordtun:<\/p>\n<p class=\"_paragraph_o9xde_4 _paragraph_xtcu6_10 layout-component text-serif-m layout-normal text-serif-m layout-padded\">Torsdagens fotball-uttalelser fra statsminister <a href=\"https:\/\/www.vg.no\/tag\/jonas-gahr-stoere?utm_source=vg-article&amp;utm_medium=auto-tagger&amp;utm_campaign=3pj4PL\" class=\"_link_o9xde_39\" rel=\"nofollow noopener\" target=\"_blank\">Jonas Gahr St\u00f8re<\/a> blir m\u00f8tt med reaksjoner &#8211; langt inn i egne rekker.<\/p>\n<p class=\"_paragraph_o9xde_4 _paragraph_xtcu6_10 layout-component text-serif-m layout-normal text-serif-m layout-padded\">St\u00f8re pekte p\u00e5 landslagskaptein og Arsenal-kaptein Martin \u00d8degaard da vi <a href=\"https:\/\/www.vg.no\/nyheter\/i\/zOLGGv\/oedegaard-eller-haaland-oedegaard-er-best\" data-track-element-type=\"Link\" data-track-id=\"link:zOLGGv\" class=\"_link_o9xde_39\" rel=\"nofollow noopener\" target=\"_blank\">utfordret ham og den britiske statsministeren<\/a> om hvem som er best av Norges to profilerte verdensstjerner, \u00d8degaard og tidenes m\u00e5lscorer i Premier Leaguetidenes m\u00e5lscorer i Premier LeagueDen som har brukt f\u00e6rrest kamper p\u00e5 \u00e5 n\u00e5 hundre m\u00e5l., Erling Braut Haaland.<\/p>\n<p><img alt=\"Foto: Helge Mikalsen \/ VG\" class=\"_image_qp4xg_65 layout-component layout-normal\" data-fullscreen- data-track-element-type=\"Article image fullscreen\" data-track-name=\"ImageFullscreen\" decoding=\"async\" loading=\"lazy\" height=\"5479\" itemprop=\"image\"  src=\"https:\/\/www.europesays.com\/no\/wp-content\/uploads\/2025\/12\/4e9ec1f7-2863-4200-803c-4f8cf9625c7b\"  style=\"object-position:0% 0%\" width=\"7690\"\/>Foto: Helge Mikalsen \/ VG<\/p>\n<p class=\"_paragraph_o9xde_4 _paragraph_xtcu6_10 layout-component text-serif-m layout-normal text-serif-m layout-padded\">St\u00f8re sa dette:<\/p>\n<p class=\"_paragraph_o9xde_4 _paragraph_xtcu6_10 layout-component text-serif-m layout-normal text-serif-m layout-padded\">\u2013 De er begge i verdensklasse, s\u00e5 dette er jevnt:<\/p>\n<p class=\"_paragraph_o9xde_4 _paragraph_xtcu6_10 layout-component text-serif-m layout-normal text-serif-m layout-padded\">\u2013 Jeg vil veldig gjerne hylle begge to, men presser du meg opp i et hj\u00f8rne, s\u00e5 m\u00e5 jeg nok si at det \u00e5 bli kaptein p\u00e5 et s\u00e5 stort lag som Arsenal, og innta den rollen som leder og ledende spiller som Martin \u00d8degaard gj\u00f8r, det holder jeg en ekstra knapp p\u00e5.<\/p>\n<p class=\"_paragraph_o9xde_4 _paragraph_xtcu6_10 layout-component text-serif-m layout-normal text-serif-m layout-padded\">Han mener at Haaland \u00abkanskje er den beste spissen i verden for tiden\u00bb, men i sin helhetsvurdering av fotballegenskaper og lederegenskaper, endte han med \u00e5 peke p\u00e5 \u00d8degaard.<\/p>\n<p class=\"_paragraph_o9xde_4 _paragraph_xtcu6_10 layout-component text-serif-m layout-normal text-serif-m layout-padded\">Hans kunnskapsminister har lest hva han sa. Og er oppgitt.<\/p>\n<p class=\"_paragraph_o9xde_4 _paragraph_xtcu6_10 layout-component text-serif-m layout-normal text-serif-m layout-padded\">\u2013 Det som er bra med fotball er at alle kan v\u00e6re eksperter, ogs\u00e5 statsministre, sier hun:<\/p>\n<p><img alt=\"Ikke helt p\u00e5 samme lag i den p\u00e5g\u00e5ende fotballstriden.  Foto: Helge Mikalsen \/ VG\" class=\"_image_qp4xg_65 layout-component layout-normal\" data-fullscreen- data-track-element-type=\"Article image fullscreen\" data-track-name=\"ImageFullscreen\" decoding=\"async\" loading=\"lazy\" height=\"5176\" itemprop=\"image\"  src=\"https:\/\/www.europesays.com\/no\/wp-content\/uploads\/2025\/12\/75e494db-f930-4fce-a771-8dfdf5ad75a4\"  style=\"object-position:0% 0%\" width=\"7313\"\/>Ikke helt p\u00e5 samme lag i den p\u00e5g\u00e5ende fotballstriden.  Foto: Helge Mikalsen \/ VG<\/p>\n<p class=\"_paragraph_o9xde_4 _paragraph_xtcu6_10 layout-component text-serif-m layout-normal text-serif-m layout-padded\">\u2013 Jeg er enig i at \u00d8degaard er en utrolig god spiller og kaptein b\u00e5de p\u00e5 landslaget og klubblaget; en str\u00e5lende spiller med gode holdninger. Men det er bom av St\u00f8re \u00e5 mene at han er bedre fotballspiller enn Erling Braut Haaland:<\/p>\n<p class=\"_paragraph_o9xde_4 _paragraph_xtcu6_10 layout-component text-serif-m layout-normal text-serif-m layout-padded\">\u2013 Det er greit \u00e5 v\u00e6re god tilrettelegger, men noen m\u00e5 sette ballen i m\u00e5l og det er det ingen i verden som gj\u00f8r bedre akkurat n\u00e5, enn Brauten, sier hun og viser til scoringsrekorden han satte i helgen:<\/p>\n<p class=\"_paragraph_o9xde_4 _paragraph_xtcu6_10 layout-component text-serif-m layout-normal text-serif-m layout-padded\">Haaland er den spilleren i Premier League-historien som har brukt f\u00e6rrest kamper p\u00e5 \u00e5 score 100 m\u00e5l.<\/p>\n<p><img alt=\"Foto: Bj\u00f8rn S. Delebekk \/ VG\" class=\"_image_qp4xg_65 layout-component layout-normal\" data-fullscreen- data-track-element-type=\"Article image fullscreen\" data-track-name=\"ImageFullscreen\" decoding=\"async\" loading=\"lazy\" height=\"3592\" itemprop=\"image\"  src=\"https:\/\/www.europesays.com\/no\/wp-content\/uploads\/2025\/12\/44c624d8-d287-4e1a-938a-7d3ca59c4874\"  style=\"object-position:0% 0%\" width=\"5392\"\/>Foto: Bj\u00f8rn S. Delebekk \/ VG<\/p>\n<p class=\"_paragraph_o9xde_4 _paragraph_xtcu6_10 layout-component text-serif-m layout-normal text-serif-m layout-padded\">Kunnskapsministeren har kunnskap.<\/p>\n<p class=\"_paragraph_o9xde_4 _paragraph_xtcu6_10 layout-component text-serif-m layout-normal text-serif-m layout-padded\">\u2013 Han satte rekorder i Salzburg, i Dortmund og har b\u00f8ttet inn i Manchester. For ikke \u00e5 snakke om p\u00e5 landslaget, hvor han scorer oftere enn han tar p\u00e5 seg landslagsdraktenscorer oftere enn han tar p\u00e5 seg landslagsdraktenHun har rett. Han har 55 m\u00e5l p\u00e5 48 kamper for det norske landslaget..<\/p>\n<p class=\"_paragraph_o9xde_4 _paragraph_xtcu6_10 layout-component text-serif-m layout-normal text-serif-m layout-padded\">\u2013 Du er fra Rogaland, som Haaland, og det m\u00e5 nok unders\u00f8kes om du er dundrende inhabil?<\/p>\n<p class=\"_paragraph_o9xde_4 _paragraph_xtcu6_10 layout-component text-serif-m layout-normal text-serif-m layout-padded\">Hun ler og bekrefter det til gangs.<\/p>\n<p class=\"_paragraph_o9xde_4 _paragraph_xtcu6_10 layout-component text-serif-m layout-normal text-serif-m layout-padded\">\u2013 Det er riktig. Min mann spilte i Bryne til 2013. Da var Erling p\u00e5 G14-laget til Bryne og min mann var trener i valgfag fotball p\u00e5 ungdomsskolen for Erling.<\/p>\n<p class=\"_paragraph_o9xde_4 _paragraph_xtcu6_10 layout-component text-serif-m layout-normal text-serif-m layout-padded\">\u2013 Men, sier hun:<\/p>\n<p class=\"_paragraph_o9xde_4 _paragraph_xtcu6_10 layout-component text-serif-m layout-normal text-serif-m layout-padded\">\u2013 Min vurdering er likevel best. Det er klink Haaland foran \u00d8degaard. Haaland kan i \u00e5r bli k\u00e5ret til verdens beste spillerverdens beste spillerK\u00e5ringen skjer neste \u00e5r.. Da er han i hvert fall Norges beste. Han representerer j\u00e6rsk drivkraft hvor ingenting er umulig.<\/p>\n<p><img alt=\"\" class=\"_image_qp4xg_65 layout-component layout-normal\" data-fullscreen- data-track-element-type=\"Article image fullscreen\" data-track-name=\"ImageFullscreen\" decoding=\"async\" loading=\"lazy\" height=\"1536\" itemprop=\"image\"  src=\"https:\/\/www.europesays.com\/no\/wp-content\/uploads\/2025\/12\/1f10181c-f41d-45a2-b2d9-ef96a859f7eb\"  style=\"object-position:0% 0%\" width=\"2048\"\/>\u2013 Kommer til kvartfinalen<\/p>\n<p class=\"_paragraph_o9xde_4 _paragraph_xtcu6_10 layout-component text-serif-m layout-normal text-serif-m layout-padded\">Kunnskapsministeren fremholder at hun har vist passe objektiv kunnskapsforst\u00e5else om fotball f\u00f8r.<\/p>\n<p class=\"_paragraph_o9xde_4 _paragraph_xtcu6_10 layout-component text-serif-m layout-normal text-serif-m layout-padded\">\u2013 Jeg sa til lokalavisen i fjor at vi ville vinne stortingsvalget og at Viking ville vinne serien. Vi vant valget og Viking ble seriemestere.<\/p>\n<p class=\"_paragraph_o9xde_4 _paragraph_xtcu6_10 layout-component text-serif-m layout-normal text-serif-m layout-padded\">\u2013 Da gir vi deg anledning til \u00e5 fortelle det norske folk hvor langt det norske laget vil n\u00e5 i VM til sommeren?<\/p>\n<p class=\"_paragraph_o9xde_4 _paragraph_xtcu6_10 layout-component text-serif-m layout-normal text-serif-m layout-padded\">\u2013 Hele Norge vil sette seg foran TV-en og heie frem Norge helt fra trekningen i kveld og frem til sluttspillet. Det vil v\u00e6re herlig samlende for landet v\u00e5rt.<\/p>\n<p class=\"_paragraph_o9xde_4 _paragraph_xtcu6_10 layout-component text-serif-m layout-normal text-serif-m layout-padded\">\u2013 Sluttspillet?<\/p>\n<p class=\"_paragraph_o9xde_4 _paragraph_xtcu6_10 layout-component text-serif-m layout-normal text-serif-m layout-padded\">\u2013 Ja, vi kommer til kvartfinalen.<\/p>\n","protected":false},"excerpt":{"rendered":"Det er fotballstrid i regjeringen: Foto: G\u00f8ran Bohlin \/ VG Oppdatert fredag 5. desember kl. 14:21 Regjeringen er&hellip;\n","protected":false},"author":2,"featured_media":105038,"comment_status":"","ping_status":"","sticky":false,"template":"","format":"standard","meta":{"footnotes":""},"categories":[10],"tags":[20,21,810,24,25,92,15,201,1688,22,23,181,13,30,28,281,29,14,16,26,27],"class_list":{"0":"post-105037","1":"post","2":"type-post","3":"status-publish","4":"format-standard","5":"has-post-thumbnail","7":"category-norge","8":"tag-breaking-news","9":"tag-breakingnews","10":"tag-erling-braut-haaland","11":"tag-featured-news","12":"tag-featurednews","13":"tag-fotball","14":"tag-headlines","15":"tag-jonas-gahr-store","16":"tag-kari-nessa-nordtun","17":"tag-latest-news","18":"tag-latestnews","19":"tag-martin-odegaard","20":"tag-news","21":"tag-no","22":"tag-norge","23":"tag-norsk-politikk","24":"tag-norway","25":"tag-nyheter","26":"tag-overskrifter","27":"tag-top-stories","28":"tag-topstories"},"share_on_mastodon":{"url":"https:\/\/pubeurope.com\/@no\/115667286694742082","error":""},"_links":{"self":[{"href":"https:\/\/www.europesays.com\/no\/wp-json\/wp\/v2\/posts\/105037","targetHints":{"allow":["GET"]}}],"collection":[{"href":"https:\/\/www.europesays.com\/no\/wp-json\/wp\/v2\/posts"}],"about":[{"href":"https:\/\/www.europesays.com\/no\/wp-json\/wp\/v2\/types\/post"}],"author":[{"embeddable":true,"href":"https:\/\/www.europesays.com\/no\/wp-json\/wp\/v2\/users\/2"}],"replies":[{"embeddable":true,"href":"https:\/\/www.europesays.com\/no\/wp-json\/wp\/v2\/comments?post=105037"}],"version-history":[{"count":0,"href":"https:\/\/www.europesays.com\/no\/wp-json\/wp\/v2\/posts\/105037\/revisions"}],"wp:featuredmedia":[{"embeddable":true,"href":"https:\/\/www.europesays.com\/no\/wp-json\/wp\/v2\/media\/105038"}],"wp:attachment":[{"href":"https:\/\/www.europesays.com\/no\/wp-json\/wp\/v2\/media?parent=105037"}],"wp:term":[{"taxonomy":"category","embeddable":true,"href":"https:\/\/www.europesays.com\/no\/wp-json\/wp\/v2\/categories?post=105037"},{"taxonomy":"post_tag","embeddable":true,"href":"https:\/\/www.europesays.com\/no\/wp-json\/wp\/v2\/tags?post=105037"}],"curies":[{"name":"wp","href":"https:\/\/api.w.org\/{rel}","templated":true}]}}