{"id":105050,"date":"2025-12-05T14:03:09","date_gmt":"2025-12-05T14:03:09","guid":{"rendered":"https:\/\/www.europesays.com\/no\/105050\/"},"modified":"2025-12-05T14:03:09","modified_gmt":"2025-12-05T14:03:09","slug":"kjell-inge-rokke-har-ankommet-oslo-tingrett-dagens-naeringsliv","status":"publish","type":"post","link":"https:\/\/www.europesays.com\/no\/105050\/","title":{"rendered":"Kjell Inge R\u00f8kke har ankommet Oslo tingrett &#8211; Dagens N\u00e6ringsliv"},"content":{"rendered":"<ol>\n<li><a href=\"https:\/\/news.google.com\/rss\/articles\/CBMi_AFBVV95cUxOMWF2V05oUW0xZHU4NG5XX0ZSU1U5YktPX2N5bkdsd1FHUTFPVlJQejZEM2psTGs2a3AtSHAxMkdQSXA5bEFTa2VJRWk3cVN0UkxKRnlaX1BaMnZtMjlrNUc5Nl9ZWGlMdEpTWkFYLVp6Qy1xMDJaeGtLaG1jUkloakpjc2xYOFk4MW9iZGtpclNoZllIQjJ2NlRDU3YyVzk1dXpyNzVXODFHWXFQbVZLVjJMRmI0M2RrbmRFejBVVVQ2QTFEQW5JZTRPd3BCVExWZ3hIN0hRLXdoZ3IxWWlqNjg1Ml82X0VMSlZtS2VYSHpTd1JZTzdERHdOMEY?oc=5\" target=\"_blank\" rel=\"nofollow noopener\">Kjell Inge R\u00f8kke har ankommet Oslo tingrett<\/a>&nbsp;&nbsp;Dagens N\u00e6ringsliv<\/li>\n<li><a href=\"https:\/\/news.google.com\/rss\/articles\/CBMilgFBVV95cUxPZUR3Z2VCTFltdHpuTy1xUXNvWGJwM0VsZDZwQVgteHo2eWhRT1d1ejhsUl9TVWdFUlNrVXc2SnBweVUxSW9zQ1FrempaU0Z6cElvaVpiOURlZUoybkRsQW9mZ0lNWEtMWWZFZFlpUzZEa00tbzlnRFUtSTRNYlBQaEY2eHNsNlctVlNaSy1xVm9Ba2JBTnc?oc=5\" target=\"_blank\" rel=\"nofollow noopener\">R\u00f8kke utelukker Norge-comeback: \u2013 Det gj\u00f8r jeg aldri<\/a>&nbsp;&nbsp;E24<\/li>\n<li><a href=\"https:\/\/news.google.com\/rss\/articles\/CBMikwFBVV95cUxQVlpVYVdJbGFXTHhZY0czT0ZkcjR5b3hEb050T1ZyTE9TRUpMejV2SzJFVnJLYmE4ZVNPbG5aZndGdmdsX0pqSmdCWXpDZjVXZ1V4NjdxbGNkbDd4N1VWTHZRNHpUNGtxM3JQWVh5UGc0VzlUYkFWemhNczl0RXVucUJtUDNPRVBiUVJMelk5NDk1VVU?oc=5\" target=\"_blank\" rel=\"nofollow noopener\">Kjell Inge R\u00f8kke vitnar i Solstad Offshore-konflikten<\/a>&nbsp;&nbsp;NRK<\/li>\n<li><a href=\"https:\/\/news.google.com\/rss\/articles\/CBMi0AFBVV95cUxPdmtEN29TeUUtMFZXemxiUnFkU3NTYmpyblJyNW1XZmlkdkVpUUVvVmxDZnFPZ3FBQ3BSYW1fR1lFNEd0SGhDSkhJZmFBc2FBREI4U201OVR5ak5HRTVKSXV0cFBHTVpaVFNmaUg4cjFvaWFzUENnSi1HQk14bzlFU0xYZFA3cVk0WGRVX0dEZHhpWWZJQTB2NlRFV190U1hpa3NnZmY0VjA4Sm5FelJENjFEakVWaWFyWVMtc3Buc0NSV3dKV0xOSzA2RnN0NUda?oc=5\" target=\"_blank\" rel=\"nofollow noopener\">R\u00f8kke om trusselanklager: \u2013 Br\u00f8l fra en papirtiger<\/a>&nbsp;&nbsp;Dagens N\u00e6ringsliv<\/li>\n<li><a href=\"https:\/\/news.google.com\/rss\/articles\/CBMifEFVX3lxTE9zUUlweER4NjQyTjlISnU1OEN0d09JdUdYcEhrR3Y2XzVuVlRObWpUSzZFNjFldkp6dkFENkJSb0JldTA4ZlJiUmowMEdhWTNYa3pUU29hS180VDJvbTRjR3o1bVBCOWpoMFhSNmlLaVkwSFZPbjdXN084YlU?oc=5\" target=\"_blank\" rel=\"nofollow noopener\">Bitter strid: M\u00f8ter i retten<\/a>&nbsp;&nbsp;Dagbladet<\/li>\n<\/ol>\n","protected":false},"excerpt":{"rendered":"Kjell Inge R\u00f8kke har ankommet Oslo tingrett&nbsp;&nbsp;Dagens N\u00e6ringsliv R\u00f8kke utelukker Norge-comeback: \u2013 Det gj\u00f8r jeg aldri&nbsp;&nbsp;E24 Kjell Inge&hellip;\n","protected":false},"author":2,"featured_media":6968,"comment_status":"","ping_status":"","sticky":false,"template":"","format":"standard","meta":{"footnotes":""},"categories":[56],"tags":[60,61,62,30,28,29],"class_list":{"0":"post-105050","1":"post","2":"type-post","3":"status-publish","4":"format-standard","5":"has-post-thumbnail","7":"category-naeringsliv","8":"tag-business","9":"tag-economy","10":"tag-naeringsliv","11":"tag-no","12":"tag-norge","13":"tag-norway"},"share_on_mastodon":{"url":"https:\/\/pubeurope.com\/@no\/115667337377461555","error":""},"_links":{"self":[{"href":"https:\/\/www.europesays.com\/no\/wp-json\/wp\/v2\/posts\/105050","targetHints":{"allow":["GET"]}}],"collection":[{"href":"https:\/\/www.europesays.com\/no\/wp-json\/wp\/v2\/posts"}],"about":[{"href":"https:\/\/www.europesays.com\/no\/wp-json\/wp\/v2\/types\/post"}],"author":[{"embeddable":true,"href":"https:\/\/www.europesays.com\/no\/wp-json\/wp\/v2\/users\/2"}],"replies":[{"embeddable":true,"href":"https:\/\/www.europesays.com\/no\/wp-json\/wp\/v2\/comments?post=105050"}],"version-history":[{"count":0,"href":"https:\/\/www.europesays.com\/no\/wp-json\/wp\/v2\/posts\/105050\/revisions"}],"wp:featuredmedia":[{"embeddable":true,"href":"https:\/\/www.europesays.com\/no\/wp-json\/wp\/v2\/media\/6968"}],"wp:attachment":[{"href":"https:\/\/www.europesays.com\/no\/wp-json\/wp\/v2\/media?parent=105050"}],"wp:term":[{"taxonomy":"category","embeddable":true,"href":"https:\/\/www.europesays.com\/no\/wp-json\/wp\/v2\/categories?post=105050"},{"taxonomy":"post_tag","embeddable":true,"href":"https:\/\/www.europesays.com\/no\/wp-json\/wp\/v2\/tags?post=105050"}],"curies":[{"name":"wp","href":"https:\/\/api.w.org\/{rel}","templated":true}]}}