{"id":105064,"date":"2025-12-05T14:18:14","date_gmt":"2025-12-05T14:18:14","guid":{"rendered":"https:\/\/www.europesays.com\/no\/105064\/"},"modified":"2025-12-05T14:18:14","modified_gmt":"2025-12-05T14:18:14","slug":"slik-ser-hun-ikke-ut-lenger-2","status":"publish","type":"post","link":"https:\/\/www.europesays.com\/no\/105064\/","title":{"rendered":"Slik ser hun ikke ut lenger"},"content":{"rendered":"<p class=\"kicker \" style=\"\">Sophie Elise Isachsen:<\/p>\n<p>  Influenseren har g\u00e5tt gjennom en forandring, og de lyse lokkene er en saga blott &#8211; i alle fall for n\u00e5.<\/p>\n<p>\n    BLONDE LOKKER: Sophie Elise Isachsen hadde en lys og varm farge i h\u00e5ret i august. N\u00e5 ser hun annerledes ut. Foto: Andreas Fadum \/ Se og H\u00f8r\n  <\/p>\n<p>Forandring fryder, er det mange som sier &#8211; og det er vel sjelden s\u00e5 sant som n\u00e5r man gj\u00f8r en endring p\u00e5 utseendet. Om det er en ny klipp, en ny h\u00e5rfarge eller et nytt sett med negler &#8211; det er sjelden kvinner f\u00f8ler seg \u00abfreshere\u00bb enn etter slike behandlinger.<\/p>\n<p>    <a itemprop=\"url\" href=\"https:\/\/www.seher.no\/kjendis\/et-mareritt\/83890274\" rel=\"nofollow noopener\" target=\"_blank\"><\/p>\n<p>      <img loading=\"lazy\" decoding=\"async\" src=\"https:\/\/www.europesays.com\/no\/wp-content\/uploads\/2025\/12\/1764944293_679_83890352.webp\" width=\"147\" height=\"98\" title=\"- Et mareritt\" alt=\"\" class=\"lazyload\" style=\"--aspect-ratio-image: 1.50; \"\/><\/p>\n<p>        &#8211; Et mareritt<\/p>\n<p>    <\/a><\/p>\n<p>N\u00e5r det gjelder h\u00e5ret skal det heller ikke mye til f\u00f8r man f\u00f8ler p\u00e5 forandring. For mange er h\u00e5ret sterkt knyttet til identitet, og det \u00e5 klippe noen centimeter kan for noen opplever som en enorm endring.<\/p>\n<p>        SJOKKERT: Trygve Bennetsen r\u00f8pet seg om at Sophie Elise var p\u00e5 et annet opptak, da f\u00f8rste episode av \u00abMaskorama\u00bb ble sendt. Video: Nora Skavhaug\/R\u00f8d l\u00f8per. Reporter: Thea Hope\/R\u00f8d l\u00f8per<\/p>\n<p>Influenser og forfatter <a href=\"https:\/\/www.seher.no\/kjendis\/ikke-verdt-det\/83919472\" rel=\"nofollow noopener\" target=\"_blank\">Sophie Elise Isachsen (30) <\/a>har il\u00f8pet av livet v\u00e6rt innom flere forskjellige frisyrer. Hun har hatt lange, blonde lokker, hun har hatt en kort bob-frisyre, og hun har eksperimentert med flere ulike farger.<\/p>\n<p>          <img loading=\"lazy\" decoding=\"async\" src=\"https:\/\/www.europesays.com\/no\/wp-content\/uploads\/2025\/12\/83944406.webp\" width=\"686\" height=\"954\" title=\"GJEMT BORT: Sophie Elise ville f\u00f8rst gi f\u00f8lgerne et lite hint, f\u00f8r hun r\u00f8pet endringen. Foto: @sophizzleyo \/ Snapchat\" alt=\"\" class=\"\" style=\"--aspect-ratio-image: 0.72; \"\/><\/p>\n<p>\n          GJEMT BORT: Sophie Elise ville f\u00f8rst gi f\u00f8lgerne et lite hint, f\u00f8r hun r\u00f8pet endringen. Foto: @sophizzleyo \/ Snapchat\n      <\/p>\n<p>Men &#8211; hun har aldri lagt skjul p\u00e5 at det er blondt som f\u00f8les mest riktig for henne. Hun har, hver gang hun har blitt m\u00f8rkere, returnert til sin blonde manke.<\/p>\n<p>&#8211; Enten \u00e5 bleke, eller dette\t<\/p>\n<p>Derfor var det nok flere av f\u00f8lgerne hennes som ble overrasket da hun la ut p\u00e5 Snapchat at hun hadde f\u00e5tt ny h\u00e5rfarge.<\/p>\n<p>    <a itemprop=\"url\" href=\"https:\/\/www.seher.no\/kjendis\/ferdig-med-a-unnskylde-meg\/83692257\" rel=\"nofollow noopener\" target=\"_blank\"><\/p>\n<p>      <img loading=\"lazy\" decoding=\"async\" src=\"https:\/\/www.europesays.com\/no\/wp-content\/uploads\/2025\/12\/1764944293_145_83691065.webp\" width=\"980\" height=\"441\" title=\"- Ferdig med \u00e5 unnskylde meg\" alt=\"\" class=\"lazyload\" style=\"--aspect-ratio-image: 2.22; \"\/><\/p>\n<p>        &#8211; Ferdig med \u00e5 unnskylde meg<\/p>\n<p>    <\/a><\/p>\n<p>N\u00e5 har hun valgt en helt m\u00f8rk farge, som st\u00e5r i sterk kontrast til den blonde fargen man er blitt vant til \u00e5 se henne med.<\/p>\n<p>          <img loading=\"lazy\" decoding=\"async\" src=\"https:\/\/www.europesays.com\/no\/wp-content\/uploads\/2025\/12\/83944480.webp\" width=\"686\" height=\"728\" title=\"M\u00d8RK: N\u00e5 er Sophie Elise offisielt brunette! Foto: @sophizzleyo \/ Snapchat\" alt=\"\" class=\"\" style=\"--aspect-ratio-image: 0.94; \"\/><\/p>\n<p>\n          M\u00d8RK: N\u00e5 er Sophie Elise offisielt brunette! Foto: @sophizzleyo \/ Snapchat\n      <\/p>\n<p>&#8211; Jeg har farget h\u00e5ret tilbake til min naturlige farge &#8211; jeg har alltid v\u00e6rt m\u00f8rk, men ble veldig m\u00f8rk etter \u00e5 ha v\u00e6rt gravid. Og n\u00e5 var det mye forskjellige ting som skjedde i h\u00e5ret p\u00e5 en gang, s\u00e5 det var enten \u00e5 bleke, eller dette, forklarer hun p\u00e5 Snapchat, og henviser til den n\u00e5 m\u00f8rke frisyren.<\/p>\n<p>        LEKER: Vi har v\u00e6rt p\u00e5 TV 2s h\u00f8stlansering, og igjen er det kjendisene selv som stiller de vonde sp\u00f8rsm\u00e5lene. Video: Kine Falch\/ Thea Hope<\/p>\n<p>Hun sier ogs\u00e5 at flere venninner har vendt tilbake til sin naturlig farge den siste tiden, og at det inspirerte henne.<\/p>\n<p>&#8211; Jeg pr\u00f8ver \u00e5 overbevise meg selv om at det naturlige kler en best.<\/p>\n<p>Hun er \u00e6rlig om at hun trolig kommer til \u00e5 farge h\u00e5ret blondt igjen p\u00e5 et tidspunkt, og erkjenner at fris\u00f8ren hennes ogs\u00e5 vet det.<\/p>\n<p>&#8211; Det f\u00f8les fortsatt litt som en parykk og jeg m\u00e5 venne meg til det.<\/p>\n<p>    <a itemprop=\"url\" href=\"https:\/\/www.seher.no\/kjendis\/lite-fokus-pa-nytelse\/83512639\" rel=\"nofollow noopener\" target=\"_blank\"><\/p>\n<p>      <img loading=\"lazy\" decoding=\"async\" src=\"https:\/\/www.europesays.com\/no\/wp-content\/uploads\/2025\/12\/83510863.webp\" width=\"147\" height=\"98\" title=\"- Lite fokus p\u00e5 nytelse\" alt=\"\" class=\"lazyload\" style=\"--aspect-ratio-image: 1.50; \"\/><\/p>\n<p>        &#8211; Lite fokus p\u00e5 nytelse<\/p>\n<p>    <\/a><\/p>\n<p>La ikke merke til det\t<\/p>\n<p>Sophie Elise er nok blant de kvinnene som knyttet mye identitet opp mot h\u00e5r. Hun snakker s\u00e5 vidt om det ogs\u00e5 p\u00e5 Snapchat.<\/p>\n<p>&#8211; Selv om jeg er naturlig m\u00f8rk har jeg alltid knyttet s\u00e5 mye kj\u00e6rlighet opp mot \u00e5 v\u00e6re blond, og sett opp til den playmate-greia. S\u00e5 n\u00e5 har jeg g\u00e5tt over til den m\u00f8rke siden til tross!<\/p>\n<p>          <img loading=\"lazy\" decoding=\"async\" src=\"https:\/\/www.europesays.com\/no\/wp-content\/uploads\/2025\/12\/83944542.webp\" width=\"686\" height=\"748\" title=\"M\u00d8RK: Sophie Elise har v\u00e6rt m\u00f8rk f\u00f8r, men det begynner \u00e5 bli en god stund siden. Foto: @sophizzleyo \/ Snapchat\" alt=\"\" class=\"\" style=\"--aspect-ratio-image: 0.92; \"\/><\/p>\n<p>\n          M\u00d8RK: Sophie Elise har v\u00e6rt m\u00f8rk f\u00f8r, men det begynner \u00e5 bli en god stund siden. Foto: @sophizzleyo \/ Snapchat\n      <\/p>\n<p>Hun sp\u00f8ker om at det blir enklere \u00e5 bli vant til om hun f\u00e5r komplimenter fra f\u00f8lgerne sine &#8211; og de kom i fleng.<\/p>\n<p>I storyer som Se og H\u00f8r har sett renner det inn med kommentarer om hvor godt hun kler den m\u00f8rke fargen.\u00a0<\/p>\n<p>        \u00abGIRLS OF OSLO\u00bb: Sophie Elise \u00e5pner seg om det ferske bruddet. Video: \u00abGirls of Oslo\u00bb\/Prime Video<\/p>\n<p>Se og H\u00f8r har v\u00e6rt i kontakt med Sophie Elise, og har spurt om hvordan Helmer reagerte p\u00e5 \u00e5 se mamma med m\u00f8rkt h\u00e5r.<\/p>\n<p>\u00abHelmer la ikke merke til det haha\u00bb, skriver hun i en SMS.<\/p>\n<p>N\u00e5 gjenst\u00e5r det \u00e5 se hvor lenge influenseren beholder den nye frisyren.<\/p>\n","protected":false},"excerpt":{"rendered":"Sophie Elise Isachsen: Influenseren har g\u00e5tt gjennom en forandring, og de lyse lokkene er en saga blott &#8211;&hellip;\n","protected":false},"author":2,"featured_media":105065,"comment_status":"","ping_status":"","sticky":false,"template":"","format":"standard","meta":{"footnotes":""},"categories":[58],"tags":[4944,4104,71,13175,479,30,28,29,2828,72],"class_list":{"0":"post-105064","1":"post","2":"type-post","3":"status-publish","4":"format-standard","5":"has-post-thumbnail","7":"category-underholdning","8":"tag-brunette","9":"tag-eksklusivt","10":"tag-entertainment","11":"tag-harfarge","12":"tag-kjendis","13":"tag-no","14":"tag-norge","15":"tag-norway","16":"tag-sophie-elise","17":"tag-underholdning"},"share_on_mastodon":{"url":"https:\/\/pubeurope.com\/@no\/115667396702040527","error":""},"_links":{"self":[{"href":"https:\/\/www.europesays.com\/no\/wp-json\/wp\/v2\/posts\/105064","targetHints":{"allow":["GET"]}}],"collection":[{"href":"https:\/\/www.europesays.com\/no\/wp-json\/wp\/v2\/posts"}],"about":[{"href":"https:\/\/www.europesays.com\/no\/wp-json\/wp\/v2\/types\/post"}],"author":[{"embeddable":true,"href":"https:\/\/www.europesays.com\/no\/wp-json\/wp\/v2\/users\/2"}],"replies":[{"embeddable":true,"href":"https:\/\/www.europesays.com\/no\/wp-json\/wp\/v2\/comments?post=105064"}],"version-history":[{"count":0,"href":"https:\/\/www.europesays.com\/no\/wp-json\/wp\/v2\/posts\/105064\/revisions"}],"wp:featuredmedia":[{"embeddable":true,"href":"https:\/\/www.europesays.com\/no\/wp-json\/wp\/v2\/media\/105065"}],"wp:attachment":[{"href":"https:\/\/www.europesays.com\/no\/wp-json\/wp\/v2\/media?parent=105064"}],"wp:term":[{"taxonomy":"category","embeddable":true,"href":"https:\/\/www.europesays.com\/no\/wp-json\/wp\/v2\/categories?post=105064"},{"taxonomy":"post_tag","embeddable":true,"href":"https:\/\/www.europesays.com\/no\/wp-json\/wp\/v2\/tags?post=105064"}],"curies":[{"name":"wp","href":"https:\/\/api.w.org\/{rel}","templated":true}]}}