{"id":105066,"date":"2025-12-05T14:23:06","date_gmt":"2025-12-05T14:23:06","guid":{"rendered":"https:\/\/www.europesays.com\/no\/105066\/"},"modified":"2025-12-05T14:23:06","modified_gmt":"2025-12-05T14:23:06","slug":"okonomi-og-naeringsliv-moss-mossehotell-blir-kjopt-opp-moss-avis","status":"publish","type":"post","link":"https:\/\/www.europesays.com\/no\/105066\/","title":{"rendered":"\u00d8konomi og n\u00e6ringsliv, Moss | Mossehotell blir kj\u00f8pt opp &#8211; Moss Avis"},"content":{"rendered":"<ol>\n<li><a href=\"https:\/\/news.google.com\/rss\/articles\/CBMidEFVX3lxTE56QmJQZlk4cHpHd25lNGU0WFpKdy14RFkxTkZ5eU5VUFBZbVBLNjI4VE0yeEdvYk1ldGdqTkZKX2EySE5LRFUxT0ZUTVlfUnJJTThsM3pJR0NoRXhaN0Y2ZHR4SkVOdFp1VzI2OUVqVFZpOFN3?oc=5\" target=\"_blank\" rel=\"nofollow noopener\">\u00d8konomi og n\u00e6ringsliv, Moss | Mossehotell blir kj\u00f8pt opp<\/a>&nbsp;&nbsp;Moss Avis<\/li>\n<li><a href=\"https:\/\/news.google.com\/rss\/articles\/CBMidEFVX3lxTE5nZ1F4NTlxVGNsUFZhaERpemRyaGJJRWIwcTUzR3ItMjVfS3c2OXBEWFlqR0NPcVNHeEVQWGx1WWx2NHV3bGp1UFU4dUdzN0JTVTVWdmtGTUotd0NROTNLQ1RiSW95bDk2UjVKVlBUeGpKMy1R?oc=5\" target=\"_blank\" rel=\"nofollow noopener\">Eier av Farris Bad kj\u00f8per hotell for 550 millioner<\/a>&nbsp;&nbsp;EiendomsWatch<\/li>\n<li><a href=\"https:\/\/news.google.com\/rss\/articles\/CBMi2gFBVV95cUxORUhBVDBGSTJ1VzVVdG55Zkp5bTdPeGFxWXZWbW1xdVp4WjBxcE1JQ25vci10ejBsWHliSVlKalVtWk5CUF9RelBvcDhVZ3VSN0dyYm1CdVp1dWhSZG94WFVDcnlWWU9SSHBzN2xqR0Y2ZVRmeUc2SUQxOThwelRpNWRuMThZTm1iRnBRaFVFQUVxQlEtS1o1S3F2dkJpcl9qbkozY3hVUTAzZkU4WFV2MEFyeHhLZ0t2MXQ2TVRhOUNFYXlQbUtLWmZHazByY29VRlRIY1BYRm5OUQ?oc=5\" target=\"_blank\" rel=\"nofollow noopener\">(+) Kj\u00f8pte Hotel Riviera: \u2013 Hvis vi ble rike nok, ville vi kj\u00f8pe det<\/a>&nbsp;&nbsp;Estate Nyheter<\/li>\n<li><a href=\"https:\/\/news.google.com\/rss\/articles\/CBMiyAFBVV95cUxOaWZFZk5tNHF3aXZfdnpXU0lCOXdkNHl5cWNiaktza2k1WU9vcVJvSFFyc1VlNkdrOGlyS0FwODVUcUQzREdOME9jemtnaEZkYTV1WjNIVzFvT0hWLXNpdWJOUTBheWZJVWYtTTQ2WTBJU1JyRXhyS0gyWXBuMFBVb1ktTEVJMnkxOXcxUjdibGZ0ZW1sNUVqQ2ROQ1k1UWtJOVh6c1RrS0xTUTVqdnAyUXotcFo0elNLdWtJUXFTdTVaT1NoeXJrNw?oc=5\" target=\"_blank\" rel=\"nofollow noopener\">(+) Avslutter rekord\u00e5r med \u00e5 kj\u00f8pe Riviera for 550 millioner<\/a>&nbsp;&nbsp;Hotellmagasinet<\/li>\n<li><a href=\"https:\/\/news.google.com\/rss\/articles\/CBMiywFBVV95cUxNM1JhS2pTb05kYXZUZW9oMUoxWFdycWpvekRCb2xoRl90QUFxUzlCQXRFRG0yMGYwNjBUaHlxRUI5UUNXeEVYNUtYMkROZkhoblgwZ2l1VUF4TTZiYVJMdmE1b1AzbW9kMkNoZzRneS1zNUpma3dsUHkzWnRiRU5VMklzUUZBRC1HcEtOdk9zSmEtZDQ5Um91TzM1SkJ0bm0yWlJ1NVZwZm9IdTA5NWdLbEx5TGF3a0Y0UDR1N1BldGREZFFFMVoyUE1LQQ?oc=5\" target=\"_blank\" rel=\"nofollow noopener\">Hotel Riviera i Moss sto ferdig i 2023: \u2013 Ville ikke v\u00e6rt bygget i dag<\/a>&nbsp;&nbsp;Finansavisen<\/li>\n<\/ol>\n","protected":false},"excerpt":{"rendered":"\u00d8konomi og n\u00e6ringsliv, Moss | Mossehotell blir kj\u00f8pt opp&nbsp;&nbsp;Moss Avis Eier av Farris Bad kj\u00f8per hotell for 550&hellip;\n","protected":false},"author":2,"featured_media":105067,"comment_status":"","ping_status":"","sticky":false,"template":"","format":"standard","meta":{"footnotes":""},"categories":[56],"tags":[60,61,62,30,28,29],"class_list":{"0":"post-105066","1":"post","2":"type-post","3":"status-publish","4":"format-standard","5":"has-post-thumbnail","7":"category-naeringsliv","8":"tag-business","9":"tag-economy","10":"tag-naeringsliv","11":"tag-no","12":"tag-norge","13":"tag-norway"},"share_on_mastodon":{"url":"https:\/\/pubeurope.com\/@no\/115667416071847846","error":""},"_links":{"self":[{"href":"https:\/\/www.europesays.com\/no\/wp-json\/wp\/v2\/posts\/105066","targetHints":{"allow":["GET"]}}],"collection":[{"href":"https:\/\/www.europesays.com\/no\/wp-json\/wp\/v2\/posts"}],"about":[{"href":"https:\/\/www.europesays.com\/no\/wp-json\/wp\/v2\/types\/post"}],"author":[{"embeddable":true,"href":"https:\/\/www.europesays.com\/no\/wp-json\/wp\/v2\/users\/2"}],"replies":[{"embeddable":true,"href":"https:\/\/www.europesays.com\/no\/wp-json\/wp\/v2\/comments?post=105066"}],"version-history":[{"count":0,"href":"https:\/\/www.europesays.com\/no\/wp-json\/wp\/v2\/posts\/105066\/revisions"}],"wp:featuredmedia":[{"embeddable":true,"href":"https:\/\/www.europesays.com\/no\/wp-json\/wp\/v2\/media\/105067"}],"wp:attachment":[{"href":"https:\/\/www.europesays.com\/no\/wp-json\/wp\/v2\/media?parent=105066"}],"wp:term":[{"taxonomy":"category","embeddable":true,"href":"https:\/\/www.europesays.com\/no\/wp-json\/wp\/v2\/categories?post=105066"},{"taxonomy":"post_tag","embeddable":true,"href":"https:\/\/www.europesays.com\/no\/wp-json\/wp\/v2\/tags?post=105066"}],"curies":[{"name":"wp","href":"https:\/\/api.w.org\/{rel}","templated":true}]}}