{"id":105070,"date":"2025-12-05T14:27:10","date_gmt":"2025-12-05T14:27:10","guid":{"rendered":"https:\/\/www.europesays.com\/no\/105070\/"},"modified":"2025-12-05T14:27:10","modified_gmt":"2025-12-05T14:27:10","slug":"svensk-langrennsstjerne-snur-om-ol-boikott-gar-tilbake-pa-egne-uttalelser","status":"publish","type":"post","link":"https:\/\/www.europesays.com\/no\/105070\/","title":{"rendered":"Svensk langrennsstjerne snur om OL-boikott \u2013 g\u00e5r tilbake p\u00e5 egne uttalelser"},"content":{"rendered":"\n<p class=\"_lead_o9xde_2 _lead_xtcu6_50 layout-component text-serif-m layout-normal text-serif-l layout-component layout-wide layout-padded _wide_17hqh_1 layout-padded\">Den svenske langrennsstjernen Linn Svahn avviser n\u00e5 at det blir aktuelt \u00e5 boikotte vinterens OL i Italia som f\u00f8lge av at russiske l\u00f8pere deltar.<\/p>\n<p><img alt=\"Svenske Linn Svahn p\u00e5 trening f\u00f8r world cup-konkurransene i Gran\u00e5sen.  Foto: Geir Olsen \/ NTB\" class=\"_image_qp4xg_65 layout-component layout-wide\" data-fullscreen- data-track-element-type=\"Article image fullscreen\" data-track-name=\"ImageFullscreen\" fetchpriority=\"high\" decoding=\"sync\" loading=\"eager\" height=\"3664\" itemprop=\"image\"  src=\"https:\/\/www.europesays.com\/no\/wp-content\/uploads\/2025\/12\/b2331cb6-4a61-4286-9992-c5f7f9df198a\"  style=\"object-position:0% 0%\" width=\"5504\"\/>Svenske Linn Svahn p\u00e5 trening f\u00f8r world cup-konkurransene i Gran\u00e5sen.  Foto: Geir Olsen \/ NTB<\/p>\n<ul aria-hidden=\"true\" class=\"_images_ntbth_112\">\n<li><a class=\"_link_ntbth_117\" href=\"https:\/\/www.vg.no\/forfatter\/ntb\" style=\"z-index:1\" title=\"NTB\" rel=\"nofollow noopener\" target=\"_blank\"><img alt=\"Bilde av NTB\" class=\"_image_ntbth_93\" fetchpriority=\"low\" loading=\"lazy\" decoding=\"async\" itemprop=\"image\"  src=\"https:\/\/www.europesays.com\/no\/wp-content\/uploads\/2025\/12\/1764944830_709_c33980b0-5d07-4027-84a1-813f90a7c8d6\"  width=\"480\"\/><\/a><\/li>\n<\/ul>\n<p> Oppdatert fredag 5. desember kl. 15:02     <\/p>\n<p class=\"_paragraph_o9xde_4 _paragraph_xtcu6_10 layout-component text-serif-m layout-normal text-serif-m layout-padded\">Svahn har tidligere mer enn antydet at hun ikke ville stille dersom russiske og belarusiske l\u00f8pere tas inn i varmen igjen f\u00f8r vinterlekene i Milano og Torino.<\/p>\n<p class=\"_paragraph_o9xde_4 _paragraph_xtcu6_10 layout-component text-serif-m layout-normal text-serif-m layout-padded\">Tidligere denne uken kom beskjeden om Det internasjonale skiforbundet (FIS) n\u00e5 skal \u00e5pne d\u00f8ren for l\u00f8perne fra Russland og Belarus. Beslutningen kom som et resultat av at Idrettens voldgiftsrett tok en anke fra de to aktuelle nasjonene til f\u00f8lge.<\/p>\n<p class=\"_paragraph_o9xde_4 _paragraph_xtcu6_10 layout-component text-serif-m layout-normal text-serif-m layout-padded\">Etter fredagens sprint i Gran\u00e5sen fikk Svahn sp\u00f8rsm\u00e5l om hun st\u00e5r ved egne uttalelser om boikott.<\/p>\n<p class=\"_paragraph_o9xde_4 _paragraph_xtcu6_10 layout-component text-serif-m layout-normal text-serif-m layout-padded\">\u2013 N\u00e5 er avgj\u00f8relsen tatt av CAS, og jeg skal bare gj\u00f8re mitt for \u00e5 bli god i OL, sa langrennsstjernen til Viaplay.<\/p>\n<p class=\"_paragraph_o9xde_4 _paragraph_xtcu6_10 layout-component text-serif-m layout-normal text-serif-m layout-padded\">Det var i et intervju med Expressen i oktober at Svahn lanserte boikottplanene sine. P\u00e5 sp\u00f8rsm\u00e5l om hvordan hun stilte seg til \u00e5 konkurrere med russere i OL, l\u00f8d svaret:<\/p>\n<p class=\"_paragraph_o9xde_4 _paragraph_xtcu6_10 layout-component text-serif-m layout-normal text-serif-m layout-padded\">\u2013 Hvis du sp\u00f8r meg her og n\u00e5, er svaret at jeg ikke vil konkurrere, l\u00f8d svaret.<\/p>\n<p class=\"_paragraph_o9xde_4 _paragraph_xtcu6_10 layout-component text-serif-m layout-normal text-serif-m layout-padded\">Hun la samtidig til at hun kanskje ville tenke annerledes om saken p\u00e5 et senere tidspunkt.<\/p>\n<p class=\"_paragraph_o9xde_4 _paragraph_xtcu6_10 layout-component text-serif-m layout-normal text-serif-m layout-padded\">\u2013 Jeg vet ikke hvordan jeg vil f\u00f8le det hvis jeg st\u00e5r der p\u00e5 startstreken i OL og de er der. Jeg er kanskje i god form, og jeg har aldri vunnet en mesterskapsmedalje, sa Svahn \u2013 men la til:<\/p>\n<p class=\"_paragraph_o9xde_4 _paragraph_xtcu6_10 layout-component text-serif-m layout-normal text-serif-m layout-padded\">\u2013 Men jeg kan bare h\u00e5pe at jeg har nok ryggrad i den situasjonen. For det siste jeg vil er \u00e5 miste ryggraden i en sak som dette \u2013 noen ting er st\u00f8rre enn sport.<\/p>\n<p class=\"_paragraph_o9xde_4 _paragraph_xtcu6_10 layout-component text-serif-m layout-normal text-serif-m layout-padded\">Flere norske stjerner, blant dem Tiril Udnes Weng, har hyllet Svahn tanker.<\/p>\n","protected":false},"excerpt":{"rendered":"Den svenske langrennsstjernen Linn Svahn avviser n\u00e5 at det blir aktuelt \u00e5 boikotte vinterens OL i Italia som&hellip;\n","protected":false},"author":2,"featured_media":105071,"comment_status":"","ping_status":"","sticky":false,"template":"","format":"standard","meta":{"footnotes":""},"categories":[59],"tags":[398,796,30,28,29,83,82],"class_list":{"0":"post-105070","1":"post","2":"type-post","3":"status-publish","4":"format-standard","5":"has-post-thumbnail","7":"category-sport","8":"tag-langrenn","9":"tag-linn-svahn","10":"tag-no","11":"tag-norge","12":"tag-norway","13":"tag-sport","14":"tag-sports"},"share_on_mastodon":{"url":"https:\/\/pubeurope.com\/@no\/115667432438955149","error":""},"_links":{"self":[{"href":"https:\/\/www.europesays.com\/no\/wp-json\/wp\/v2\/posts\/105070","targetHints":{"allow":["GET"]}}],"collection":[{"href":"https:\/\/www.europesays.com\/no\/wp-json\/wp\/v2\/posts"}],"about":[{"href":"https:\/\/www.europesays.com\/no\/wp-json\/wp\/v2\/types\/post"}],"author":[{"embeddable":true,"href":"https:\/\/www.europesays.com\/no\/wp-json\/wp\/v2\/users\/2"}],"replies":[{"embeddable":true,"href":"https:\/\/www.europesays.com\/no\/wp-json\/wp\/v2\/comments?post=105070"}],"version-history":[{"count":0,"href":"https:\/\/www.europesays.com\/no\/wp-json\/wp\/v2\/posts\/105070\/revisions"}],"wp:featuredmedia":[{"embeddable":true,"href":"https:\/\/www.europesays.com\/no\/wp-json\/wp\/v2\/media\/105071"}],"wp:attachment":[{"href":"https:\/\/www.europesays.com\/no\/wp-json\/wp\/v2\/media?parent=105070"}],"wp:term":[{"taxonomy":"category","embeddable":true,"href":"https:\/\/www.europesays.com\/no\/wp-json\/wp\/v2\/categories?post=105070"},{"taxonomy":"post_tag","embeddable":true,"href":"https:\/\/www.europesays.com\/no\/wp-json\/wp\/v2\/tags?post=105070"}],"curies":[{"name":"wp","href":"https:\/\/api.w.org\/{rel}","templated":true}]}}