{"id":105103,"date":"2025-12-05T14:59:19","date_gmt":"2025-12-05T14:59:19","guid":{"rendered":"https:\/\/www.europesays.com\/no\/105103\/"},"modified":"2025-12-05T14:59:19","modified_gmt":"2025-12-05T14:59:19","slug":"vil-kjope-langtrekkende-artilleri-nrk-troms-og-finnmark","status":"publish","type":"post","link":"https:\/\/www.europesays.com\/no\/105103\/","title":{"rendered":"Vil kj\u00f8pe langtrekkende artilleri \u2013 NRK Troms og Finnmark"},"content":{"rendered":"<p>Regjeringa la fredag fram forslag til nye investeringer for Forsvaret.<\/p>\n<p>Investeringene har en prislapp p\u00e5 19 milliarder kroner.<\/p>\n<p>De vil blant annet kj\u00f8pe inn langtrekkende artilleri, noe som er i <a href=\"https:\/\/www.nrk.no\/norge\/enighet-om-en-ny-lang-tidsplan-for-forsvaret-1.16911438\" ec-id=\"pp:article:1.16911438\" ec-name=\"tr\u00e5d med Forsvarets langtidsplan\" rel=\"nofollow noopener\" target=\"_blank\">tr\u00e5d med Forsvarets langtidsplan<\/a>.<\/p>\n<p>    <img decoding=\"async\" class=\"dh-video-videoLoop__fallbackImage\" src=\"https:\/\/www.europesays.com\/no\/wp-content\/uploads\/2025\/12\/090fa677-6b26-4dbb-8fa6-776b267dbbf4_360.jpg\" alt=\"\"\/><video preload=\"none\" muted=\"\" poster=\"https:\/\/www.europesays.com\/no\/wp-content\/uploads\/2025\/12\/090fa677-6b26-4dbb-8fa6-776b267dbbf4_360.jpg\" style=\"--poster:url(https:\/\/www.europesays.com\/no\/wp-content\/uploads\/2025\/12\/090fa677-6b26-4dbb-8fa6-776b267dbbf4_360.jpg);\"><\/video><img decoding=\"async\" class=\"dh-video-videoLoop__fallbackImage\" src=\"https:\/\/www.europesays.com\/no\/wp-content\/uploads\/2025\/12\/090fa677-6b26-4dbb-8fa6-776b267dbbf4_720.jpg\" alt=\"\"\/><video preload=\"none\" muted=\"\" poster=\"https:\/\/www.europesays.com\/no\/wp-content\/uploads\/2025\/12\/090fa677-6b26-4dbb-8fa6-776b267dbbf4_720.jpg\" style=\"--poster:url(https:\/\/www.europesays.com\/no\/wp-content\/uploads\/2025\/12\/090fa677-6b26-4dbb-8fa6-776b267dbbf4_720.jpg);\"><\/video><img decoding=\"async\" class=\"dh-video-videoLoop__fallbackImage\" src=\"https:\/\/www.europesays.com\/no\/wp-content\/uploads\/2025\/12\/090fa677-6b26-4dbb-8fa6-776b267dbbf4_1080.jpg\" alt=\"\"\/><video preload=\"none\" muted=\"\" poster=\"https:\/\/www.europesays.com\/no\/wp-content\/uploads\/2025\/12\/090fa677-6b26-4dbb-8fa6-776b267dbbf4_1080.jpg\" style=\"--poster:url(https:\/\/www.europesays.com\/no\/wp-content\/uploads\/2025\/12\/090fa677-6b26-4dbb-8fa6-776b267dbbf4_1080.jpg);\"><\/video><\/p>\n<p>Her testes den typen langtrekkende artilleri-system som Norge skal anskaffe. Men det er ikke beslutta hvilken system de g\u00e5r for.<\/p>\n<p>Foto: Forsvaret<\/p>\n<p>Dagens artilleri har en rekke vidde p\u00e5 40 kilometer. De <a href=\"https:\/\/www.nrk.no\/tromsogfinnmark\/norges-nye-artilleri-mangler-reservedeler--1.17152444\" ec-id=\"pp:article:1.17152444\" ec-name=\"mangler ogs\u00e5 reservedeler\" rel=\"nofollow noopener\" target=\"_blank\">mangler ogs\u00e5 reservedeler<\/a>.<\/p>\n<p><strong>De nye kan avfyre missiler og treffe m\u00e5l med en rekkevidde p\u00e5 500 kilometer.<\/strong><\/p>\n<p><strong>Raketten vil ha en rekkevidde som gj\u00f8r at de fra Bardufoss kan n\u00e5 helt til den russiske grensa.<\/strong><\/p>\n<p>\u2212 Langtrekkende presisjonsild vil styrke forsvarsevnen. Den nye kapasiteten i H\u00e6ren som skal gj\u00f8re det mulig \u00e5 treffe m\u00e5l p\u00e5 avstander opp mot 500 kilometer, med h\u00f8y presisjon. V\u00e5penet kan ramme langt inn p\u00e5 motstanderens territorium \u2013 om det skal bli n\u00f8dvendig. Derfor er det klokt \u00e5 prioritere denne anskaffelsen.<\/p>\n<p>Det sier forsvarsminister Tore O. Sandvik (Ap) i ei pressemelding.<\/p>\n<p><img decoding=\"async\"   src=\"data:image\/gif;base64,R0lGODlhAQABAIAAAAAAAP\/\/\/yH5BAEAAAAALAAAAAABAAEAAAIBRAA7\" loading=\"eager\" alt=\"en mann i dress og slips med en kvinne i milit\u00e6runiform\" title=\"Foto: Malin Straumsnes \/ NRK\"\/><\/p>\n<p class=\"\">Forsvarsminister Tore O. Sandvik (Ap). Bildet ble tatt i Setermoen leir tidligere i \u00e5r.<\/p>\n<p>Foto: Malin Straumsnes \/ NRK<\/p>\n<p>\u2013 Klokt \u00e5 prioritere<\/p>\n<p>\u2013 Hva tror du v\u00e5r russiske nabo tenker om det som er lagt fram i dag?<\/p>\n<p><strong>\u2013 Vi h\u00e5per det skal virke avskrekkende. Selv om Putin mister tusen soldater hver dag p\u00e5 slagmarka i Ukraina, investerer han fortsatt massivt i det som finnes p\u00e5 Kolahalv\u00f8ya. De st\u00f8rste atomv\u00e5pen samla. Vi svarer p\u00e5 opprustninga i Nordfl\u00e5ten, sier Sandberg.<\/strong><\/p>\n<p>Milliardanskaffelsen inkluderer utskytningsenheter og missile. I tillegg inng\u00e5r ogs\u00e5 integrert logistikkst\u00f8tte, utdanningsmateriell og st\u00f8ttesystemer.<\/p>\n<p>Artilleri har forsvarssjef Eirik Kristoffersen <a href=\"https:\/\/www.nrk.no\/tromsogfinnmark\/sjefen-i-haeren-forventer-at-artilleribataljonen-i-finnmarksbrigaden-pa-plass-i-2028-1.17576633\" ec-id=\"pp:article:1.17576633\" ec-name=\"lenge hatt p\u00e5 \u00f8nskelista si\" rel=\"nofollow noopener\" target=\"_blank\">lenge hatt p\u00e5 \u00f8nskelista si<\/a>.<\/p>\n<p><img decoding=\"async\"   src=\"data:image\/gif;base64,R0lGODlhAQABAIAAAAAAAP\/\/\/yH5BAEAAAAALAAAAAABAAEAAAIBRAA7\" loading=\"eager\" alt=\"et landskap med et vannomr\u00e5de og et t\u00e5rn i det fjerne (Bildebeskrivelsen er laget av en KI-tjeneste)\" title=\"Foto: Ole-Sverre Haugli \/ Forsvaret\"\/><\/p>\n<p class=\"\">Norwegian Manouver Air Defence \u00abNOMAD\u00bb er H\u00e6rens kampluftvernsystem og tilh\u00f8rer Kampluftvernbatteriet i Artilleribataljonen, Brigade Nord.<\/p>\n<p>Foto: Ole-Sverre Haugli \/ Forsvaret<\/p>\n<p>H\u00e6rsjef Lars Sivert Lervik sier anskaffelsen blir en av de st\u00f8rste noensinne i den norske H\u00e6ren.<\/p>\n<p>\u2013 Dette vil gi oss en \u00f8kt evne til \u00e5 forsvare Norge. Det gir oss \u00f8kt evne til \u00e5 avskrekke, og ogs\u00e5 bite fra oss hvis vi m\u00e5 det.<\/p>\n<p>Han sier at forskjellen p\u00e5 det nye artilleriet fra det Forsvaret har i dag, er betydelig.<\/p>\n<p>\u2013 Det betyr at komme bort fra situasjonen vi har n\u00e5, hvor vi st\u00e5r og ikke kan svare p\u00e5 ild mot oss.<\/p>\n<p><strong>\u2013 N\u00e5 vil vi kunne svare p\u00e5 det vi kan bli utsatt for. Det har krigen i Ukraina vist oss viktigheten av, sier Lervik.<\/strong><\/p>\n<p>Investeringene ble lagt fram for Kongen i statsr\u00e5d fredag. Det er ikke avgjort hvem Norge vil kj\u00f8pe artilleriet fra.<\/p>\n<p><img decoding=\"async\"   src=\"data:image\/gif;base64,R0lGODlhAQABAIAAAAAAAP\/\/\/yH5BAEAAAAALAAAAAABAAEAAAIBRAA7\" loading=\"eager\" alt=\"Lars Sivert Lervik Sjef H\u00e6ren, Generalmajor\" title=\"Foto: NRK\"\/><\/p>\n<p class=\"\">H\u00e6rsjef Lars Sivert Lervik. Bildet er tatt i en annen anledning.<\/p>\n<p>Foto: NRK<\/p>\n<p>Ny bataljon i Indre Troms<\/p>\n<p>Det nye artilleriet blir en helt ny kapasitet i H\u00e6ren.<\/p>\n<p>Det vil bli oppretta en ny bataljon som skal jobbe med det.<\/p>\n<p>Den skal plasseres i Indre Troms.<\/p>\n<p>\u2013 Det er flere som b\u00e5de skal tjenestegj\u00f8re og bli ansatt i Forsvaret i \u00e5rene framover. Det planlegges n\u00e5 for en rakettartilleribataljon, som skal etableres i Indre Troms. Forsvarssjefen skal ganske snarlig komme med sin anbefaling p\u00e5 innretning og plassering p\u00e5 den.<\/p>\n<p><img decoding=\"async\"   src=\"data:image\/gif;base64,R0lGODlhAQABAIAAAAAAAP\/\/\/yH5BAEAAAAALAAAAAABAAEAAAIBRAA7\" loading=\"eager\" alt=\"En mann i dress st\u00e5r i et rom med detaljerte vegger og b\u00f8lgende tak. I bakgrunnen er det malerier og skulpturer. Mannen har mikrofonclip og ser mot kameraet. Rommet har treverk og marmor som gir det et formelt preg. (Bildebeskrivelsen er laget av en KI-tjeneste)\" title=\"Foto: P\u00e5l Hansen \/ NRK\"\/><\/p>\n<p class=\"\">Stortingspolitiker fra Troms, Nils Ole Foshaug (Ap), bekrefter at det skal opprettes en ny rakettartilleribataljon.<\/p>\n<p>Foto: P\u00e5l Hansen \/ NRK<\/p>\n<p>Det sier stortingspolitiker fra Troms, Nils Ole Foshaug. Han er ogs\u00e5 Aps forsvarspolitiske talsperson p\u00e5 Stortinget.<\/p>\n<p>I dag befinner artilleribataljonen i Setermoen leir. Det er ikke avklart om den nye bataljonen skal inn i samme leir, eller i en av de to som holder til i nabokommunen M\u00e5lselv.<\/p>\n<p>H\u00e6rsjefen vet hvor han \u00f8nsker \u00e5 plassere bataljonen.<\/p>\n<p><strong>\u2013 Vi planlegger \u00e5 ha det utplassert p\u00e5 Bardufoss. Dette er mobilt. S\u00e5 det kan brukes b\u00e5de i \u00f8st og vest, og nord og s\u00f8r, avhengig av behovet, sier Lervik.<\/strong><\/p>\n<p><img decoding=\"async\"   src=\"data:image\/gif;base64,R0lGODlhAQABAIAAAAAAAP\/\/\/yH5BAEAAAAALAAAAAABAAEAAAIBRAA7\" loading=\"eager\" alt=\"En gruppe soldater som jobber med helikopter (Bildebeskrivelsen er laget av en KI-tjeneste)\" title=\"Foto: Maiken Dignes \/ Forsvaret\"\/><\/p>\n<p class=\"\">Luftvernbataljonen Evenes ved 133 Luftving lader NASAMS (Norwegian Advanced Surface-to-Air Missile System) med missiler under \u00f8velsen Formidable Shield.<\/p>\n<p>Foto: Maiken Dignes \/ Forsvaret<\/p>\n<p>Nye tyske ub\u00e5ter<\/p>\n<p>Regjeringa vil ogs\u00e5 kj\u00f8pe to nye ub\u00e5ter.<\/p>\n<p>\u2013 Ub\u00e5ter er en viktig strategisk kapasitet i norske havomr\u00e5der. De bidrar til \u00e5 avskrekke mulige motstandere og styrke forsvaret av norske interesser i en urolig tid. Regjeringa vil derfor anskaffe ytterligere to ub\u00e5ter til Forsvaret, sier forsvarsministeren.<\/p>\n<p>Ub\u00e5tene det er snakk om skal overv\u00e5ke Natos nordlige flanke og v\u00e6re en avskrekking fra potensielle angrep i Arktis.<\/p>\n<p>Det er den tyske v\u00e5penprodusenten ThyssenKrupp Marine Systems som er i ferd med bygge seks ub\u00e5ter til Norge og seks til Tysland.<\/p>\n<p><img decoding=\"async\"   src=\"data:image\/gif;base64,R0lGODlhAQABAIAAAAAAAP\/\/\/yH5BAEAAAAALAAAAAABAAEAAAIBRAA7\" loading=\"eager\" alt=\"Sj\u00f8forsvaret med photoex i Altafjorden, i forbindele med \u00f8velsen Joint Viking. \/ During the exercise Joint Viking 2015 in northern Norway\" title=\"Foto: Petter Brenni Gulbrandsen \/ Sj\u00f8forsvaret\"\/><\/p>\n<p class=\"\">Ub\u00e5t p\u00e5 vei inn Altafjorden.<\/p>\n<p>Foto: Petter Brenni Gulbrandsen \/ Sj\u00f8forsvaret<\/p>\n<p>Den f\u00f8rste ub\u00e5ten ventes \u00e5 bli overlevert til Sj\u00f8forsvaret i 2029.<\/p>\n<p>\u2013 Som Natos \u00f8yne og \u00f8rer i nord stiller det st\u00f8rre krav til v\u00e5r evne til \u00e5 vise tilstedev\u00e6relse, overv\u00e5ke og avskrekke i v\u00e5re n\u00e6romr\u00e5der. I den sammenhengen er ub\u00e5ter helt uunnv\u00e6rlig, sier Sandvik.<\/p>\n<p>Med en prislapp p\u00e5 12\u201313 milliarder kroner per ub\u00e5t, er dette er en av mange m\u00e5ter de to landene knytter seg til hverandre p\u00e5.<\/p>\n<p><strong>For \u00e5 kunne utvide ub\u00e5tprosjektet med ytterligere to ub\u00e5ter foresl\u00e5r regjeringa \u00e5 \u00f8ke kostnadsrammen med 46 milliarder kroner.<\/strong><\/p>\n<p>\u2212 N\u00e5 skal Stortinget ta stilling til regjeringas anbefaling. Deretter tar vi sikte p\u00e5 \u00e5 signere kontrakten for de to nye ub\u00e5tene f\u00f8r tilbudsfristen l\u00f8per ut, sier Sandvik.<\/p>\n<p><a href=\"https:\/\/www.tv2.no\/nyheter\/innenriks\/forsvaret-far-flere-ubater-og-langtrekkende-vapen\/18344508\/\" ec-id=\"https:\/\/www.tv2.no\/nyheter\/innenriks\/forsvaret-far-flere-ubater-og-langtrekkende-vapen\/18344508\/\" ec-name=\"TV 2\" rel=\"nofollow noopener\" target=\"_blank\">TV 2<\/a> og <a href=\"https:\/\/www.vg.no\/nyheter\/i\/XMw6mx\/opplysninger-til-vg-regjeringen-kjoeper-ubaater-og-langtrekkende-vaapen\" ec-id=\"https:\/\/www.vg.no\/nyheter\/i\/XMw6mx\/opplysninger-til-vg-regjeringen-kjoeper-ubaater-og-langtrekkende-vaapen\" ec-name=\"VG\" rel=\"nofollow noopener\" target=\"_blank\">VG<\/a> har ogs\u00e5 omtalt saken.<\/p>\n<p>Publisert<\/p>\n<p>05.12.2025, kl. 09.33<\/p>\n<p>Oppdatert<\/p>\n<p>05.12.2025, kl. 15.47<\/p>\n","protected":false},"excerpt":{"rendered":"Regjeringa la fredag fram forslag til nye investeringer for Forsvaret. Investeringene har en prislapp p\u00e5 19 milliarder kroner.&hellip;\n","protected":false},"author":2,"featured_media":105104,"comment_status":"","ping_status":"","sticky":false,"template":"","format":"standard","meta":{"footnotes":""},"categories":[10],"tags":[20,21,24,25,15,22,23,13,30,28,29,14,16,26,27],"class_list":{"0":"post-105103","1":"post","2":"type-post","3":"status-publish","4":"format-standard","5":"has-post-thumbnail","7":"category-norge","8":"tag-breaking-news","9":"tag-breakingnews","10":"tag-featured-news","11":"tag-featurednews","12":"tag-headlines","13":"tag-latest-news","14":"tag-latestnews","15":"tag-news","16":"tag-no","17":"tag-norge","18":"tag-norway","19":"tag-nyheter","20":"tag-overskrifter","21":"tag-top-stories","22":"tag-topstories"},"share_on_mastodon":{"url":"https:\/\/pubeurope.com\/@no\/115667557855146304","error":""},"_links":{"self":[{"href":"https:\/\/www.europesays.com\/no\/wp-json\/wp\/v2\/posts\/105103","targetHints":{"allow":["GET"]}}],"collection":[{"href":"https:\/\/www.europesays.com\/no\/wp-json\/wp\/v2\/posts"}],"about":[{"href":"https:\/\/www.europesays.com\/no\/wp-json\/wp\/v2\/types\/post"}],"author":[{"embeddable":true,"href":"https:\/\/www.europesays.com\/no\/wp-json\/wp\/v2\/users\/2"}],"replies":[{"embeddable":true,"href":"https:\/\/www.europesays.com\/no\/wp-json\/wp\/v2\/comments?post=105103"}],"version-history":[{"count":0,"href":"https:\/\/www.europesays.com\/no\/wp-json\/wp\/v2\/posts\/105103\/revisions"}],"wp:featuredmedia":[{"embeddable":true,"href":"https:\/\/www.europesays.com\/no\/wp-json\/wp\/v2\/media\/105104"}],"wp:attachment":[{"href":"https:\/\/www.europesays.com\/no\/wp-json\/wp\/v2\/media?parent=105103"}],"wp:term":[{"taxonomy":"category","embeddable":true,"href":"https:\/\/www.europesays.com\/no\/wp-json\/wp\/v2\/categories?post=105103"},{"taxonomy":"post_tag","embeddable":true,"href":"https:\/\/www.europesays.com\/no\/wp-json\/wp\/v2\/tags?post=105103"}],"curies":[{"name":"wp","href":"https:\/\/api.w.org\/{rel}","templated":true}]}}