{"id":105109,"date":"2025-12-05T15:05:12","date_gmt":"2025-12-05T15:05:12","guid":{"rendered":"https:\/\/www.europesays.com\/no\/105109\/"},"modified":"2025-12-05T15:05:12","modified_gmt":"2025-12-05T15:05:12","slug":"den-europeiske-sivilisasjonen-er-i-ferd-med-a-bli-utslettet-det-hevder-trump-administrasjonen-i-sin-nye-sikkerhetsstrategi","status":"publish","type":"post","link":"https:\/\/www.europesays.com\/no\/105109\/","title":{"rendered":"Den europeiske sivilisasjonen er i ferd med \u00e5 bli utslettet. Det hevder Trump-administrasjonen i sin nye sikkerhetsstrategi"},"content":{"rendered":"<p class=\"extendedContent hyperion-css-eyn926\" data-test-tag=\"lead-text\">Donald Trump la frem sin plan for verden i natt: Vil dyrke motstand mot innvandringspolitikken i Europa.<\/p>\n<p><img decoding=\"async\" class=\"image-asset hyperion-css-1wf8pkg\" data-test-tag=\"image-asset\" src=\"https:\/\/www.europesays.com\/no\/wp-content\/uploads\/2025\/12\/f291bc6a-52c4-4549-8455-68a9346982d4\"  alt=\"Donald Trump i Det hvite hus tirsdag 2. desember. N\u00e5 mener han at innvandringen er i ferd med \u00e5 endre Europa fullstendig. \"  loading=\"eager\" fetchpriority=\"high\" style=\"aspect-ratio:2048 \/ 1365\"\/>Donald Trump i Det hvite hus tirsdag 2. desember. N\u00e5 mener han at innvandringen er i ferd med \u00e5 endre Europa fullstendig. Foto: Julia Demaree Nikhinson, AP\/NTB<\/p>\n<p>Publisert: 05.12.2025 10:58 |\u00a0Oppdatert: 05.12.2025 15:05<\/p>\n<p class=\"paywall hyperion-css-1j42uic\">Europeisk sivilisasjon kan bli visket ut. Innvandringspolitikken endrer hele kontinentet. F\u00f8dselsratene faller. Nasjonal identitet og selvtillit g\u00e5r tapt.<\/p>\n<p class=\"paywall hyperion-css-1j42uic\">Alt dette gj\u00f8r at Europa kan v\u00e6re ugjenkjennelig om bare 20 \u00e5r. <\/p>\n<p class=\"hyperion-css-1qm9e9t\">Les hele saken med abonnement<\/p>\n<p>Allerede abonnent? Logg inn<\/p>\n","protected":false},"excerpt":{"rendered":"Donald Trump la frem sin plan for verden i natt: Vil dyrke motstand mot innvandringspolitikken i Europa. Donald&hellip;\n","protected":false},"author":2,"featured_media":105110,"comment_status":"","ping_status":"","sticky":false,"template":"","format":"standard","meta":{"footnotes":""},"categories":[12],"tags":[20,21,24,25,15,22,23,13,30,28,29,14,16,26,27,42,43,44,45],"class_list":{"0":"post-105109","1":"post","2":"type-post","3":"status-publish","4":"format-standard","5":"has-post-thumbnail","7":"category-verden","8":"tag-breaking-news","9":"tag-breakingnews","10":"tag-featured-news","11":"tag-featurednews","12":"tag-headlines","13":"tag-latest-news","14":"tag-latestnews","15":"tag-news","16":"tag-no","17":"tag-norge","18":"tag-norway","19":"tag-nyheter","20":"tag-overskrifter","21":"tag-top-stories","22":"tag-topstories","23":"tag-verden","24":"tag-world","25":"tag-world-news","26":"tag-worldnews"},"share_on_mastodon":{"url":"https:\/\/pubeurope.com\/@no\/115667581575306701","error":""},"_links":{"self":[{"href":"https:\/\/www.europesays.com\/no\/wp-json\/wp\/v2\/posts\/105109","targetHints":{"allow":["GET"]}}],"collection":[{"href":"https:\/\/www.europesays.com\/no\/wp-json\/wp\/v2\/posts"}],"about":[{"href":"https:\/\/www.europesays.com\/no\/wp-json\/wp\/v2\/types\/post"}],"author":[{"embeddable":true,"href":"https:\/\/www.europesays.com\/no\/wp-json\/wp\/v2\/users\/2"}],"replies":[{"embeddable":true,"href":"https:\/\/www.europesays.com\/no\/wp-json\/wp\/v2\/comments?post=105109"}],"version-history":[{"count":0,"href":"https:\/\/www.europesays.com\/no\/wp-json\/wp\/v2\/posts\/105109\/revisions"}],"wp:featuredmedia":[{"embeddable":true,"href":"https:\/\/www.europesays.com\/no\/wp-json\/wp\/v2\/media\/105110"}],"wp:attachment":[{"href":"https:\/\/www.europesays.com\/no\/wp-json\/wp\/v2\/media?parent=105109"}],"wp:term":[{"taxonomy":"category","embeddable":true,"href":"https:\/\/www.europesays.com\/no\/wp-json\/wp\/v2\/categories?post=105109"},{"taxonomy":"post_tag","embeddable":true,"href":"https:\/\/www.europesays.com\/no\/wp-json\/wp\/v2\/tags?post=105109"}],"curies":[{"name":"wp","href":"https:\/\/api.w.org\/{rel}","templated":true}]}}